{"id":78044,"date":"2023-12-12T16:50:42","date_gmt":"2023-12-12T19:50:42","guid":{"rendered":"https:\/\/blogdoeloiltoncajuhy.com.br\/site\/?p=78044"},"modified":"2023-12-12T16:50:44","modified_gmt":"2023-12-12T19:50:44","slug":"bonfim-associacao-dos-agentes-de-endemias-convoca-assembleia-geral-extraordinaria","status":"publish","type":"post","link":"https:\/\/blogdoeloiltoncajuhy.com.br\/site\/bonfim-associacao-dos-agentes-de-endemias-convoca-assembleia-geral-extraordinaria\/","title":{"rendered":"Bonfim: Associa\u00e7\u00e3o dos agentes de endemias convoca assembleia geral extraordin\u00e1ria"},"content":{"rendered":"\n<p><strong>Blog do Eloilton Cajuhy<\/strong><\/p>\n\n\n\n<figure class=\"wp-block-image aligncenter size-full\"><a href=\"https:\/\/i0.wp.com\/blogdoeloiltoncajuhy.com.br\/site\/wp-content\/uploads\/2018\/05\/aace_abr2018-01.jpg\"><img data-recalc-dims=\"1\" fetchpriority=\"high\" decoding=\"async\" width=\"460\" height=\"345\" src=\"https:\/\/i0.wp.com\/blogdoeloiltoncajuhy.com.br\/site\/wp-content\/uploads\/2018\/05\/aace_abr2018-01.jpg?resize=460%2C345\" alt=\"\" class=\"wp-image-24916\" srcset=\"https:\/\/i0.wp.com\/blogdoeloiltoncajuhy.com.br\/site\/wp-content\/uploads\/2018\/05\/aace_abr2018-01.jpg?w=460&amp;ssl=1 460w, https:\/\/i0.wp.com\/blogdoeloiltoncajuhy.com.br\/site\/wp-content\/uploads\/2018\/05\/aace_abr2018-01.jpg?resize=300%2C225&amp;ssl=1 300w, https:\/\/i0.wp.com\/blogdoeloiltoncajuhy.com.br\/site\/wp-content\/uploads\/2018\/05\/aace_abr2018-01.jpg?resize=250%2C188&amp;ssl=1 250w\" sizes=\"(max-width: 460px) 100vw, 460px\" \/><\/a><figcaption class=\"wp-element-caption\"><sub>Divulga\u00e7\u00e3o<\/sub><\/figcaption><\/figure>\n\n\n\n<p>A Associa\u00e7\u00e3o dos Agentes de Combate as Endemias de Senhor do Bonfim (AACE-SB) est\u00e1 convocando todos os seus associados para uma Assembleia Geral Extraordin\u00e1ria que ser\u00e1 realizada na pr\u00f3xima sexta-feira (15), no audit\u00f3rio da Associa\u00e7\u00e3o dos Aposentados, na Pra\u00e7a do Campo do Gado, a partir das 9h.<\/p>\n\n\n\n<p><strong><mark style=\"background-color:rgba(0, 0, 0, 0)\" class=\"has-inline-color has-black-color\">A referida assembleia ter\u00e1 a seguinte pauta:<\/mark><\/strong><\/p>\n\n\n\n<ul class=\"wp-block-list\">\n<li>Planejamento e orienta\u00e7\u00e3o sobre o uso do novo larvicida BTI e os riscos de intoxica\u00e7\u00e3o;<\/li>\n\n\n\n<li>Solicita\u00e7\u00f5es e respostas em rela\u00e7\u00e3o ao indispens\u00e1vel uso de EPIs apropriados;<\/li>\n\n\n\n<li>Fardamento de identifica\u00e7\u00e3o durante as atividades;<\/li>\n\n\n\n<li>Processo de Progress\u00f5es dos Agentes de Endemias garantidos ap\u00f3s est\u00e1gio probat\u00f3rio;<\/li>\n\n\n\n<li>Adicional Extra da Uni\u00e3o J\u00e1 repassado aos cofres do munic\u00edpio;<\/li>\n\n\n\n<li>Reajuste do Piso Salarial Nacional 2023\/2024;<\/li>\n\n\n\n<li>Diss\u00eddio coletivo anual 2023\/2024;<\/li>\n\n\n\n<li>Confraterniza\u00e7\u00e3o de final de ano.<\/li>\n<\/ul>\n\n\n\n<p><\/p>\n\n\n\n<p>A dire\u00e7\u00e3o ressalta que todos os associados devem comparecer respeitando as orienta\u00e7\u00f5es de seguran\u00e7a sobre os riscos de transmiss\u00e3o da covid 19, e utilizando seus respectivos equipamentos de prote\u00e7\u00e3o individual.<\/p>\n\n\n\n<p>A assembleia dos agentes de combate as endemias de Senhor do Bonfim \u00e9 assinada pelo presidente da associa\u00e7\u00e3o, Marlon Queiton Ara\u00fajo Reis.<\/p>\n","protected":false},"excerpt":{"rendered":"<p>Blog do Eloilton Cajuhy A Associa\u00e7\u00e3o dos Agentes de Combate as Endemias de Senhor do Bonfim (AACE-SB) est\u00e1 convocando todos os seus associados para uma Assembleia Geral Extraordin\u00e1ria que ser\u00e1 realizada na pr\u00f3xima sexta-feira (15), no audit\u00f3rio da Associa\u00e7\u00e3o dos Aposentados, na Pra\u00e7a do Campo do Gado, a partir das 9h. A referida assembleia ter\u00e1 [&hellip;]<\/p>\n","protected":false},"author":2,"featured_media":53770,"comment_status":"open","ping_status":"open","sticky":false,"template":"","format":"standard","meta":{"_acf_changed":false,"_monsterinsights_skip_tracking":false,"_monsterinsights_sitenote_active":false,"_monsterinsights_sitenote_note":"","_monsterinsights_sitenote_category":0,"_jetpack_memberships_contains_paid_content":false,"footnotes":"","jetpack_publicize_message":"","jetpack_publicize_feature_enabled":true,"jetpack_social_post_already_shared":true,"jetpack_social_options":{"image_generator_settings":{"template":"highway","default_image_id":0,"font":"","enabled":false},"version":2}},"categories":[4],"tags":[],"class_list":["post-78044","post","type-post","status-publish","format-standard","has-post-thumbnail","hentry","category-local"],"acf":[],"jetpack_publicize_connections":[],"jetpack_featured_media_url":"https:\/\/i0.wp.com\/blogdoeloiltoncajuhy.com.br\/site\/wp-content\/uploads\/2021\/02\/AgentesEndemias-2021-02-10.jpeg?fit=720%2C405&ssl=1","jetpack_sharing_enabled":true,"publishpress_future_workflow_manual_trigger":{"enabledWorkflows":[]},"_links":{"self":[{"href":"https:\/\/blogdoeloiltoncajuhy.com.br\/site\/wp-json\/wp\/v2\/posts\/78044","targetHints":{"allow":["GET"]}}],"collection":[{"href":"https:\/\/blogdoeloiltoncajuhy.com.br\/site\/wp-json\/wp\/v2\/posts"}],"about":[{"href":"https:\/\/blogdoeloiltoncajuhy.com.br\/site\/wp-json\/wp\/v2\/types\/post"}],"author":[{"embeddable":true,"href":"https:\/\/blogdoeloiltoncajuhy.com.br\/site\/wp-json\/wp\/v2\/users\/2"}],"replies":[{"embeddable":true,"href":"https:\/\/blogdoeloiltoncajuhy.com.br\/site\/wp-json\/wp\/v2\/comments?post=78044"}],"version-history":[{"count":1,"href":"https:\/\/blogdoeloiltoncajuhy.com.br\/site\/wp-json\/wp\/v2\/posts\/78044\/revisions"}],"predecessor-version":[{"id":78045,"href":"https:\/\/blogdoeloiltoncajuhy.com.br\/site\/wp-json\/wp\/v2\/posts\/78044\/revisions\/78045"}],"wp:featuredmedia":[{"embeddable":true,"href":"https:\/\/blogdoeloiltoncajuhy.com.br\/site\/wp-json\/wp\/v2\/media\/53770"}],"wp:attachment":[{"href":"https:\/\/blogdoeloiltoncajuhy.com.br\/site\/wp-json\/wp\/v2\/media?parent=78044"}],"wp:term":[{"taxonomy":"category","embeddable":true,"href":"https:\/\/blogdoeloiltoncajuhy.com.br\/site\/wp-json\/wp\/v2\/categories?post=78044"},{"taxonomy":"post_tag","embeddable":true,"href":"https:\/\/blogdoeloiltoncajuhy.com.br\/site\/wp-json\/wp\/v2\/tags?post=78044"}],"curies":[{"name":"wp","href":"https:\/\/api.w.org\/{rel}","templated":true}]}}