{"id":78026,"date":"2023-12-12T08:49:31","date_gmt":"2023-12-12T11:49:31","guid":{"rendered":"https:\/\/blogdoeloiltoncajuhy.com.br\/site\/?p=78026"},"modified":"2023-12-12T08:49:33","modified_gmt":"2023-12-12T11:49:33","slug":"policia-civil-realiza-mais-uma-etapa-da-operacao-unum-corpus-em-bonfim-agentes-estao-nas-ruas-desde-as-4h-da-manha","status":"publish","type":"post","link":"https:\/\/blogdoeloiltoncajuhy.com.br\/site\/policia-civil-realiza-mais-uma-etapa-da-operacao-unum-corpus-em-bonfim-agentes-estao-nas-ruas-desde-as-4h-da-manha\/","title":{"rendered":"Pol\u00edcia Civil realiza mais uma etapa da Opera\u00e7\u00e3o Unum Corpus; em Bonfim, agentes est\u00e3o nas ruas desde as 4h da manh\u00e3"},"content":{"rendered":"\n<p><strong>Blog do Eloilton Cajuhy<\/strong><\/p>\n\n\n\n<figure class=\"wp-block-image aligncenter size-full\"><a href=\"https:\/\/i0.wp.com\/blogdoeloiltoncajuhy.com.br\/site\/wp-content\/uploads\/2023\/12\/PC_Bonfim-operacao-121223-01.jpg?ssl=1\"><img data-recalc-dims=\"1\" fetchpriority=\"high\" decoding=\"async\" width=\"800\" height=\"450\" src=\"https:\/\/i0.wp.com\/blogdoeloiltoncajuhy.com.br\/site\/wp-content\/uploads\/2023\/12\/PC_Bonfim-operacao-121223-01.jpg?resize=800%2C450&#038;ssl=1\" alt=\"\" class=\"wp-image-78027\" srcset=\"https:\/\/i0.wp.com\/blogdoeloiltoncajuhy.com.br\/site\/wp-content\/uploads\/2023\/12\/PC_Bonfim-operacao-121223-01.jpg?w=980&amp;ssl=1 980w, https:\/\/i0.wp.com\/blogdoeloiltoncajuhy.com.br\/site\/wp-content\/uploads\/2023\/12\/PC_Bonfim-operacao-121223-01.jpg?resize=300%2C169&amp;ssl=1 300w, https:\/\/i0.wp.com\/blogdoeloiltoncajuhy.com.br\/site\/wp-content\/uploads\/2023\/12\/PC_Bonfim-operacao-121223-01.jpg?resize=768%2C432&amp;ssl=1 768w\" sizes=\"(max-width: 800px) 100vw, 800px\" \/><\/a><figcaption class=\"wp-element-caption\"><sub>Divulga\u00e7\u00e3o \/ Pol\u00edcia Civil<\/sub><\/figcaption><\/figure>\n\n\n\n<p>A Pol\u00edcia Civil da Bahia iniciou \u00e0s 4h da manh\u00e3 desta ter\u00e7a-feira (12), a 11\u00aa fase da Opera\u00e7\u00e3o Unum Corpus. As a\u00e7\u00f5es est\u00e3o sendo comandadas pelo Departamento de Pol\u00edcia do Interior (Depin).<\/p>\n\n\n\n<p>Agora a pouco o Depin divulgou o primeiro relat\u00f3rio parcial da opera\u00e7\u00e3o. <strong><mark style=\"background-color:rgba(0, 0, 0, 0)\" class=\"has-inline-color has-black-color\">Confira:<\/mark><\/strong><\/p>\n\n\n\n<p><strong><mark style=\"background-color:rgba(0, 0, 0, 0)\" class=\"has-inline-color has-black-color\">Cumprimento de Mandados de Pris\u00e3o:<\/mark><\/strong> 76<br><strong><mark style=\"background-color:rgba(0, 0, 0, 0)\" class=\"has-inline-color has-black-color\">Auto de Pris\u00e3o em Flagrante lavrados:<\/mark><\/strong> 14<br><strong><mark style=\"background-color:rgba(0, 0, 0, 0)\" class=\"has-inline-color has-black-color\">TOTAL DE PESSOAS PRESAS:<\/mark><\/strong> 107<br><strong><mark style=\"background-color:rgba(0, 0, 0, 0)\" class=\"has-inline-color has-black-color\">Mandados de Busca e Apreens\u00e3o:<\/mark><\/strong> 210<br><strong><mark style=\"background-color:rgba(0, 0, 0, 0)\" class=\"has-inline-color has-black-color\">Armas de fogo Apreendidas:<\/mark><\/strong> 17<br><strong><mark style=\"background-color:rgba(0, 0, 0, 0)\" class=\"has-inline-color has-black-color\">Drogas apreendidas:<\/mark><\/strong> 7.747 gramas<\/p>\n\n\n\n<figure class=\"wp-block-image aligncenter size-full is-resized\"><a href=\"https:\/\/i0.wp.com\/blogdoeloiltoncajuhy.com.br\/site\/wp-content\/uploads\/2023\/12\/PC_Bonfim-operacao-121223-02.jpg?ssl=1\"><img data-recalc-dims=\"1\" decoding=\"async\" width=\"800\" height=\"600\" src=\"https:\/\/i0.wp.com\/blogdoeloiltoncajuhy.com.br\/site\/wp-content\/uploads\/2023\/12\/PC_Bonfim-operacao-121223-02.jpg?resize=800%2C600&#038;ssl=1\" alt=\"\" class=\"wp-image-78028\" style=\"width:733px;height:auto\" srcset=\"https:\/\/i0.wp.com\/blogdoeloiltoncajuhy.com.br\/site\/wp-content\/uploads\/2023\/12\/PC_Bonfim-operacao-121223-02.jpg?w=980&amp;ssl=1 980w, https:\/\/i0.wp.com\/blogdoeloiltoncajuhy.com.br\/site\/wp-content\/uploads\/2023\/12\/PC_Bonfim-operacao-121223-02.jpg?resize=300%2C225&amp;ssl=1 300w, https:\/\/i0.wp.com\/blogdoeloiltoncajuhy.com.br\/site\/wp-content\/uploads\/2023\/12\/PC_Bonfim-operacao-121223-02.jpg?resize=768%2C576&amp;ssl=1 768w\" sizes=\"(max-width: 800px) 100vw, 800px\" \/><\/a><figcaption class=\"wp-element-caption\"><sub>Divulga\u00e7\u00e3o \/ Pol\u00edcia Civil<\/sub><\/figcaption><\/figure>\n\n\n\n<p>Na 19\u00aa Coordenadoria de Pol\u00edcia do Interior (19\u00aa Coorpin), as dilig\u00eancias est\u00e3o em andamento nas cidades de Senhor do Bonfim, Iti\u00faba, Campo Formoso, Cansan\u00e7\u00e3o e Jaguarari. O objetivo principal da opera\u00e7\u00e3o \u00e9 combater o crime organizado e o tr\u00e1fico de drogas.<\/p>\n\n\n\n<figure class=\"wp-block-image aligncenter size-full\"><a href=\"https:\/\/i0.wp.com\/blogdoeloiltoncajuhy.com.br\/site\/wp-content\/uploads\/2023\/12\/PC_Bonfim-operacao-121223-03.jpg?ssl=1\"><img data-recalc-dims=\"1\" decoding=\"async\" width=\"800\" height=\"450\" src=\"https:\/\/i0.wp.com\/blogdoeloiltoncajuhy.com.br\/site\/wp-content\/uploads\/2023\/12\/PC_Bonfim-operacao-121223-03.jpg?resize=800%2C450&#038;ssl=1\" alt=\"\" class=\"wp-image-78029\" srcset=\"https:\/\/i0.wp.com\/blogdoeloiltoncajuhy.com.br\/site\/wp-content\/uploads\/2023\/12\/PC_Bonfim-operacao-121223-03.jpg?w=980&amp;ssl=1 980w, https:\/\/i0.wp.com\/blogdoeloiltoncajuhy.com.br\/site\/wp-content\/uploads\/2023\/12\/PC_Bonfim-operacao-121223-03.jpg?resize=300%2C169&amp;ssl=1 300w, https:\/\/i0.wp.com\/blogdoeloiltoncajuhy.com.br\/site\/wp-content\/uploads\/2023\/12\/PC_Bonfim-operacao-121223-03.jpg?resize=768%2C432&amp;ssl=1 768w\" sizes=\"(max-width: 800px) 100vw, 800px\" \/><\/a><figcaption class=\"wp-element-caption\"><sub>Divulga\u00e7\u00e3o \/ Pol\u00edcia Civil<\/sub><\/figcaption><\/figure>\n","protected":false},"excerpt":{"rendered":"<p>Blog do Eloilton Cajuhy A Pol\u00edcia Civil da Bahia iniciou \u00e0s 4h da manh\u00e3 desta ter\u00e7a-feira (12), a 11\u00aa fase da Opera\u00e7\u00e3o Unum Corpus. As a\u00e7\u00f5es est\u00e3o sendo comandadas pelo Departamento de Pol\u00edcia do Interior (Depin). Agora a pouco o Depin divulgou o primeiro relat\u00f3rio parcial da opera\u00e7\u00e3o. Confira: Cumprimento de Mandados de Pris\u00e3o: 76Auto [&hellip;]<\/p>\n","protected":false},"author":2,"featured_media":78027,"comment_status":"open","ping_status":"open","sticky":false,"template":"","format":"standard","meta":{"_acf_changed":false,"_monsterinsights_skip_tracking":false,"_monsterinsights_sitenote_active":false,"_monsterinsights_sitenote_note":"","_monsterinsights_sitenote_category":0,"_jetpack_memberships_contains_paid_content":false,"footnotes":"","jetpack_publicize_message":"","jetpack_publicize_feature_enabled":true,"jetpack_social_post_already_shared":true,"jetpack_social_options":{"image_generator_settings":{"template":"highway","default_image_id":0,"font":"","enabled":false},"version":2}},"categories":[15],"tags":[],"class_list":["post-78026","post","type-post","status-publish","format-standard","has-post-thumbnail","hentry","category-policia"],"acf":[],"jetpack_publicize_connections":[],"jetpack_featured_media_url":"https:\/\/i0.wp.com\/blogdoeloiltoncajuhy.com.br\/site\/wp-content\/uploads\/2023\/12\/PC_Bonfim-operacao-121223-01.jpg?fit=980%2C551&ssl=1","jetpack_sharing_enabled":true,"publishpress_future_workflow_manual_trigger":{"enabledWorkflows":[]},"_links":{"self":[{"href":"https:\/\/blogdoeloiltoncajuhy.com.br\/site\/wp-json\/wp\/v2\/posts\/78026","targetHints":{"allow":["GET"]}}],"collection":[{"href":"https:\/\/blogdoeloiltoncajuhy.com.br\/site\/wp-json\/wp\/v2\/posts"}],"about":[{"href":"https:\/\/blogdoeloiltoncajuhy.com.br\/site\/wp-json\/wp\/v2\/types\/post"}],"author":[{"embeddable":true,"href":"https:\/\/blogdoeloiltoncajuhy.com.br\/site\/wp-json\/wp\/v2\/users\/2"}],"replies":[{"embeddable":true,"href":"https:\/\/blogdoeloiltoncajuhy.com.br\/site\/wp-json\/wp\/v2\/comments?post=78026"}],"version-history":[{"count":1,"href":"https:\/\/blogdoeloiltoncajuhy.com.br\/site\/wp-json\/wp\/v2\/posts\/78026\/revisions"}],"predecessor-version":[{"id":78030,"href":"https:\/\/blogdoeloiltoncajuhy.com.br\/site\/wp-json\/wp\/v2\/posts\/78026\/revisions\/78030"}],"wp:featuredmedia":[{"embeddable":true,"href":"https:\/\/blogdoeloiltoncajuhy.com.br\/site\/wp-json\/wp\/v2\/media\/78027"}],"wp:attachment":[{"href":"https:\/\/blogdoeloiltoncajuhy.com.br\/site\/wp-json\/wp\/v2\/media?parent=78026"}],"wp:term":[{"taxonomy":"category","embeddable":true,"href":"https:\/\/blogdoeloiltoncajuhy.com.br\/site\/wp-json\/wp\/v2\/categories?post=78026"},{"taxonomy":"post_tag","embeddable":true,"href":"https:\/\/blogdoeloiltoncajuhy.com.br\/site\/wp-json\/wp\/v2\/tags?post=78026"}],"curies":[{"name":"wp","href":"https:\/\/api.w.org\/{rel}","templated":true}]}}