{"id":78021,"date":"2023-12-12T08:20:19","date_gmt":"2023-12-12T11:20:19","guid":{"rendered":"https:\/\/blogdoeloiltoncajuhy.com.br\/site\/?p=78021"},"modified":"2023-12-12T08:20:21","modified_gmt":"2023-12-12T11:20:21","slug":"populacao-de-rua-no-brasil-cresceu-quase-10-vezes-na-ultima-decada-aponta-ipea","status":"publish","type":"post","link":"https:\/\/blogdoeloiltoncajuhy.com.br\/site\/populacao-de-rua-no-brasil-cresceu-quase-10-vezes-na-ultima-decada-aponta-ipea\/","title":{"rendered":"Popula\u00e7\u00e3o de rua no Brasil cresceu quase 10 vezes na \u00faltima d\u00e9cada, aponta Ipea"},"content":{"rendered":"\n<p class=\"has-medium-font-size\"><strong>Pa\u00eds tem 227.087 pessoas vivendo nas ruas, ante 21.934 em 2013; n\u00fameros se referem a inscri\u00e7\u00f5es no Cad\u00danico.<\/strong><\/p>\n\n\n\n<p><strong>Por Folha de S.Paulo<\/strong><\/p>\n\n\n\n<figure class=\"wp-block-image aligncenter size-full is-resized\"><a href=\"https:\/\/i0.wp.com\/blogdoeloiltoncajuhy.com.br\/site\/wp-content\/uploads\/2023\/12\/PopulacaoEmSituacaoRua_Foto_Rubens-Cavallari-Folhapress.jpg?ssl=1\"><img data-recalc-dims=\"1\" fetchpriority=\"high\" decoding=\"async\" width=\"800\" height=\"533\" src=\"https:\/\/i0.wp.com\/blogdoeloiltoncajuhy.com.br\/site\/wp-content\/uploads\/2023\/12\/PopulacaoEmSituacaoRua_Foto_Rubens-Cavallari-Folhapress.jpg?resize=800%2C533&#038;ssl=1\" alt=\"\" class=\"wp-image-78022\" style=\"width:666px;height:auto\" srcset=\"https:\/\/i0.wp.com\/blogdoeloiltoncajuhy.com.br\/site\/wp-content\/uploads\/2023\/12\/PopulacaoEmSituacaoRua_Foto_Rubens-Cavallari-Folhapress.jpg?w=984&amp;ssl=1 984w, https:\/\/i0.wp.com\/blogdoeloiltoncajuhy.com.br\/site\/wp-content\/uploads\/2023\/12\/PopulacaoEmSituacaoRua_Foto_Rubens-Cavallari-Folhapress.jpg?resize=300%2C200&amp;ssl=1 300w, https:\/\/i0.wp.com\/blogdoeloiltoncajuhy.com.br\/site\/wp-content\/uploads\/2023\/12\/PopulacaoEmSituacaoRua_Foto_Rubens-Cavallari-Folhapress.jpg?resize=768%2C512&amp;ssl=1 768w\" sizes=\"(max-width: 800px) 100vw, 800px\" \/><\/a><figcaption class=\"wp-element-caption\"><sub>Foto: Rubens Cavallari\/Folhapress<\/sub><\/figcaption><\/figure>\n\n\n\n<p>A popula\u00e7\u00e3o em situa\u00e7\u00e3o de rua no Brasil aumentou 935,31% nos \u00faltimos dez anos, segundo levantamento do Instituto de Pesquisa Econ\u00f4mica Aplicada (Ipea) com base em dados do Cadastro \u00danico (Cad\u00danico) do governo federal. O n\u00famero de pessoas cadastradas saltou de 21.934 em 2013 para 227.087 at\u00e9 agosto de 2023.<\/p>\n\n\n\n<p>Entre as causas do problema est\u00e3o exclus\u00e3o econ\u00f4mica, que envolve inseguran\u00e7a alimentar, desemprego e d\u00e9ficit habitacional; ruptura de v\u00ednculos familiares; e quest\u00f5es de sa\u00fade, especialmente de sa\u00fade mental.<\/p>\n\n\n\n<p>Problemas familiares ou com companheiros foram apontados como motivo para sair de casa por 47,3% das pessoas em situa\u00e7\u00e3o de rua. O desemprego foi citado por 40,5%, enquanto alcoolismo e abuso de outras drogas foram mencionados 30,4%. Perda de moradia foi citada por 26,1%.<\/p>\n\n\n\n<p>O levantamento foi feito por Marco Ant\u00f4nio Carvalho Natalino, especialista em pol\u00edticas p\u00fablicas e gest\u00e3o governamental em exerc\u00edcio na diretoria de estudos e pol\u00edticas sociais do Ipea.<\/p>\n\n\n\n<p>&#8220;Quanto maior o tempo de perman\u00eancia na rua, maior a probabilidade de problemas com familiares e companheiros ser um dos principais motivos que levou a pessoa \u00e0 situa\u00e7\u00e3o de rua. O mesmo ocorre, e de forma ainda mais intensa, com os motivos de sa\u00fade, particularmente o uso abusivo de \u00e1lcool e outras drogas. As raz\u00f5es econ\u00f4micas, por sua vez, tais como o desemprego, est\u00e3o associadas a epis\u00f3dios de rua de mais curta dura\u00e7\u00e3o&#8221;, diz Natalino, no estudo.<\/p>\n\n\n\n<figure class=\"wp-block-image aligncenter size-full is-resized\"><a href=\"https:\/\/i0.wp.com\/blogdoeloiltoncajuhy.com.br\/site\/wp-content\/uploads\/2023\/12\/PopulacaoEmSituacaoRua02_Foto_Rubens-Cavallari-Folhapress.png?ssl=1\"><img data-recalc-dims=\"1\" decoding=\"async\" width=\"783\" height=\"522\" src=\"https:\/\/i0.wp.com\/blogdoeloiltoncajuhy.com.br\/site\/wp-content\/uploads\/2023\/12\/PopulacaoEmSituacaoRua02_Foto_Rubens-Cavallari-Folhapress.png?resize=783%2C522&#038;ssl=1\" alt=\"\" class=\"wp-image-78023\" style=\"width:663px;height:auto\" srcset=\"https:\/\/i0.wp.com\/blogdoeloiltoncajuhy.com.br\/site\/wp-content\/uploads\/2023\/12\/PopulacaoEmSituacaoRua02_Foto_Rubens-Cavallari-Folhapress.png?w=783&amp;ssl=1 783w, https:\/\/i0.wp.com\/blogdoeloiltoncajuhy.com.br\/site\/wp-content\/uploads\/2023\/12\/PopulacaoEmSituacaoRua02_Foto_Rubens-Cavallari-Folhapress.png?resize=300%2C200&amp;ssl=1 300w, https:\/\/i0.wp.com\/blogdoeloiltoncajuhy.com.br\/site\/wp-content\/uploads\/2023\/12\/PopulacaoEmSituacaoRua02_Foto_Rubens-Cavallari-Folhapress.png?resize=768%2C512&amp;ssl=1 768w\" sizes=\"(max-width: 783px) 100vw, 783px\" \/><\/a><figcaption class=\"wp-element-caption\"><sub>Foto: Rubens Cavallari\/Folhapress<\/sub><\/figcaption><\/figure>\n\n\n\n<p>A an\u00e1lise aponta que 60% das pessoas em situa\u00e7\u00e3o de rua n\u00e3o vivem na cidade em que nasceram, mas 70% delas vivem no mesmo estado de nascimento. O levantamento mostra ainda que, no geral, o movimento \u00e9 das periferias em dire\u00e7\u00e3o aos centros metropolitanos.<\/p>\n\n\n\n<p>Do total de pessoas em situa\u00e7\u00e3o de rua no Brasil, 10.586 s\u00e3o estrangeiros (4,7%), sendo 3.175 da Venezuela, 423 de outros pa\u00edses latino-americanos e caribenhos, 3.387 de Angola, 635 de outros pa\u00edses africanos, e 1.587 de pa\u00edses da \u00c1sia.<\/p>\n\n\n\n<p>Ainda segundo o estudo do Ipea, 69% das pessoas em situa\u00e7\u00e3o de rua s\u00e3o negras (51% pardos e 18% pretos).<\/p>\n\n\n\n<p>A idade m\u00e9dia das pessoas nas ruas \u00e9 41 anos. Os jovens entre 18 e 29 anos somam 15% do total, e aqueles com idade de 50 a 64 anos correspondem a 22%. Crian\u00e7as e adolescentes somam 2,5%, e idosos, 3,4%.<\/p>\n\n\n\n<p>Entre as causas para o aumento da quantidade de pessoas em situa\u00e7\u00e3o de rua nos \u00faltimos dez anos, Natalino ressalta que h\u00e1 quase uma d\u00e9cada o Brasil enfrenta crises econ\u00f4micas sucessivas, inclusive com a volta da inseguran\u00e7a alimentar grave e da fome, situa\u00e7\u00e3o agravada pela pandemia de Covid-19.<\/p>\n\n\n\n<figure class=\"wp-block-image aligncenter size-full is-resized\"><a href=\"https:\/\/i0.wp.com\/blogdoeloiltoncajuhy.com.br\/site\/wp-content\/uploads\/2023\/12\/PopulacaoEmSituacaoRua_Foto_GUJSP.jpg?ssl=1\"><img data-recalc-dims=\"1\" decoding=\"async\" width=\"725\" height=\"483\" src=\"https:\/\/i0.wp.com\/blogdoeloiltoncajuhy.com.br\/site\/wp-content\/uploads\/2023\/12\/PopulacaoEmSituacaoRua_Foto_GUJSP.jpg?resize=725%2C483&#038;ssl=1\" alt=\"\" class=\"wp-image-78024\" style=\"width:683px;height:auto\" srcset=\"https:\/\/i0.wp.com\/blogdoeloiltoncajuhy.com.br\/site\/wp-content\/uploads\/2023\/12\/PopulacaoEmSituacaoRua_Foto_GUJSP.jpg?w=725&amp;ssl=1 725w, https:\/\/i0.wp.com\/blogdoeloiltoncajuhy.com.br\/site\/wp-content\/uploads\/2023\/12\/PopulacaoEmSituacaoRua_Foto_GUJSP.jpg?resize=300%2C200&amp;ssl=1 300w\" sizes=\"(max-width: 725px) 100vw, 725px\" \/><\/a><figcaption class=\"wp-element-caption\"><sub>Foto: GUJSP<\/sub><\/figcaption><\/figure>\n\n\n\n<p>Diante do cen\u00e1rio, o Supremo Tribunal Federal (STF) determinou, em julho deste ano, que estados e munic\u00edpios deveriam seguir diretrizes da Pol\u00edtica Nacional para a Popula\u00e7\u00e3o em Situa\u00e7\u00e3o de Rua.<\/p>\n\n\n\n<p>O autor do levantamento afirma que, nos \u00faltimos anos, o Cad\u00danico se consolidou como a principal fonte de informa\u00e7\u00f5es sobre a popula\u00e7\u00e3o em situa\u00e7\u00e3o de vulnerabilidade social no Brasil.<\/p>\n\n\n\n<p>&#8220;Doze anos atr\u00e1s n\u00e3o havia ningu\u00e9m cadastrado como popula\u00e7\u00e3o de rua no Cadastro \u00danico porque nem existia lugar para marcar isso [no formul\u00e1rio]. O que cresceu \u00e9 o n\u00famero de pessoas em situa\u00e7\u00e3o de rua cadastradas, e agora essas pessoas v\u00e3o conseguir ter acesso aos programas sociais&#8221;, diz Natalino, lembrando que o n\u00famero real de pessoas vivendo nas ruas \u00e9 ainda maior, justamente porque nem todas est\u00e3o cadastradas.<\/p>\n\n\n\n<p>O especialista afirma que o levantamento joga luz sobre quest\u00f5es urgentes.<\/p>\n\n\n\n<p>&#8220;Um ponto que chama aten\u00e7\u00e3o \u00e9 que, entre as crian\u00e7as e adolescentes de 7 a 15 anos, s\u00f3 56% est\u00e3o matriculadas na escola. \u00c9 um n\u00famero muito menor do que da popula\u00e7\u00e3o em geral, que j\u00e1 est\u00e1 quase universalizado h\u00e1 um bom tempo&#8221;, diz.<\/p>\n\n\n\n<p>Entre a popula\u00e7\u00e3o adulta, 70% t\u00eam alguma atividade de gera\u00e7\u00e3o de renda, mas apenas 1% trabalha com carteira assinada.<\/p>\n\n\n\n<p>Outro ponto, diz Natalino, \u00e9 que parte dessa popula\u00e7\u00e3o \u00e9 eleg\u00edvel ao Bolsa Fam\u00edlia, mas n\u00e3o recebe o benef\u00edcio muitas vezes por falta de documentos.<\/p>\n","protected":false},"excerpt":{"rendered":"<p>Pa\u00eds tem 227.087 pessoas vivendo nas ruas, ante 21.934 em 2013; n\u00fameros se referem a inscri\u00e7\u00f5es no Cad\u00danico. Por Folha de S.Paulo A popula\u00e7\u00e3o em situa\u00e7\u00e3o de rua no Brasil aumentou 935,31% nos \u00faltimos dez anos, segundo levantamento do Instituto de Pesquisa Econ\u00f4mica Aplicada (Ipea) com base em dados do Cadastro \u00danico (Cad\u00danico) do governo [&hellip;]<\/p>\n","protected":false},"author":2,"featured_media":78024,"comment_status":"open","ping_status":"open","sticky":false,"template":"","format":"standard","meta":{"_acf_changed":false,"_monsterinsights_skip_tracking":false,"_monsterinsights_sitenote_active":false,"_monsterinsights_sitenote_note":"","_monsterinsights_sitenote_category":0,"_jetpack_memberships_contains_paid_content":false,"footnotes":"","jetpack_publicize_message":"","jetpack_publicize_feature_enabled":true,"jetpack_social_post_already_shared":true,"jetpack_social_options":{"image_generator_settings":{"template":"highway","default_image_id":0,"font":"","enabled":false},"version":2}},"categories":[5],"tags":[],"class_list":["post-78021","post","type-post","status-publish","format-standard","has-post-thumbnail","hentry","category-cotidiano"],"acf":[],"jetpack_publicize_connections":[],"jetpack_featured_media_url":"https:\/\/i0.wp.com\/blogdoeloiltoncajuhy.com.br\/site\/wp-content\/uploads\/2023\/12\/PopulacaoEmSituacaoRua_Foto_GUJSP.jpg?fit=725%2C483&ssl=1","jetpack_sharing_enabled":true,"publishpress_future_workflow_manual_trigger":{"enabledWorkflows":[]},"_links":{"self":[{"href":"https:\/\/blogdoeloiltoncajuhy.com.br\/site\/wp-json\/wp\/v2\/posts\/78021","targetHints":{"allow":["GET"]}}],"collection":[{"href":"https:\/\/blogdoeloiltoncajuhy.com.br\/site\/wp-json\/wp\/v2\/posts"}],"about":[{"href":"https:\/\/blogdoeloiltoncajuhy.com.br\/site\/wp-json\/wp\/v2\/types\/post"}],"author":[{"embeddable":true,"href":"https:\/\/blogdoeloiltoncajuhy.com.br\/site\/wp-json\/wp\/v2\/users\/2"}],"replies":[{"embeddable":true,"href":"https:\/\/blogdoeloiltoncajuhy.com.br\/site\/wp-json\/wp\/v2\/comments?post=78021"}],"version-history":[{"count":1,"href":"https:\/\/blogdoeloiltoncajuhy.com.br\/site\/wp-json\/wp\/v2\/posts\/78021\/revisions"}],"predecessor-version":[{"id":78025,"href":"https:\/\/blogdoeloiltoncajuhy.com.br\/site\/wp-json\/wp\/v2\/posts\/78021\/revisions\/78025"}],"wp:featuredmedia":[{"embeddable":true,"href":"https:\/\/blogdoeloiltoncajuhy.com.br\/site\/wp-json\/wp\/v2\/media\/78024"}],"wp:attachment":[{"href":"https:\/\/blogdoeloiltoncajuhy.com.br\/site\/wp-json\/wp\/v2\/media?parent=78021"}],"wp:term":[{"taxonomy":"category","embeddable":true,"href":"https:\/\/blogdoeloiltoncajuhy.com.br\/site\/wp-json\/wp\/v2\/categories?post=78021"},{"taxonomy":"post_tag","embeddable":true,"href":"https:\/\/blogdoeloiltoncajuhy.com.br\/site\/wp-json\/wp\/v2\/tags?post=78021"}],"curies":[{"name":"wp","href":"https:\/\/api.w.org\/{rel}","templated":true}]}}