{"id":78000,"date":"2023-12-10T06:00:00","date_gmt":"2023-12-10T09:00:00","guid":{"rendered":"https:\/\/blogdoeloiltoncajuhy.com.br\/site\/?p=78000"},"modified":"2023-12-10T09:17:56","modified_gmt":"2023-12-10T12:17:56","slug":"concurso-tse-unificado-orgao-define-banca-e-preve-oferta-de-520-vagas-em-2024-entenda","status":"publish","type":"post","link":"https:\/\/blogdoeloiltoncajuhy.com.br\/site\/concurso-tse-unificado-orgao-define-banca-e-preve-oferta-de-520-vagas-em-2024-entenda\/","title":{"rendered":"Concurso TSE Unificado: \u00f3rg\u00e3o define banca e prev\u00ea oferta de 520 vagas em 2024; entenda"},"content":{"rendered":"\n<p class=\"has-medium-font-size\"><strong>Dos 27 TREs do pa\u00eds, apenas o TRE de Tocantins n\u00e3o participar\u00e1 da pr\u00f3xima sele\u00e7\u00e3o unificada, porque tem concurso v\u00e1lido at\u00e9 agosto do ano que vem.<\/strong><\/p>\n\n\n\n<p><strong>Por g1<\/strong><\/p>\n\n\n\n<figure class=\"wp-block-image aligncenter size-full is-resized\"><a href=\"https:\/\/i0.wp.com\/blogdoeloiltoncajuhy.com.br\/site\/wp-content\/uploads\/2023\/12\/Predio-do-Tribunal-Superior-Eleitoral-em-Brasilia-%E2%80%94-Foto-Antonio-Augusto-Secom-TSE.jpeg\"><img data-recalc-dims=\"1\" fetchpriority=\"high\" decoding=\"async\" width=\"800\" height=\"527\" src=\"https:\/\/i0.wp.com\/blogdoeloiltoncajuhy.com.br\/site\/wp-content\/uploads\/2023\/12\/Predio-do-Tribunal-Superior-Eleitoral-em-Brasilia-%E2%80%94-Foto-Antonio-Augusto-Secom-TSE.jpeg?resize=800%2C527\" alt=\"\" class=\"wp-image-78001\" style=\"width:706px;height:auto\" srcset=\"https:\/\/i0.wp.com\/blogdoeloiltoncajuhy.com.br\/site\/wp-content\/uploads\/2023\/12\/Predio-do-Tribunal-Superior-Eleitoral-em-Brasilia-%E2%80%94-Foto-Antonio-Augusto-Secom-TSE.jpeg?w=806&amp;ssl=1 806w, https:\/\/i0.wp.com\/blogdoeloiltoncajuhy.com.br\/site\/wp-content\/uploads\/2023\/12\/Predio-do-Tribunal-Superior-Eleitoral-em-Brasilia-%E2%80%94-Foto-Antonio-Augusto-Secom-TSE.jpeg?resize=300%2C198&amp;ssl=1 300w, https:\/\/i0.wp.com\/blogdoeloiltoncajuhy.com.br\/site\/wp-content\/uploads\/2023\/12\/Predio-do-Tribunal-Superior-Eleitoral-em-Brasilia-%E2%80%94-Foto-Antonio-Augusto-Secom-TSE.jpeg?resize=768%2C506&amp;ssl=1 768w\" sizes=\"(max-width: 800px) 100vw, 800px\" \/><\/a><figcaption class=\"wp-element-caption\"><sub>Pr\u00e9dio do Tribunal Superior Eleitoral durante entardecer em Bras\u00edlia \u2014 Foto: Antonio Augusto\/Secom\/TSE<\/sub><\/figcaption><\/figure>\n\n\n\n<p>O Tribunal Superior Eleitoral (TSE) definiu que a Funda\u00e7\u00e3o Getulio Vargas (FGV) ser\u00e1 a banca examinadora do pr\u00f3ximo concurso p\u00fablico da Justi\u00e7a Eleitoral. O despacho foi assinado pelo diretor-geral do TSE.<\/p>\n\n\n\n<p>Segundo o \u00f3rg\u00e3o, a previs\u00e3o \u00e9 de que sejam ofertadas 520 vagas em um concurso unificado com os Tribunais Regionais Eleitorais (TREs) do pa\u00eds.<\/p>\n\n\n\n<p>As oportunidades s\u00e3o para cargos efetivos na Justi\u00e7a Eleitoral, nas carreiras de analista e t\u00e9cnico judici\u00e1rios em diversas especialidades.<\/p>\n\n\n\n<p>A prova ainda n\u00e3o tem data definida, mas a expectativa \u00e9 de que seja aplicada no primeiro semestre de 2024, ainda de acordo com o TSE.<\/p>\n\n\n\n<p>A ideia de fazer uma sele\u00e7\u00e3o \u00fanica para os TREs do pa\u00eds ficou p\u00fablica h\u00e1 alguns meses. O projeto \u00e9 semelhante ao Concurso Nacional Unificado (CNU), ou &#8220;Enem dos concursos&#8221;, que est\u00e1 sendo realizado pelo governo federal para preencher vagas abertas no servi\u00e7o p\u00fablico neste ano.<\/p>\n\n\n\n<p class=\"has-black-color has-text-color has-link-color has-medium-font-size wp-elements-2b74155690cbf0d9b6d74ddab06db936\"><strong>Como vai funcionar<\/strong><\/p>\n\n\n\n<figure class=\"wp-block-image aligncenter size-full is-resized\"><a href=\"https:\/\/i0.wp.com\/blogdoeloiltoncajuhy.com.br\/site\/wp-content\/uploads\/2022\/01\/Concursos-03012022.jpg\"><img data-recalc-dims=\"1\" decoding=\"async\" width=\"800\" height=\"533\" src=\"https:\/\/i0.wp.com\/blogdoeloiltoncajuhy.com.br\/site\/wp-content\/uploads\/2022\/01\/Concursos-03012022.jpg?resize=800%2C533\" alt=\"\" class=\"wp-image-62020\" style=\"width:681px;height:auto\" srcset=\"https:\/\/i0.wp.com\/blogdoeloiltoncajuhy.com.br\/site\/wp-content\/uploads\/2022\/01\/Concursos-03012022.jpg?w=984&amp;ssl=1 984w, https:\/\/i0.wp.com\/blogdoeloiltoncajuhy.com.br\/site\/wp-content\/uploads\/2022\/01\/Concursos-03012022.jpg?resize=300%2C200&amp;ssl=1 300w, https:\/\/i0.wp.com\/blogdoeloiltoncajuhy.com.br\/site\/wp-content\/uploads\/2022\/01\/Concursos-03012022.jpg?resize=768%2C512&amp;ssl=1 768w\" sizes=\"(max-width: 800px) 100vw, 800px\" \/><\/a><figcaption class=\"wp-element-caption\"><sub>Reprodu\u00e7\u00e3o<\/sub><\/figcaption><\/figure>\n\n\n\n<p>Em outubro deste ano, o TSE publicou uma resolu\u00e7\u00e3o que estabelece novas regras para a realiza\u00e7\u00e3o de concursos p\u00fablicos da Justi\u00e7a Eleitoral e, entre as determina\u00e7\u00f5es, autoriza a realiza\u00e7\u00e3o de concurso p\u00fablico unificado.<\/p>\n\n\n\n<p>A resolu\u00e7\u00e3o diz que esse processo de sele\u00e7\u00e3o unificado dever\u00e1 ser coordenado pelo TSE com a participa\u00e7\u00e3o dos Tribunais Regionais Eleitorais (TREs), regido por um edital \u00fanico no qual vai constar a quantidade de vagas do TSE e dos TREs que aderirem.<\/p>\n\n\n\n<p>Ainda conforme a resolu\u00e7\u00e3o, n\u00e3o poder\u00e1 aderir ao processo seletivo unificado os TREs que tenham candidato aprovado em concurso anterior com prazo de validade vigente.<\/p>\n\n\n\n<p>Senso assim, segundo o comunicado publicado, dos 27 TREs do pa\u00eds, apenas o TRE de Tocantins n\u00e3o participar\u00e1 da pr\u00f3xima sele\u00e7\u00e3o unificada, porque tem concurso v\u00e1lido at\u00e9 agosto de 2024.<\/p>\n\n\n\n<p>Os concursos do TSE podem ser realizados em etapa \u00fanica ou em fases diversas, com provas para avaliar conhecimentos gerais e espec\u00edficos sobre as disciplinas e conte\u00fados presentes no edital.<\/p>\n\n\n\n<p>Al\u00e9m disso, os tribunais eleitorais poder\u00e3o incluir um curso de forma\u00e7\u00e3o como etapa do concurso p\u00fablico.<\/p>\n\n\n\n<p>O documento prev\u00ea ainda a reserva de 20% de vagas para pessoas negras, 10% para pessoas com defici\u00eancia (o dobro do percentual de 5% anteriormente previsto) e 3% para pessoas ind\u00edgenas.<\/p>\n","protected":false},"excerpt":{"rendered":"<p>Dos 27 TREs do pa\u00eds, apenas o TRE de Tocantins n\u00e3o participar\u00e1 da pr\u00f3xima sele\u00e7\u00e3o unificada, porque tem concurso v\u00e1lido at\u00e9 agosto do ano que vem. Por g1 O Tribunal Superior Eleitoral (TSE) definiu que a Funda\u00e7\u00e3o Getulio Vargas (FGV) ser\u00e1 a banca examinadora do pr\u00f3ximo concurso p\u00fablico da Justi\u00e7a Eleitoral. O despacho foi assinado [&hellip;]<\/p>\n","protected":false},"author":2,"featured_media":78001,"comment_status":"open","ping_status":"open","sticky":false,"template":"","format":"standard","meta":{"_acf_changed":false,"_monsterinsights_skip_tracking":false,"_monsterinsights_sitenote_active":false,"_monsterinsights_sitenote_note":"","_monsterinsights_sitenote_category":0,"_jetpack_memberships_contains_paid_content":false,"footnotes":"","jetpack_publicize_message":"","jetpack_publicize_feature_enabled":true,"jetpack_social_post_already_shared":true,"jetpack_social_options":{"image_generator_settings":{"template":"highway","default_image_id":0,"font":"","enabled":false},"version":2}},"categories":[1],"tags":[],"class_list":["post-78000","post","type-post","status-publish","format-standard","has-post-thumbnail","hentry","category-noticias"],"acf":[],"jetpack_publicize_connections":[],"jetpack_featured_media_url":"https:\/\/i0.wp.com\/blogdoeloiltoncajuhy.com.br\/site\/wp-content\/uploads\/2023\/12\/Predio-do-Tribunal-Superior-Eleitoral-em-Brasilia-%E2%80%94-Foto-Antonio-Augusto-Secom-TSE.jpeg?fit=806%2C531&ssl=1","jetpack_sharing_enabled":true,"publishpress_future_workflow_manual_trigger":{"enabledWorkflows":[]},"_links":{"self":[{"href":"https:\/\/blogdoeloiltoncajuhy.com.br\/site\/wp-json\/wp\/v2\/posts\/78000","targetHints":{"allow":["GET"]}}],"collection":[{"href":"https:\/\/blogdoeloiltoncajuhy.com.br\/site\/wp-json\/wp\/v2\/posts"}],"about":[{"href":"https:\/\/blogdoeloiltoncajuhy.com.br\/site\/wp-json\/wp\/v2\/types\/post"}],"author":[{"embeddable":true,"href":"https:\/\/blogdoeloiltoncajuhy.com.br\/site\/wp-json\/wp\/v2\/users\/2"}],"replies":[{"embeddable":true,"href":"https:\/\/blogdoeloiltoncajuhy.com.br\/site\/wp-json\/wp\/v2\/comments?post=78000"}],"version-history":[{"count":1,"href":"https:\/\/blogdoeloiltoncajuhy.com.br\/site\/wp-json\/wp\/v2\/posts\/78000\/revisions"}],"predecessor-version":[{"id":78002,"href":"https:\/\/blogdoeloiltoncajuhy.com.br\/site\/wp-json\/wp\/v2\/posts\/78000\/revisions\/78002"}],"wp:featuredmedia":[{"embeddable":true,"href":"https:\/\/blogdoeloiltoncajuhy.com.br\/site\/wp-json\/wp\/v2\/media\/78001"}],"wp:attachment":[{"href":"https:\/\/blogdoeloiltoncajuhy.com.br\/site\/wp-json\/wp\/v2\/media?parent=78000"}],"wp:term":[{"taxonomy":"category","embeddable":true,"href":"https:\/\/blogdoeloiltoncajuhy.com.br\/site\/wp-json\/wp\/v2\/categories?post=78000"},{"taxonomy":"post_tag","embeddable":true,"href":"https:\/\/blogdoeloiltoncajuhy.com.br\/site\/wp-json\/wp\/v2\/tags?post=78000"}],"curies":[{"name":"wp","href":"https:\/\/api.w.org\/{rel}","templated":true}]}}