{"id":77992,"date":"2023-12-09T11:06:25","date_gmt":"2023-12-09T14:06:25","guid":{"rendered":"https:\/\/blogdoeloiltoncajuhy.com.br\/site\/?p=77992"},"modified":"2023-12-09T11:06:27","modified_gmt":"2023-12-09T14:06:27","slug":"atleta-bonfinense-participa-de-surdolimpiada-em-londrina-pr","status":"publish","type":"post","link":"https:\/\/blogdoeloiltoncajuhy.com.br\/site\/atleta-bonfinense-participa-de-surdolimpiada-em-londrina-pr\/","title":{"rendered":"Atleta bonfinense participa de Surdolimp\u00edada em Londrina-PR"},"content":{"rendered":"\n<p><strong>Por C\u00e1tia Lopes<\/strong><\/p>\n\n\n\n<figure class=\"wp-block-image aligncenter size-full is-resized\"><a href=\"https:\/\/i0.wp.com\/blogdoeloiltoncajuhy.com.br\/site\/wp-content\/uploads\/2023\/12\/Jardel-Surdolimpiada-PR.jpeg?ssl=1\"><img data-recalc-dims=\"1\" fetchpriority=\"high\" decoding=\"async\" width=\"616\" height=\"680\" src=\"https:\/\/i0.wp.com\/blogdoeloiltoncajuhy.com.br\/site\/wp-content\/uploads\/2023\/12\/Jardel-Surdolimpiada-PR.jpeg?resize=616%2C680&#038;ssl=1\" alt=\"\" class=\"wp-image-77993\" style=\"width:466px;height:auto\" srcset=\"https:\/\/i0.wp.com\/blogdoeloiltoncajuhy.com.br\/site\/wp-content\/uploads\/2023\/12\/Jardel-Surdolimpiada-PR.jpeg?w=616&amp;ssl=1 616w, https:\/\/i0.wp.com\/blogdoeloiltoncajuhy.com.br\/site\/wp-content\/uploads\/2023\/12\/Jardel-Surdolimpiada-PR.jpeg?resize=272%2C300&amp;ssl=1 272w\" sizes=\"(max-width: 616px) 100vw, 616px\" \/><\/a><figcaption class=\"wp-element-caption\"><sub>Foto: Divulga\u00e7\u00e3o<\/sub><\/figcaption><\/figure>\n\n\n\n<p>Nos dias 1 e 2 de dezembro, a Confedera\u00e7\u00e3o Brasileira Desportiva de Surdos (CBDS) e a Federa\u00e7\u00e3o Brasiliense Desportiva dos Surdos (FBDS), realizaram no Centro Esportivo Maria Cec\u00edlia, em Londrina-PR, a Surdolimp\u00edada Nacional edi\u00e7\u00e3o 2023, onde o atleta Jardel Cerqueira Moura, representando a cidade de Senhor do Bonfim, sagrou-se campe\u00e3o em Kat\u00e1 e vice-campe\u00e3o em Kumit\u00ea. Jardel explicou que o seu sonho continua sendo o de representar o Karat\u00ea em diversos lugares. Na oportunidade, agradece a todos pelo apoio e incentivo constantes.<\/p>\n","protected":false},"excerpt":{"rendered":"<p>Por C\u00e1tia Lopes Nos dias 1 e 2 de dezembro, a Confedera\u00e7\u00e3o Brasileira Desportiva de Surdos (CBDS) e a Federa\u00e7\u00e3o Brasiliense Desportiva dos Surdos (FBDS), realizaram no Centro Esportivo Maria Cec\u00edlia, em Londrina-PR, a Surdolimp\u00edada Nacional edi\u00e7\u00e3o 2023, onde o atleta Jardel Cerqueira Moura, representando a cidade de Senhor do Bonfim, sagrou-se campe\u00e3o em Kat\u00e1 [&hellip;]<\/p>\n","protected":false},"author":2,"featured_media":77993,"comment_status":"open","ping_status":"open","sticky":false,"template":"","format":"standard","meta":{"_acf_changed":false,"_monsterinsights_skip_tracking":false,"_monsterinsights_sitenote_active":false,"_monsterinsights_sitenote_note":"","_monsterinsights_sitenote_category":0,"_jetpack_memberships_contains_paid_content":false,"footnotes":"","jetpack_publicize_message":"","jetpack_publicize_feature_enabled":true,"jetpack_social_post_already_shared":true,"jetpack_social_options":{"image_generator_settings":{"template":"highway","default_image_id":0,"font":"","enabled":false},"version":2}},"categories":[6],"tags":[],"class_list":["post-77992","post","type-post","status-publish","format-standard","has-post-thumbnail","hentry","category-esportes"],"acf":[],"jetpack_publicize_connections":[],"jetpack_featured_media_url":"https:\/\/i0.wp.com\/blogdoeloiltoncajuhy.com.br\/site\/wp-content\/uploads\/2023\/12\/Jardel-Surdolimpiada-PR.jpeg?fit=616%2C680&ssl=1","jetpack_sharing_enabled":true,"publishpress_future_workflow_manual_trigger":{"enabledWorkflows":[]},"_links":{"self":[{"href":"https:\/\/blogdoeloiltoncajuhy.com.br\/site\/wp-json\/wp\/v2\/posts\/77992","targetHints":{"allow":["GET"]}}],"collection":[{"href":"https:\/\/blogdoeloiltoncajuhy.com.br\/site\/wp-json\/wp\/v2\/posts"}],"about":[{"href":"https:\/\/blogdoeloiltoncajuhy.com.br\/site\/wp-json\/wp\/v2\/types\/post"}],"author":[{"embeddable":true,"href":"https:\/\/blogdoeloiltoncajuhy.com.br\/site\/wp-json\/wp\/v2\/users\/2"}],"replies":[{"embeddable":true,"href":"https:\/\/blogdoeloiltoncajuhy.com.br\/site\/wp-json\/wp\/v2\/comments?post=77992"}],"version-history":[{"count":1,"href":"https:\/\/blogdoeloiltoncajuhy.com.br\/site\/wp-json\/wp\/v2\/posts\/77992\/revisions"}],"predecessor-version":[{"id":77994,"href":"https:\/\/blogdoeloiltoncajuhy.com.br\/site\/wp-json\/wp\/v2\/posts\/77992\/revisions\/77994"}],"wp:featuredmedia":[{"embeddable":true,"href":"https:\/\/blogdoeloiltoncajuhy.com.br\/site\/wp-json\/wp\/v2\/media\/77993"}],"wp:attachment":[{"href":"https:\/\/blogdoeloiltoncajuhy.com.br\/site\/wp-json\/wp\/v2\/media?parent=77992"}],"wp:term":[{"taxonomy":"category","embeddable":true,"href":"https:\/\/blogdoeloiltoncajuhy.com.br\/site\/wp-json\/wp\/v2\/categories?post=77992"},{"taxonomy":"post_tag","embeddable":true,"href":"https:\/\/blogdoeloiltoncajuhy.com.br\/site\/wp-json\/wp\/v2\/tags?post=77992"}],"curies":[{"name":"wp","href":"https:\/\/api.w.org\/{rel}","templated":true}]}}