{"id":77986,"date":"2023-12-09T09:53:31","date_gmt":"2023-12-09T12:53:31","guid":{"rendered":"https:\/\/blogdoeloiltoncajuhy.com.br\/site\/?p=77986"},"modified":"2023-12-09T09:53:33","modified_gmt":"2023-12-09T12:53:33","slug":"oportunidades-anac-vai-abrir-concurso-publico-com-70-vagas-e-salario-de-r-16-413","status":"publish","type":"post","link":"https:\/\/blogdoeloiltoncajuhy.com.br\/site\/oportunidades-anac-vai-abrir-concurso-publico-com-70-vagas-e-salario-de-r-16-413\/","title":{"rendered":"Oportunidades: Anac vai abrir concurso p\u00fablico com 70 vagas e sal\u00e1rio de R$ 16.413"},"content":{"rendered":"\n<p class=\"has-text-align-center has-medium-font-size\"><strong>As vagas est\u00e3o distribu\u00eddas em tr\u00eas \u00e1reas de atua\u00e7\u00e3o.<\/strong><\/p>\n\n\n\n<p><strong>Por A Tarde<\/strong><\/p>\n\n\n\n<figure class=\"wp-block-image aligncenter size-full\"><a href=\"https:\/\/i0.wp.com\/blogdoeloiltoncajuhy.com.br\/site\/wp-content\/uploads\/2023\/12\/ANAC-Foto-Joa-Souza-Ag.-A-TARDE.jpeg?ssl=1\"><img data-recalc-dims=\"1\" fetchpriority=\"high\" decoding=\"async\" width=\"800\" height=\"446\" src=\"https:\/\/i0.wp.com\/blogdoeloiltoncajuhy.com.br\/site\/wp-content\/uploads\/2023\/12\/ANAC-Foto-Joa-Souza-Ag.-A-TARDE.jpeg?resize=800%2C446&#038;ssl=1\" alt=\"\" class=\"wp-image-77987\" srcset=\"https:\/\/i0.wp.com\/blogdoeloiltoncajuhy.com.br\/site\/wp-content\/uploads\/2023\/12\/ANAC-Foto-Joa-Souza-Ag.-A-TARDE.jpeg?w=980&amp;ssl=1 980w, https:\/\/i0.wp.com\/blogdoeloiltoncajuhy.com.br\/site\/wp-content\/uploads\/2023\/12\/ANAC-Foto-Joa-Souza-Ag.-A-TARDE.jpeg?resize=300%2C167&amp;ssl=1 300w, https:\/\/i0.wp.com\/blogdoeloiltoncajuhy.com.br\/site\/wp-content\/uploads\/2023\/12\/ANAC-Foto-Joa-Souza-Ag.-A-TARDE.jpeg?resize=768%2C428&amp;ssl=1 768w\" sizes=\"(max-width: 800px) 100vw, 800px\" \/><\/a><figcaption class=\"wp-element-caption\"><sub>As inscri\u00e7\u00f5es estar\u00e3o abertas de 13 de dezembro de 2023 a 4 de janeiro &#8211; Foto: Jo\u00e1 Souza | Ag. A TARDE<\/sub><\/figcaption><\/figure>\n\n\n\n<p>A Ag\u00eancia Nacional de Avia\u00e7\u00e3o Civil (ANAC) divulgou nesta sexta-feira, 8, o edital do concurso com 70 vagas para o cargo de especialista em Regula\u00e7\u00e3o de Avia\u00e7\u00e3o Civil, com remunera\u00e7\u00e3o de R$ 16.413,35.<\/p>\n\n\n\n<p>As oportunidades est\u00e3o distribu\u00eddas em tr\u00eas \u00e1reas de atua\u00e7\u00e3o: s\u00e3o 25 para profissionais em qualquer \u00e1rea de forma\u00e7\u00e3o acrescida de licen\u00e7a de piloto(a) de avi\u00e3o ou helic\u00f3ptero, 25 para engenheiros(as) e 20 para profissionais de qualquer segmento de forma\u00e7\u00e3o. Para compor o cadastro de reserva, ser\u00e3o classificados 246 candidatos ao todo. Do total de vagas, 5% ser\u00e3o destinadas aos candidatos com defici\u00eancia e 20% \u00e0s pessoas negras.<\/p>\n\n\n\n<p>As inscri\u00e7\u00f5es estar\u00e3o abertas de 13 de dezembro de 2023 a 4 de janeiro e os interessados devem acessar o site do Centro Brasileiro de Pesquisa em Avalia\u00e7\u00e3o e Sele\u00e7\u00e3o e de Promo\u00e7\u00e3o de Eventos (Cebraspe), institui\u00e7\u00e3o executora do certame.<\/p>\n\n\n\n<p>Os convocados ser\u00e3o lotados a crit\u00e9rio da Administra\u00e7\u00e3o, no Distrito Federal ou em S\u00e3o Paulo. A sele\u00e7\u00e3o abrange duas etapas. Na primeira, haver\u00e1 a aplica\u00e7\u00e3o das provas objetiva e discursiva, prevista para o dia 3 de mar\u00e7o de 2024, e a avalia\u00e7\u00e3o de t\u00edtulos. A segunda e \u00faltima fase \u00e9 a realiza\u00e7\u00e3o de um curso de forma\u00e7\u00e3o com at\u00e9 160 horas de dura\u00e7\u00e3o, divididas em aulas online e presenciais, em Bras\u00edlia (DF), no m\u00eas estimado de agosto de 2024.<\/p>\n","protected":false},"excerpt":{"rendered":"<p>As vagas est\u00e3o distribu\u00eddas em tr\u00eas \u00e1reas de atua\u00e7\u00e3o. Por A Tarde A Ag\u00eancia Nacional de Avia\u00e7\u00e3o Civil (ANAC) divulgou nesta sexta-feira, 8, o edital do concurso com 70 vagas para o cargo de especialista em Regula\u00e7\u00e3o de Avia\u00e7\u00e3o Civil, com remunera\u00e7\u00e3o de R$ 16.413,35. As oportunidades est\u00e3o distribu\u00eddas em tr\u00eas \u00e1reas de atua\u00e7\u00e3o: s\u00e3o [&hellip;]<\/p>\n","protected":false},"author":2,"featured_media":77987,"comment_status":"open","ping_status":"open","sticky":false,"template":"","format":"standard","meta":{"_acf_changed":false,"_monsterinsights_skip_tracking":false,"_monsterinsights_sitenote_active":false,"_monsterinsights_sitenote_note":"","_monsterinsights_sitenote_category":0,"_jetpack_memberships_contains_paid_content":false,"footnotes":"","jetpack_publicize_message":"","jetpack_publicize_feature_enabled":true,"jetpack_social_post_already_shared":true,"jetpack_social_options":{"image_generator_settings":{"template":"highway","default_image_id":0,"font":"","enabled":false},"version":2}},"categories":[32],"tags":[],"class_list":["post-77986","post","type-post","status-publish","format-standard","has-post-thumbnail","hentry","category-emprego"],"acf":[],"jetpack_publicize_connections":[],"jetpack_featured_media_url":"https:\/\/i0.wp.com\/blogdoeloiltoncajuhy.com.br\/site\/wp-content\/uploads\/2023\/12\/ANAC-Foto-Joa-Souza-Ag.-A-TARDE.jpeg?fit=980%2C546&ssl=1","jetpack_sharing_enabled":true,"publishpress_future_workflow_manual_trigger":{"enabledWorkflows":[]},"_links":{"self":[{"href":"https:\/\/blogdoeloiltoncajuhy.com.br\/site\/wp-json\/wp\/v2\/posts\/77986","targetHints":{"allow":["GET"]}}],"collection":[{"href":"https:\/\/blogdoeloiltoncajuhy.com.br\/site\/wp-json\/wp\/v2\/posts"}],"about":[{"href":"https:\/\/blogdoeloiltoncajuhy.com.br\/site\/wp-json\/wp\/v2\/types\/post"}],"author":[{"embeddable":true,"href":"https:\/\/blogdoeloiltoncajuhy.com.br\/site\/wp-json\/wp\/v2\/users\/2"}],"replies":[{"embeddable":true,"href":"https:\/\/blogdoeloiltoncajuhy.com.br\/site\/wp-json\/wp\/v2\/comments?post=77986"}],"version-history":[{"count":1,"href":"https:\/\/blogdoeloiltoncajuhy.com.br\/site\/wp-json\/wp\/v2\/posts\/77986\/revisions"}],"predecessor-version":[{"id":77988,"href":"https:\/\/blogdoeloiltoncajuhy.com.br\/site\/wp-json\/wp\/v2\/posts\/77986\/revisions\/77988"}],"wp:featuredmedia":[{"embeddable":true,"href":"https:\/\/blogdoeloiltoncajuhy.com.br\/site\/wp-json\/wp\/v2\/media\/77987"}],"wp:attachment":[{"href":"https:\/\/blogdoeloiltoncajuhy.com.br\/site\/wp-json\/wp\/v2\/media?parent=77986"}],"wp:term":[{"taxonomy":"category","embeddable":true,"href":"https:\/\/blogdoeloiltoncajuhy.com.br\/site\/wp-json\/wp\/v2\/categories?post=77986"},{"taxonomy":"post_tag","embeddable":true,"href":"https:\/\/blogdoeloiltoncajuhy.com.br\/site\/wp-json\/wp\/v2\/tags?post=77986"}],"curies":[{"name":"wp","href":"https:\/\/api.w.org\/{rel}","templated":true}]}}