{"id":77977,"date":"2023-12-08T18:54:17","date_gmt":"2023-12-08T21:54:17","guid":{"rendered":"https:\/\/blogdoeloiltoncajuhy.com.br\/site\/?p=77977"},"modified":"2023-12-08T18:54:19","modified_gmt":"2023-12-08T21:54:19","slug":"contacao-de-historias-sobre-maria-quiteria-circula-escolas-de-jaguarari-ba","status":"publish","type":"post","link":"https:\/\/blogdoeloiltoncajuhy.com.br\/site\/contacao-de-historias-sobre-maria-quiteria-circula-escolas-de-jaguarari-ba\/","title":{"rendered":"Conta\u00e7\u00e3o de hist\u00f3rias sobre Maria Quit\u00e9ria circula escolas de Jaguarari (BA)"},"content":{"rendered":"\n<p class=\"has-text-align-center has-medium-font-size\"><strong>Projeto da atriz Nat\u00e1lia Agla leva hist\u00f3ria da Bahia para crian\u00e7as.<\/strong><\/p>\n\n\n\n<p><strong>Por Adriano Alves<\/strong><\/p>\n\n\n\n<figure class=\"wp-block-image aligncenter size-full is-resized\"><a href=\"https:\/\/i0.wp.com\/blogdoeloiltoncajuhy.com.br\/site\/wp-content\/uploads\/2023\/12\/ContacaoJaguarari01.jpg?ssl=1\"><img data-recalc-dims=\"1\" fetchpriority=\"high\" decoding=\"async\" width=\"800\" height=\"533\" src=\"https:\/\/i0.wp.com\/blogdoeloiltoncajuhy.com.br\/site\/wp-content\/uploads\/2023\/12\/ContacaoJaguarari01.jpg?resize=800%2C533&#038;ssl=1\" alt=\"\" class=\"wp-image-77978\" style=\"width:714px;height:auto\" srcset=\"https:\/\/i0.wp.com\/blogdoeloiltoncajuhy.com.br\/site\/wp-content\/uploads\/2023\/12\/ContacaoJaguarari01.jpg?w=984&amp;ssl=1 984w, https:\/\/i0.wp.com\/blogdoeloiltoncajuhy.com.br\/site\/wp-content\/uploads\/2023\/12\/ContacaoJaguarari01.jpg?resize=300%2C200&amp;ssl=1 300w, https:\/\/i0.wp.com\/blogdoeloiltoncajuhy.com.br\/site\/wp-content\/uploads\/2023\/12\/ContacaoJaguarari01.jpg?resize=768%2C512&amp;ssl=1 768w\" sizes=\"(max-width: 800px) 100vw, 800px\" \/><\/a><figcaption class=\"wp-element-caption\"><sub>Foto: Luiz Barbosa<\/sub><\/figcaption><\/figure>\n\n\n\n<p>A hist\u00f3ria de Maria Quit\u00e9ria de Jesus, militar baiana \u00edcone da Independ\u00eancia da Bahia, foi contada para centenas de crian\u00e7as de Jaguarari (BA). O projeto de conta\u00e7\u00e3o de hist\u00f3rias \u2018Meninas valentes, sim senhora!\u2019 realizou uma temporada por escolas p\u00fablicas do munic\u00edpio, entre os dias 05 e 08 de dezembro.<\/p>\n\n\n\n<p>Em cena, a atriz Nat\u00e1lia Agla usa uma personagem fict\u00edcia, a crian\u00e7a Maria Cheia de Ideias, para contar de forma l\u00fadica sobre as guerras pela independ\u00eancia do pa\u00eds e a import\u00e2ncia das mulheres na hist\u00f3ria baiana. \u201cFoi muito emocionante poder falar com crian\u00e7as sobre a for\u00e7a das mulheres e levar a mensagem de que elas podem ser o que quiserem, a partir de uma hist\u00f3ria real e t\u00e3o especial\u201d, diz.<\/p>\n\n\n\n<p>Foram oito apresenta\u00e7\u00f5es, que contemplaram seis escolas e centenas de meninas e meninos. O encerramento, nesta sexta-feira (08), foi em duas escolas de distritos de Jaguarari, levando o projeto para comunidades que nunca tinham recebido uma circula\u00e7\u00e3o teatral.<\/p>\n\n\n\n<p>A coordenadora pedag\u00f3gica da Escola Municipal Professora Maria Ivete, Mayra da Silva Santos, acredita que projetos culturais nas escolas trazem frutos positivos para a vida dos alunos. \u201cEu acho essas a\u00e7\u00f5es fant\u00e1sticas, porque enriquecem de uma forma mais din\u00e2mica e concreta a aprendizagem, sai um pouco daquele m\u00e9todo mais conteudista e traz o l\u00fadico e acredito que torna-se mais significativo\u201d.<\/p>\n\n\n\n<p>A conta\u00e7\u00e3o tem dire\u00e7\u00e3o de Adriano Alves, a partir da dramaturgia de Laila Gama, e produ\u00e7\u00e3o da Pipa Produ\u00e7\u00f5es. A dire\u00e7\u00e3o de arte \u00e9 assinada pela artista visual Wechila Andrade e as m\u00fasicas pela cantora Andrezza Santos. A produ\u00e7\u00e3o executiva \u00e9 de Nilzete Miranda com assist\u00eancia de produ\u00e7\u00e3o de Felipe Ferreira e apoio t\u00e9cnica de Uriel Bezerra.<\/p>\n\n\n\n<p>Este projeto foi contemplado pelo edital Di\u00e1logos Art\u00edsticos \u2013 Bicenten\u00e1rio da Independ\u00eancia na Bahia e tem apoio financeiro da Funda\u00e7\u00e3o Cultural do Estado da Bahia, unidade vinculada \u00e0 Secretaria de Cultura (Funceb\/SecultBa). A circula\u00e7\u00e3o contou com apoio institucional da Prefeitura de Jaguarari, atrav\u00e9s da Secretaria Municipal de Educa\u00e7\u00e3o.<\/p>\n","protected":false},"excerpt":{"rendered":"<p>Projeto da atriz Nat\u00e1lia Agla leva hist\u00f3ria da Bahia para crian\u00e7as. Por Adriano Alves A hist\u00f3ria de Maria Quit\u00e9ria de Jesus, militar baiana \u00edcone da Independ\u00eancia da Bahia, foi contada para centenas de crian\u00e7as de Jaguarari (BA). O projeto de conta\u00e7\u00e3o de hist\u00f3rias \u2018Meninas valentes, sim senhora!\u2019 realizou uma temporada por escolas p\u00fablicas do munic\u00edpio, [&hellip;]<\/p>\n","protected":false},"author":2,"featured_media":77978,"comment_status":"open","ping_status":"open","sticky":false,"template":"","format":"standard","meta":{"_acf_changed":false,"_monsterinsights_skip_tracking":false,"_monsterinsights_sitenote_active":false,"_monsterinsights_sitenote_note":"","_monsterinsights_sitenote_category":0,"_jetpack_memberships_contains_paid_content":false,"footnotes":"","jetpack_publicize_message":"","jetpack_publicize_feature_enabled":true,"jetpack_social_post_already_shared":true,"jetpack_social_options":{"image_generator_settings":{"template":"highway","default_image_id":0,"font":"","enabled":false},"version":2}},"categories":[11],"tags":[],"class_list":["post-77977","post","type-post","status-publish","format-standard","has-post-thumbnail","hentry","category-regional"],"acf":[],"jetpack_publicize_connections":[],"jetpack_featured_media_url":"https:\/\/i0.wp.com\/blogdoeloiltoncajuhy.com.br\/site\/wp-content\/uploads\/2023\/12\/ContacaoJaguarari01.jpg?fit=984%2C656&ssl=1","jetpack_sharing_enabled":true,"publishpress_future_workflow_manual_trigger":{"enabledWorkflows":[]},"_links":{"self":[{"href":"https:\/\/blogdoeloiltoncajuhy.com.br\/site\/wp-json\/wp\/v2\/posts\/77977","targetHints":{"allow":["GET"]}}],"collection":[{"href":"https:\/\/blogdoeloiltoncajuhy.com.br\/site\/wp-json\/wp\/v2\/posts"}],"about":[{"href":"https:\/\/blogdoeloiltoncajuhy.com.br\/site\/wp-json\/wp\/v2\/types\/post"}],"author":[{"embeddable":true,"href":"https:\/\/blogdoeloiltoncajuhy.com.br\/site\/wp-json\/wp\/v2\/users\/2"}],"replies":[{"embeddable":true,"href":"https:\/\/blogdoeloiltoncajuhy.com.br\/site\/wp-json\/wp\/v2\/comments?post=77977"}],"version-history":[{"count":1,"href":"https:\/\/blogdoeloiltoncajuhy.com.br\/site\/wp-json\/wp\/v2\/posts\/77977\/revisions"}],"predecessor-version":[{"id":77979,"href":"https:\/\/blogdoeloiltoncajuhy.com.br\/site\/wp-json\/wp\/v2\/posts\/77977\/revisions\/77979"}],"wp:featuredmedia":[{"embeddable":true,"href":"https:\/\/blogdoeloiltoncajuhy.com.br\/site\/wp-json\/wp\/v2\/media\/77978"}],"wp:attachment":[{"href":"https:\/\/blogdoeloiltoncajuhy.com.br\/site\/wp-json\/wp\/v2\/media?parent=77977"}],"wp:term":[{"taxonomy":"category","embeddable":true,"href":"https:\/\/blogdoeloiltoncajuhy.com.br\/site\/wp-json\/wp\/v2\/categories?post=77977"},{"taxonomy":"post_tag","embeddable":true,"href":"https:\/\/blogdoeloiltoncajuhy.com.br\/site\/wp-json\/wp\/v2\/tags?post=77977"}],"curies":[{"name":"wp","href":"https:\/\/api.w.org\/{rel}","templated":true}]}}