{"id":77974,"date":"2023-12-08T16:16:43","date_gmt":"2023-12-08T19:16:43","guid":{"rendered":"https:\/\/blogdoeloiltoncajuhy.com.br\/site\/?p=77974"},"modified":"2023-12-08T16:16:45","modified_gmt":"2023-12-08T19:16:45","slug":"funcionario-de-centro-psicossocial-e-preso-suspeito-de-estuprar-paciente-de-10-anos-com-autismo","status":"publish","type":"post","link":"https:\/\/blogdoeloiltoncajuhy.com.br\/site\/funcionario-de-centro-psicossocial-e-preso-suspeito-de-estuprar-paciente-de-10-anos-com-autismo\/","title":{"rendered":"Funcion\u00e1rio de centro psicossocial \u00e9 preso suspeito de estuprar paciente de 10 anos com autismo"},"content":{"rendered":"\n<p class=\"has-medium-font-size\"><strong>Pris\u00e3o aconteceu na cidade de Conde\u00faba. Investiga\u00e7\u00f5es apontaram que abusos sexuais ocorreram durante 11 meses.<\/strong><\/p>\n\n\n\n<p><strong>Por g1 BA<\/strong><\/p>\n\n\n\n<figure class=\"wp-block-image aligncenter size-full is-resized\"><a href=\"https:\/\/i0.wp.com\/blogdoeloiltoncajuhy.com.br\/site\/wp-content\/uploads\/2023\/12\/Imagem-aerea-da-cidade-de-Condeuba-%E2%80%94-Foto-Prefeitura-de-Condeuba.webp?ssl=1\"><img data-recalc-dims=\"1\" fetchpriority=\"high\" decoding=\"async\" width=\"800\" height=\"600\" src=\"https:\/\/i0.wp.com\/blogdoeloiltoncajuhy.com.br\/site\/wp-content\/uploads\/2023\/12\/Imagem-aerea-da-cidade-de-Condeuba-%E2%80%94-Foto-Prefeitura-de-Condeuba.webp?resize=800%2C600&#038;ssl=1\" alt=\"\" class=\"wp-image-77975\" style=\"width:648px;height:auto\" srcset=\"https:\/\/i0.wp.com\/blogdoeloiltoncajuhy.com.br\/site\/wp-content\/uploads\/2023\/12\/Imagem-aerea-da-cidade-de-Condeuba-%E2%80%94-Foto-Prefeitura-de-Condeuba.webp?w=984&amp;ssl=1 984w, https:\/\/i0.wp.com\/blogdoeloiltoncajuhy.com.br\/site\/wp-content\/uploads\/2023\/12\/Imagem-aerea-da-cidade-de-Condeuba-%E2%80%94-Foto-Prefeitura-de-Condeuba.webp?resize=300%2C225&amp;ssl=1 300w, https:\/\/i0.wp.com\/blogdoeloiltoncajuhy.com.br\/site\/wp-content\/uploads\/2023\/12\/Imagem-aerea-da-cidade-de-Condeuba-%E2%80%94-Foto-Prefeitura-de-Condeuba.webp?resize=768%2C576&amp;ssl=1 768w\" sizes=\"(max-width: 800px) 100vw, 800px\" \/><\/a><figcaption class=\"wp-element-caption\"><sub>Imagem a\u00e9rea da cidade de Conde\u00faba, na Bahia, onde ocorreu o caso \u2014 Foto: Prefeitura de Conde\u00faba<\/sub><\/figcaption><\/figure>\n\n\n\n<p>Um funcion\u00e1rio do Centro de Atendimento Psicossocial (Caps), do munic\u00edpio de Conde\u00faba, foi preso nesta sexta-feira (8), suspeito de estuprar um paciente de 10 anos, com transtorno do espectro autista.<\/p>\n\n\n\n<p>N\u00e3o foi detalhado, no entanto, qual \u00e9 a profiss\u00e3o do suspeito e como ele atuava no Caps. Segundo informa\u00e7\u00f5es da Pol\u00edcia Civil, as investiga\u00e7\u00f5es apontaram que os abusos sexuais ocorreram durante 11 meses. As apura\u00e7\u00f5es tiveram in\u00edcio ap\u00f3s den\u00fancias de familiares.<\/p>\n\n\n\n<p>O titular da delegacia de Conde\u00faba, S\u00e9rgio Fabiano, informou que diversos elementos comprovaram a materialidade dos delitos.<\/p>\n\n\n\n<p>&#8220;Laudos periciais, exames e depoimentos colaboraram para o esclarecimento do caso e a identifica\u00e7\u00e3o do suspeito, bem como as circunst\u00e2ncias em que ocorreram os abusos&#8221;, informou.<br>O suspeito teve o mandado de pris\u00e3o preventiva e de busca e apreens\u00e3o cumpridos por policiais da delegacia da cidade. Ele est\u00e1 \u00e0 disposi\u00e7\u00e3o da Justi\u00e7a. A v\u00edtima foi encaminhada para atendimentos m\u00e9dicos e para a rede de assist\u00eancia psicossocial.<\/p>\n\n\n\n<p>O Conselho Tutelar tamb\u00e9m foi acionado. A pol\u00edcia afirmou que as investiga\u00e7\u00f5es ter\u00e3o continuidade, com o objetivo de determinar todas as circunst\u00e2ncias em que os delitos ocorreram.<\/p>\n","protected":false},"excerpt":{"rendered":"<p>Pris\u00e3o aconteceu na cidade de Conde\u00faba. Investiga\u00e7\u00f5es apontaram que abusos sexuais ocorreram durante 11 meses. Por g1 BA Um funcion\u00e1rio do Centro de Atendimento Psicossocial (Caps), do munic\u00edpio de Conde\u00faba, foi preso nesta sexta-feira (8), suspeito de estuprar um paciente de 10 anos, com transtorno do espectro autista. N\u00e3o foi detalhado, no entanto, qual \u00e9 [&hellip;]<\/p>\n","protected":false},"author":2,"featured_media":77975,"comment_status":"open","ping_status":"open","sticky":false,"template":"","format":"standard","meta":{"_acf_changed":false,"_monsterinsights_skip_tracking":false,"_monsterinsights_sitenote_active":false,"_monsterinsights_sitenote_note":"","_monsterinsights_sitenote_category":0,"_jetpack_memberships_contains_paid_content":false,"footnotes":"","jetpack_publicize_message":"","jetpack_publicize_feature_enabled":true,"jetpack_social_post_already_shared":true,"jetpack_social_options":{"image_generator_settings":{"template":"highway","default_image_id":0,"font":"","enabled":false},"version":2}},"categories":[15],"tags":[],"class_list":["post-77974","post","type-post","status-publish","format-standard","has-post-thumbnail","hentry","category-policia"],"acf":[],"jetpack_publicize_connections":[],"jetpack_featured_media_url":"https:\/\/i0.wp.com\/blogdoeloiltoncajuhy.com.br\/site\/wp-content\/uploads\/2023\/12\/Imagem-aerea-da-cidade-de-Condeuba-%E2%80%94-Foto-Prefeitura-de-Condeuba.webp?fit=984%2C738&ssl=1","jetpack_sharing_enabled":true,"publishpress_future_workflow_manual_trigger":{"enabledWorkflows":[]},"_links":{"self":[{"href":"https:\/\/blogdoeloiltoncajuhy.com.br\/site\/wp-json\/wp\/v2\/posts\/77974","targetHints":{"allow":["GET"]}}],"collection":[{"href":"https:\/\/blogdoeloiltoncajuhy.com.br\/site\/wp-json\/wp\/v2\/posts"}],"about":[{"href":"https:\/\/blogdoeloiltoncajuhy.com.br\/site\/wp-json\/wp\/v2\/types\/post"}],"author":[{"embeddable":true,"href":"https:\/\/blogdoeloiltoncajuhy.com.br\/site\/wp-json\/wp\/v2\/users\/2"}],"replies":[{"embeddable":true,"href":"https:\/\/blogdoeloiltoncajuhy.com.br\/site\/wp-json\/wp\/v2\/comments?post=77974"}],"version-history":[{"count":1,"href":"https:\/\/blogdoeloiltoncajuhy.com.br\/site\/wp-json\/wp\/v2\/posts\/77974\/revisions"}],"predecessor-version":[{"id":77976,"href":"https:\/\/blogdoeloiltoncajuhy.com.br\/site\/wp-json\/wp\/v2\/posts\/77974\/revisions\/77976"}],"wp:featuredmedia":[{"embeddable":true,"href":"https:\/\/blogdoeloiltoncajuhy.com.br\/site\/wp-json\/wp\/v2\/media\/77975"}],"wp:attachment":[{"href":"https:\/\/blogdoeloiltoncajuhy.com.br\/site\/wp-json\/wp\/v2\/media?parent=77974"}],"wp:term":[{"taxonomy":"category","embeddable":true,"href":"https:\/\/blogdoeloiltoncajuhy.com.br\/site\/wp-json\/wp\/v2\/categories?post=77974"},{"taxonomy":"post_tag","embeddable":true,"href":"https:\/\/blogdoeloiltoncajuhy.com.br\/site\/wp-json\/wp\/v2\/tags?post=77974"}],"curies":[{"name":"wp","href":"https:\/\/api.w.org\/{rel}","templated":true}]}}