{"id":77968,"date":"2023-12-08T07:24:54","date_gmt":"2023-12-08T10:24:54","guid":{"rendered":"https:\/\/blogdoeloiltoncajuhy.com.br\/site\/?p=77968"},"modified":"2023-12-08T07:24:56","modified_gmt":"2023-12-08T10:24:56","slug":"procon-ba-abre-inscricoes-para-25-vagas-salarios-variam-entre-r-24-e-r-31-mil","status":"publish","type":"post","link":"https:\/\/blogdoeloiltoncajuhy.com.br\/site\/procon-ba-abre-inscricoes-para-25-vagas-salarios-variam-entre-r-24-e-r-31-mil\/","title":{"rendered":"Procon-BA abre inscri\u00e7\u00f5es para 25 vagas; sal\u00e1rios variam entre R$ 2,4 e R$ 3,1 mil"},"content":{"rendered":"\n<p><strong>Blog do Eloilton Cajuhy<\/strong><\/p>\n\n\n\n<figure class=\"wp-block-image aligncenter size-full is-resized\"><a href=\"https:\/\/i0.wp.com\/blogdoeloiltoncajuhy.com.br\/site\/wp-content\/uploads\/2023\/12\/selecao-procon-ba-divulgacao.jpg?ssl=1\"><img data-recalc-dims=\"1\" fetchpriority=\"high\" decoding=\"async\" width=\"580\" height=\"280\" src=\"https:\/\/i0.wp.com\/blogdoeloiltoncajuhy.com.br\/site\/wp-content\/uploads\/2023\/12\/selecao-procon-ba-divulgacao.jpg?resize=580%2C280&#038;ssl=1\" alt=\"\" class=\"wp-image-77969\" style=\"width:688px;height:auto\" srcset=\"https:\/\/i0.wp.com\/blogdoeloiltoncajuhy.com.br\/site\/wp-content\/uploads\/2023\/12\/selecao-procon-ba-divulgacao.jpg?w=580&amp;ssl=1 580w, https:\/\/i0.wp.com\/blogdoeloiltoncajuhy.com.br\/site\/wp-content\/uploads\/2023\/12\/selecao-procon-ba-divulgacao.jpg?resize=300%2C145&amp;ssl=1 300w\" sizes=\"(max-width: 580px) 100vw, 580px\" \/><\/a><figcaption class=\"wp-element-caption\"><sub>Divulga\u00e7\u00e3o<\/sub><\/figcaption><\/figure>\n\n\n\n<p>A Superintend\u00eancia de Prote\u00e7\u00e3o e Defesa do Consumidor da Bahia (Procon-BA) abriu, na quarta-feira (6), as inscri\u00e7\u00f5es para o processo seletivo para analista t\u00e9cnico e t\u00e9cnico administrativo.<\/p>\n\n\n\n<p>De acordo com o \u00f3rg\u00e3o, s\u00e3o 25 vagas para n\u00edvel m\u00e9dio e superior, com sal\u00e1rios entre R$ 2.400 e R$ 3.100 e carga hor\u00e1rio de 40 horas semanais. A contrata\u00e7\u00e3o \u00e9 por Regime Especial de Direito Administrativo (REDA) e o edital do certame pode ser conferido no site <a href=\"http:\/\/selecao.ba.gov.br\/\" target=\"_blank\" rel=\"noreferrer noopener\"><strong><mark style=\"background-color:rgba(0, 0, 0, 0)\" class=\"has-inline-color has-vivid-cyan-blue-color\">http:\/\/selecao.ba.gov.br\/<\/mark><\/strong><\/a> do Procon.<\/p>\n\n\n\n<p>O Procon informou ainda que, quem se candidatar para as vagas de analista t\u00e9cnico, precisa ter gradua\u00e7\u00e3o em direito, contabilidade, nutri\u00e7\u00e3o ou administra\u00e7\u00e3o.<\/p>\n\n\n\n<p>As inscri\u00e7\u00f5es poder\u00e3o ser feitas at\u00e9 14 de dezembro, atrav\u00e9s do site. A sele\u00e7\u00e3o ser\u00e1 em uma \u00fanica etapa, com avalia\u00e7\u00e3o curricular, de car\u00e1ter eliminat\u00f3rio e classificat\u00f3rio. O resultado final ser\u00e1 divulgado no dia 20 de fevereiro de 2024, no Di\u00e1rio Oficial do Estado.<\/p>\n","protected":false},"excerpt":{"rendered":"<p>Blog do Eloilton Cajuhy A Superintend\u00eancia de Prote\u00e7\u00e3o e Defesa do Consumidor da Bahia (Procon-BA) abriu, na quarta-feira (6), as inscri\u00e7\u00f5es para o processo seletivo para analista t\u00e9cnico e t\u00e9cnico administrativo. De acordo com o \u00f3rg\u00e3o, s\u00e3o 25 vagas para n\u00edvel m\u00e9dio e superior, com sal\u00e1rios entre R$ 2.400 e R$ 3.100 e carga hor\u00e1rio [&hellip;]<\/p>\n","protected":false},"author":2,"featured_media":77969,"comment_status":"open","ping_status":"open","sticky":false,"template":"","format":"standard","meta":{"_acf_changed":false,"_monsterinsights_skip_tracking":false,"_monsterinsights_sitenote_active":false,"_monsterinsights_sitenote_note":"","_monsterinsights_sitenote_category":0,"_jetpack_memberships_contains_paid_content":false,"footnotes":"","jetpack_publicize_message":"","jetpack_publicize_feature_enabled":true,"jetpack_social_post_already_shared":true,"jetpack_social_options":{"image_generator_settings":{"template":"highway","default_image_id":0,"font":"","enabled":false},"version":2}},"categories":[32],"tags":[],"class_list":["post-77968","post","type-post","status-publish","format-standard","has-post-thumbnail","hentry","category-emprego"],"acf":[],"jetpack_publicize_connections":[],"jetpack_featured_media_url":"https:\/\/i0.wp.com\/blogdoeloiltoncajuhy.com.br\/site\/wp-content\/uploads\/2023\/12\/selecao-procon-ba-divulgacao.jpg?fit=580%2C280&ssl=1","jetpack_sharing_enabled":true,"publishpress_future_workflow_manual_trigger":{"enabledWorkflows":[]},"_links":{"self":[{"href":"https:\/\/blogdoeloiltoncajuhy.com.br\/site\/wp-json\/wp\/v2\/posts\/77968","targetHints":{"allow":["GET"]}}],"collection":[{"href":"https:\/\/blogdoeloiltoncajuhy.com.br\/site\/wp-json\/wp\/v2\/posts"}],"about":[{"href":"https:\/\/blogdoeloiltoncajuhy.com.br\/site\/wp-json\/wp\/v2\/types\/post"}],"author":[{"embeddable":true,"href":"https:\/\/blogdoeloiltoncajuhy.com.br\/site\/wp-json\/wp\/v2\/users\/2"}],"replies":[{"embeddable":true,"href":"https:\/\/blogdoeloiltoncajuhy.com.br\/site\/wp-json\/wp\/v2\/comments?post=77968"}],"version-history":[{"count":1,"href":"https:\/\/blogdoeloiltoncajuhy.com.br\/site\/wp-json\/wp\/v2\/posts\/77968\/revisions"}],"predecessor-version":[{"id":77970,"href":"https:\/\/blogdoeloiltoncajuhy.com.br\/site\/wp-json\/wp\/v2\/posts\/77968\/revisions\/77970"}],"wp:featuredmedia":[{"embeddable":true,"href":"https:\/\/blogdoeloiltoncajuhy.com.br\/site\/wp-json\/wp\/v2\/media\/77969"}],"wp:attachment":[{"href":"https:\/\/blogdoeloiltoncajuhy.com.br\/site\/wp-json\/wp\/v2\/media?parent=77968"}],"wp:term":[{"taxonomy":"category","embeddable":true,"href":"https:\/\/blogdoeloiltoncajuhy.com.br\/site\/wp-json\/wp\/v2\/categories?post=77968"},{"taxonomy":"post_tag","embeddable":true,"href":"https:\/\/blogdoeloiltoncajuhy.com.br\/site\/wp-json\/wp\/v2\/tags?post=77968"}],"curies":[{"name":"wp","href":"https:\/\/api.w.org\/{rel}","templated":true}]}}