{"id":77803,"date":"2023-11-29T18:15:25","date_gmt":"2023-11-29T21:15:25","guid":{"rendered":"https:\/\/blogdoeloiltoncajuhy.com.br\/site\/?p=77803"},"modified":"2023-11-29T18:15:28","modified_gmt":"2023-11-29T21:15:28","slug":"burnout-abuso-de-drogas-e-tentativa-de-suicidio-entram-em-lista-de-doencas-relacionadas-ao-trabalho","status":"publish","type":"post","link":"https:\/\/blogdoeloiltoncajuhy.com.br\/site\/burnout-abuso-de-drogas-e-tentativa-de-suicidio-entram-em-lista-de-doencas-relacionadas-ao-trabalho\/","title":{"rendered":"Burnout, abuso de drogas e tentativa de suic\u00eddio entram em lista de doen\u00e7as relacionadas ao trabalho"},"content":{"rendered":"\n<p class=\"has-medium-font-size\"><strong>Lista atualizada pelo Minist\u00e9rio da Sa\u00fade inclui 165 novas patologias. Entre 2007 e 2022, o Sistema \u00danico de Sa\u00fade (SUS) atendeu quase 3 milh\u00f5es de casos de doen\u00e7as ocupacionais.<\/strong><\/p>\n\n\n\n<p><strong>Por J\u00falia Carvalho, g1<\/strong><\/p>\n\n\n\n<figure class=\"wp-block-image aligncenter size-full is-resized\"><a href=\"https:\/\/i0.wp.com\/blogdoeloiltoncajuhy.com.br\/site\/wp-content\/uploads\/2023\/08\/Depressao_220823-E.jpg\"><img data-recalc-dims=\"1\" fetchpriority=\"high\" decoding=\"async\" width=\"800\" height=\"533\" src=\"https:\/\/i0.wp.com\/blogdoeloiltoncajuhy.com.br\/site\/wp-content\/uploads\/2023\/08\/Depressao_220823-E.jpg?resize=800%2C533\" alt=\"\" class=\"wp-image-76109\" style=\"width:674px;height:auto\" srcset=\"https:\/\/i0.wp.com\/blogdoeloiltoncajuhy.com.br\/site\/wp-content\/uploads\/2023\/08\/Depressao_220823-E.jpg?w=880&amp;ssl=1 880w, https:\/\/i0.wp.com\/blogdoeloiltoncajuhy.com.br\/site\/wp-content\/uploads\/2023\/08\/Depressao_220823-E.jpg?resize=300%2C200&amp;ssl=1 300w, https:\/\/i0.wp.com\/blogdoeloiltoncajuhy.com.br\/site\/wp-content\/uploads\/2023\/08\/Depressao_220823-E.jpg?resize=768%2C511&amp;ssl=1 768w\" sizes=\"(max-width: 800px) 100vw, 800px\" \/><\/a><figcaption class=\"wp-element-caption\"><sub>Reprodu\u00e7\u00e3o<\/sub><\/figcaption><\/figure>\n\n\n\n<p>O Minist\u00e9rio da Sa\u00fade divulgou nesta quarta-feira (29) uma atualiza\u00e7\u00e3o da lista de doen\u00e7as relacionadas ao trabalho. Foram inclu\u00eddas 165 novas patologias na portaria publicada no &#8220;Di\u00e1rio Oficial da Uni\u00e3o&#8221;. De acordo com o governo, a &#8220;quantidade de c\u00f3digos de diagn\u00f3sticos passa de 182 para 347&#8221;.<\/p>\n\n\n\n<p>Entre as doen\u00e7as presentes na nova lista est\u00e1, por exemplo, o burnout (tamb\u00e9m conhecido como s\u00edndrome do esgotamento profissional). O minist\u00e9rio define que esse esgotamento pode acontecer por fatores psicossociais relacionados \u00e0 gest\u00e3o organizacional, ao conte\u00fado das tarefas do trabalho e a condi\u00e7\u00f5es do ambiente corporativo.<\/p>\n\n\n\n<p>Outra novidade foi a amplia\u00e7\u00e3o da lista de transtornos mentais. Na lista original, publicada em 1999, j\u00e1 constavam problemas como abuso de \u00e1lcool e estresse grave por conta de circunst\u00e2ncias referentes ao trabalho.<\/p>\n\n\n\n<p>A m\u00e9dica M\u00e1rcia Bandini, professora da \u00c1rea de Sa\u00fade do Trabalhador da Universidade Estadual de Campinas (Unicamp), fez parte da coordena\u00e7\u00e3o t\u00e9cnica respons\u00e1vel pela publica\u00e7\u00e3o. Ela explica que a nova lista recupera uma lacuna de mais de 20 anos em que a ci\u00eancia avan\u00e7ou e o pr\u00f3prio trabalho sofreu diversas modifica\u00e7\u00f5es.<\/p>\n\n\n\n<blockquote class=\"wp-block-quote is-layout-flow wp-block-quote-is-layout-flow\">\n<p class=\"has-medium-font-size\"><strong><mark style=\"background-color:rgba(0, 0, 0, 0)\" class=\"has-inline-color has-black-color\">&#8220;A lista incorporou doen\u00e7as que n\u00e3o existiam e trouxe doen\u00e7as que j\u00e1 existiam, mas cuja rela\u00e7\u00e3o com o trabalho ainda n\u00e3o estava bem estabelecida, como alguns c\u00e2nceres\u201d, destaca M\u00e1rcia Bandini.<\/mark><\/strong><\/p>\n<\/blockquote>\n\n\n\n<p>A rela\u00e7\u00e3o mais recente inclui comportamentos como uso de sedativos, canabinoides, coca\u00edna e abuso de cafe\u00edna como transtornos que podem ser consequ\u00eancia de jornadas exaustivas, ass\u00e9dio moral no trabalho, al\u00e9m de dificuldades relacionadas \u00e0 organiza\u00e7\u00e3o empresarial.<\/p>\n\n\n\n<p>Tamb\u00e9m foram adicionados transtornos como ansiedade, depress\u00e3o e tentativa de suic\u00eddio como patologias que podem ser decorrentes do estresse psicol\u00f3gico vivido do trabalho. Na publica\u00e7\u00e3o de 1999, os epis\u00f3dios depressivos eram associados somente ao contato com subst\u00e2ncias t\u00f3xicas como merc\u00fario e mangan\u00eas.<\/p>\n\n\n\n<p>Na nova atualiza\u00e7\u00e3o, o minist\u00e9rio tamb\u00e9m acrescentou a Covid-19. A doen\u00e7a pode ser uma patologia associada ao trabalho caso o v\u00edrus tenha sido contra\u00eddo no ambiente corporativo.<\/p>\n","protected":false},"excerpt":{"rendered":"<p>Lista atualizada pelo Minist\u00e9rio da Sa\u00fade inclui 165 novas patologias. Entre 2007 e 2022, o Sistema \u00danico de Sa\u00fade (SUS) atendeu quase 3 milh\u00f5es de casos de doen\u00e7as ocupacionais. Por J\u00falia Carvalho, g1 O Minist\u00e9rio da Sa\u00fade divulgou nesta quarta-feira (29) uma atualiza\u00e7\u00e3o da lista de doen\u00e7as relacionadas ao trabalho. Foram inclu\u00eddas 165 novas patologias [&hellip;]<\/p>\n","protected":false},"author":2,"featured_media":75814,"comment_status":"open","ping_status":"open","sticky":false,"template":"","format":"standard","meta":{"_acf_changed":false,"_monsterinsights_skip_tracking":false,"_monsterinsights_sitenote_active":false,"_monsterinsights_sitenote_note":"","_monsterinsights_sitenote_category":0,"_jetpack_memberships_contains_paid_content":false,"footnotes":"","jetpack_publicize_message":"","jetpack_publicize_feature_enabled":true,"jetpack_social_post_already_shared":true,"jetpack_social_options":{"image_generator_settings":{"template":"highway","default_image_id":0,"font":"","enabled":false},"version":2}},"categories":[7],"tags":[],"class_list":["post-77803","post","type-post","status-publish","format-standard","has-post-thumbnail","hentry","category-saude"],"acf":[],"jetpack_publicize_connections":[],"jetpack_featured_media_url":"https:\/\/i0.wp.com\/blogdoeloiltoncajuhy.com.br\/site\/wp-content\/uploads\/2023\/08\/depressao-pessoa-doenca-incapacitante-internet.webp?fit=924%2C497&ssl=1","jetpack_sharing_enabled":true,"publishpress_future_workflow_manual_trigger":{"enabledWorkflows":[]},"_links":{"self":[{"href":"https:\/\/blogdoeloiltoncajuhy.com.br\/site\/wp-json\/wp\/v2\/posts\/77803","targetHints":{"allow":["GET"]}}],"collection":[{"href":"https:\/\/blogdoeloiltoncajuhy.com.br\/site\/wp-json\/wp\/v2\/posts"}],"about":[{"href":"https:\/\/blogdoeloiltoncajuhy.com.br\/site\/wp-json\/wp\/v2\/types\/post"}],"author":[{"embeddable":true,"href":"https:\/\/blogdoeloiltoncajuhy.com.br\/site\/wp-json\/wp\/v2\/users\/2"}],"replies":[{"embeddable":true,"href":"https:\/\/blogdoeloiltoncajuhy.com.br\/site\/wp-json\/wp\/v2\/comments?post=77803"}],"version-history":[{"count":1,"href":"https:\/\/blogdoeloiltoncajuhy.com.br\/site\/wp-json\/wp\/v2\/posts\/77803\/revisions"}],"predecessor-version":[{"id":77804,"href":"https:\/\/blogdoeloiltoncajuhy.com.br\/site\/wp-json\/wp\/v2\/posts\/77803\/revisions\/77804"}],"wp:featuredmedia":[{"embeddable":true,"href":"https:\/\/blogdoeloiltoncajuhy.com.br\/site\/wp-json\/wp\/v2\/media\/75814"}],"wp:attachment":[{"href":"https:\/\/blogdoeloiltoncajuhy.com.br\/site\/wp-json\/wp\/v2\/media?parent=77803"}],"wp:term":[{"taxonomy":"category","embeddable":true,"href":"https:\/\/blogdoeloiltoncajuhy.com.br\/site\/wp-json\/wp\/v2\/categories?post=77803"},{"taxonomy":"post_tag","embeddable":true,"href":"https:\/\/blogdoeloiltoncajuhy.com.br\/site\/wp-json\/wp\/v2\/tags?post=77803"}],"curies":[{"name":"wp","href":"https:\/\/api.w.org\/{rel}","templated":true}]}}