{"id":77784,"date":"2023-11-29T08:46:52","date_gmt":"2023-11-29T11:46:52","guid":{"rendered":"https:\/\/blogdoeloiltoncajuhy.com.br\/site\/?p=77784"},"modified":"2023-11-29T08:46:54","modified_gmt":"2023-11-29T11:46:54","slug":"lula-cria-fundo-privado-de-r-20-bi-para-tentar-manter-alunos-pobres-no-ensino-medio","status":"publish","type":"post","link":"https:\/\/blogdoeloiltoncajuhy.com.br\/site\/lula-cria-fundo-privado-de-r-20-bi-para-tentar-manter-alunos-pobres-no-ensino-medio\/","title":{"rendered":"Lula cria fundo privado de R$ 20 bi para tentar manter alunos pobres no ensino m\u00e9dio"},"content":{"rendered":"\n<p class=\"has-medium-font-size\"><strong>Plano \u00e9 pagar, a partir de 2024, para que jovens n\u00e3o abandonem a escola. Fonte de recursos ainda \u00e9 entrave.<\/strong><\/p>\n\n\n\n<p><strong>Por Folha de S.Paulo<\/strong><\/p>\n\n\n\n<figure class=\"wp-block-image aligncenter size-full is-resized\"><a href=\"https:\/\/i0.wp.com\/blogdoeloiltoncajuhy.com.br\/site\/wp-content\/uploads\/2023\/11\/Lula-e-Camilo-Sanatna-291123_Foto-Pedro-Ladeira-Folhapress.jpg?ssl=1\"><img data-recalc-dims=\"1\" fetchpriority=\"high\" decoding=\"async\" width=\"800\" height=\"533\" src=\"https:\/\/i0.wp.com\/blogdoeloiltoncajuhy.com.br\/site\/wp-content\/uploads\/2023\/11\/Lula-e-Camilo-Sanatna-291123_Foto-Pedro-Ladeira-Folhapress.jpg?resize=800%2C533&#038;ssl=1\" alt=\"\" class=\"wp-image-77785\" style=\"width:711px;height:auto\" srcset=\"https:\/\/i0.wp.com\/blogdoeloiltoncajuhy.com.br\/site\/wp-content\/uploads\/2023\/11\/Lula-e-Camilo-Sanatna-291123_Foto-Pedro-Ladeira-Folhapress.jpg?w=984&amp;ssl=1 984w, https:\/\/i0.wp.com\/blogdoeloiltoncajuhy.com.br\/site\/wp-content\/uploads\/2023\/11\/Lula-e-Camilo-Sanatna-291123_Foto-Pedro-Ladeira-Folhapress.jpg?resize=300%2C200&amp;ssl=1 300w, https:\/\/i0.wp.com\/blogdoeloiltoncajuhy.com.br\/site\/wp-content\/uploads\/2023\/11\/Lula-e-Camilo-Sanatna-291123_Foto-Pedro-Ladeira-Folhapress.jpg?resize=768%2C512&amp;ssl=1 768w\" sizes=\"(max-width: 800px) 100vw, 800px\" \/><\/a><figcaption class=\"wp-element-caption\"><sub>O presidente Lula acompanhado do ministro da Educa\u00e7\u00e3o, Camilo Santana, durante Enem 2023 &#8211; Foto: Pedro Ladeira\/Folhapress<\/sub><\/figcaption><\/figure>\n\n\n\n<p>O governo Lula (PT) editou uma MP (medida provis\u00f3ria) que cria um fundo privado de financiamento de bolsas para incentivar estudantes pobres a permanecerem no ensino m\u00e9dio.<\/p>\n\n\n\n<p>O fundo receber\u00e1 at\u00e9 R$ 20 bilh\u00f5es da Uni\u00e3o, em recursos do Or\u00e7amento, a\u00e7\u00f5es de empresas estatais federais ou a\u00e7\u00f5es de companhias nas quais o governo tem participa\u00e7\u00e3o minorit\u00e1ria. No futuro, os leil\u00f5es do pr\u00e9-sal tamb\u00e9m poder\u00e3o exigir das empresas aportes adicionais como contrapartida social.<\/p>\n\n\n\n<p>O texto da MP, antecipado pela Folha, foi publicado nesta ter\u00e7a-feira (28) em edi\u00e7\u00e3o extra do Di\u00e1rio Oficial da Uni\u00e3o. O presidente assinou horas antes de viajar para Dubai, onde participa da c\u00fapula do clima (COP 28).<\/p>\n\n\n\n<p>O plano do governo \u00e9, a partir do pr\u00f3ximo ano, pagar uma bolsa para que jovens pobres n\u00e3o abandonem a escola. Os alunos poder\u00e3o retirar uma parcela, que ficar\u00e1 em uma poupan\u00e7a, ao fim do ano letivo ou mesmo receber uma quantia a cada m\u00eas.<\/p>\n\n\n\n<figure class=\"wp-block-image aligncenter size-full is-resized\"><a href=\"https:\/\/i0.wp.com\/blogdoeloiltoncajuhy.com.br\/site\/wp-content\/uploads\/2023\/11\/Ministro-Camilo-Santana_201123.png?ssl=1\"><img data-recalc-dims=\"1\" decoding=\"async\" width=\"725\" height=\"515\" src=\"https:\/\/i0.wp.com\/blogdoeloiltoncajuhy.com.br\/site\/wp-content\/uploads\/2023\/11\/Ministro-Camilo-Santana_201123.png?resize=725%2C515&#038;ssl=1\" alt=\"\" class=\"wp-image-77786\" style=\"width:660px;height:auto\" srcset=\"https:\/\/i0.wp.com\/blogdoeloiltoncajuhy.com.br\/site\/wp-content\/uploads\/2023\/11\/Ministro-Camilo-Santana_201123.png?w=725&amp;ssl=1 725w, https:\/\/i0.wp.com\/blogdoeloiltoncajuhy.com.br\/site\/wp-content\/uploads\/2023\/11\/Ministro-Camilo-Santana_201123.png?resize=300%2C213&amp;ssl=1 300w\" sizes=\"(max-width: 725px) 100vw, 725px\" \/><\/a><figcaption class=\"wp-element-caption\"><sub>Ministro da Educa\u00e7\u00e3o, Camilo Santana &#8211; Foto: Alan Marques\/Folhapress<\/sub><\/figcaption><\/figure>\n\n\n\n<p>O programa ser\u00e1 voltado a jovens de fam\u00edlias inscritas no Cadastro \u00danico, porta de entrada para programas sociais. O Brasil tem 7,9 milh\u00f5es de alunos de ensino m\u00e9dio.<\/p>\n\n\n\n<p>Os detalhes sobre valores de bolsas, formas de pagamento e operacionaliza\u00e7\u00e3o ser\u00e3o estipulados em outro texto legal, a ser editado pelo governo.<\/p>\n\n\n\n<p>Apesar do limite do fundo ser de R$ 20 bilh\u00f5es, o valor do aporte imediato n\u00e3o est\u00e1 definido. E \u00e9 alvo de negocia\u00e7\u00f5es internas no governo.<\/p>\n\n\n\n<p>&#8220;N\u00e3o existe nenhum cronograma de quanto vai ser aportado e quando. N\u00e3o tem nenhuma defini\u00e7\u00e3o&#8221;, disse a secret\u00e1ria adjunta do Tesouro Nacional, Viviane Varga.<\/p>\n\n\n\n<p>Al\u00e9m da disponibilidade de dinheiro, o tamanho do or\u00e7amento para as bolsas depende das pr\u00f3prias defini\u00e7\u00f5es do desenho do programa, como o valores para cada aluno, a possibilidade de resgatar recursos mensalmente e a linha de corte de renda que determinar\u00e1 a concess\u00e3o. T\u00e9cnicos do MEC desenvolveram um simulador para aferir quanto custaria a pol\u00edtica de acordo com as condicionalidades.<\/p>\n","protected":false},"excerpt":{"rendered":"<p>Plano \u00e9 pagar, a partir de 2024, para que jovens n\u00e3o abandonem a escola. Fonte de recursos ainda \u00e9 entrave. Por Folha de S.Paulo O governo Lula (PT) editou uma MP (medida provis\u00f3ria) que cria um fundo privado de financiamento de bolsas para incentivar estudantes pobres a permanecerem no ensino m\u00e9dio. O fundo receber\u00e1 at\u00e9 [&hellip;]<\/p>\n","protected":false},"author":2,"featured_media":77785,"comment_status":"open","ping_status":"open","sticky":false,"template":"","format":"standard","meta":{"_acf_changed":false,"_monsterinsights_skip_tracking":false,"_monsterinsights_sitenote_active":false,"_monsterinsights_sitenote_note":"","_monsterinsights_sitenote_category":0,"_jetpack_memberships_contains_paid_content":false,"footnotes":"","jetpack_publicize_message":"","jetpack_publicize_feature_enabled":true,"jetpack_social_post_already_shared":true,"jetpack_social_options":{"image_generator_settings":{"template":"highway","default_image_id":0,"font":"","enabled":false},"version":2}},"categories":[14],"tags":[],"class_list":["post-77784","post","type-post","status-publish","format-standard","has-post-thumbnail","hentry","category-educacao"],"acf":[],"jetpack_publicize_connections":[],"jetpack_featured_media_url":"https:\/\/i0.wp.com\/blogdoeloiltoncajuhy.com.br\/site\/wp-content\/uploads\/2023\/11\/Lula-e-Camilo-Sanatna-291123_Foto-Pedro-Ladeira-Folhapress.jpg?fit=984%2C656&ssl=1","jetpack_sharing_enabled":true,"publishpress_future_workflow_manual_trigger":{"enabledWorkflows":[]},"_links":{"self":[{"href":"https:\/\/blogdoeloiltoncajuhy.com.br\/site\/wp-json\/wp\/v2\/posts\/77784","targetHints":{"allow":["GET"]}}],"collection":[{"href":"https:\/\/blogdoeloiltoncajuhy.com.br\/site\/wp-json\/wp\/v2\/posts"}],"about":[{"href":"https:\/\/blogdoeloiltoncajuhy.com.br\/site\/wp-json\/wp\/v2\/types\/post"}],"author":[{"embeddable":true,"href":"https:\/\/blogdoeloiltoncajuhy.com.br\/site\/wp-json\/wp\/v2\/users\/2"}],"replies":[{"embeddable":true,"href":"https:\/\/blogdoeloiltoncajuhy.com.br\/site\/wp-json\/wp\/v2\/comments?post=77784"}],"version-history":[{"count":1,"href":"https:\/\/blogdoeloiltoncajuhy.com.br\/site\/wp-json\/wp\/v2\/posts\/77784\/revisions"}],"predecessor-version":[{"id":77787,"href":"https:\/\/blogdoeloiltoncajuhy.com.br\/site\/wp-json\/wp\/v2\/posts\/77784\/revisions\/77787"}],"wp:featuredmedia":[{"embeddable":true,"href":"https:\/\/blogdoeloiltoncajuhy.com.br\/site\/wp-json\/wp\/v2\/media\/77785"}],"wp:attachment":[{"href":"https:\/\/blogdoeloiltoncajuhy.com.br\/site\/wp-json\/wp\/v2\/media?parent=77784"}],"wp:term":[{"taxonomy":"category","embeddable":true,"href":"https:\/\/blogdoeloiltoncajuhy.com.br\/site\/wp-json\/wp\/v2\/categories?post=77784"},{"taxonomy":"post_tag","embeddable":true,"href":"https:\/\/blogdoeloiltoncajuhy.com.br\/site\/wp-json\/wp\/v2\/tags?post=77784"}],"curies":[{"name":"wp","href":"https:\/\/api.w.org\/{rel}","templated":true}]}}