{"id":77762,"date":"2023-11-28T08:50:42","date_gmt":"2023-11-28T11:50:42","guid":{"rendered":"https:\/\/blogdoeloiltoncajuhy.com.br\/site\/?p=77762"},"modified":"2023-11-28T08:50:45","modified_gmt":"2023-11-28T11:50:45","slug":"petrobras-avalia-recomprar-refinaria-de-mataripe","status":"publish","type":"post","link":"https:\/\/blogdoeloiltoncajuhy.com.br\/site\/petrobras-avalia-recomprar-refinaria-de-mataripe\/","title":{"rendered":"Petrobras avalia recomprar Refinaria de Mataripe"},"content":{"rendered":"\n<p class=\"has-text-align-center has-medium-font-size\"><strong>Informa\u00e7\u00e3o foi confirmada pelo presidente da estatal, Jean Paul Prates.<\/strong><\/p>\n\n\n\n<p><strong>Por A Tarde Online<\/strong><\/p>\n\n\n\n<figure class=\"wp-block-image aligncenter size-full\"><a href=\"https:\/\/i0.wp.com\/blogdoeloiltoncajuhy.com.br\/site\/wp-content\/uploads\/2023\/11\/Refinaria-de-Mataripe-Foto_Olga-Leiria-AG.-A-TARDE.jpeg?ssl=1\"><img data-recalc-dims=\"1\" fetchpriority=\"high\" decoding=\"async\" width=\"760\" height=\"507\" src=\"https:\/\/i0.wp.com\/blogdoeloiltoncajuhy.com.br\/site\/wp-content\/uploads\/2023\/11\/Refinaria-de-Mataripe-Foto_Olga-Leiria-AG.-A-TARDE.jpeg?resize=760%2C507&#038;ssl=1\" alt=\"\" class=\"wp-image-77763\" srcset=\"https:\/\/i0.wp.com\/blogdoeloiltoncajuhy.com.br\/site\/wp-content\/uploads\/2023\/11\/Refinaria-de-Mataripe-Foto_Olga-Leiria-AG.-A-TARDE.jpeg?w=760&amp;ssl=1 760w, https:\/\/i0.wp.com\/blogdoeloiltoncajuhy.com.br\/site\/wp-content\/uploads\/2023\/11\/Refinaria-de-Mataripe-Foto_Olga-Leiria-AG.-A-TARDE.jpeg?resize=300%2C200&amp;ssl=1 300w\" sizes=\"(max-width: 760px) 100vw, 760px\" \/><\/a><figcaption class=\"wp-element-caption\"><sub>A Refinaria de Mataripe localizada no munic\u00edpio de S\u00e3o Francisco do Conde &#8211; Foto: Olga Leiria \/ AG. A TARDE<\/sub><\/figcaption><\/figure>\n\n\n\n<p>Pouco mais de 2 anos ap\u00f3s a venda do controle da Refinaria Landulfo Alves Mataripe (Rlam), que foi adquirido pelo grupo Mubadala, a Petrobras est\u00e1 em conversas com o conglomerado dos Emirados \u00c1rabes Unidos para uma poss\u00edvel recompra do equipamento.<\/p>\n\n\n\n<p>A informa\u00e7\u00e3o foi confirmada pelo presidente da estatal, Jean Paul Prates (PT\/RN) durante coletiva de imprensa para detalhamento do plano estrat\u00e9gico da empresa na sexta-feira, 24.<\/p>\n\n\n\n<p>\u201c\u00c9 uma possibilidade. Mas \u00e9 mais um dos assuntos que n\u00e3o podemos sair comentando, por causa das negocia\u00e7\u00f5es. Conversamos com a Mubadala v\u00e1rias coisas, isso tamb\u00e9m est\u00e1 nesse processo, mas n\u00e3o \u00e9 o principal\u201d.<\/p>\n\n\n\n<p>A Refinaria de Mataripe \u00e9 operada pela Acelen, que pertence ao grupo Mubadala, desde que foi vendida por US$ 1,8 bilh\u00e3o durante o governo Jair Bolsonaro. A partir da\u00ed, o pre\u00e7o m\u00e9dio da gasolina vendida nos postos de combust\u00edveis do estado da Bahia superaram a m\u00e9dia de pre\u00e7o nacional.<\/p>\n\n\n\n<p>Segundo apresentado por Prates, a Petrobras planeja investir US$ 5 bilh\u00f5es nas \u00e1reas de refino, transporte e comercializa\u00e7\u00e3o, o que pode incluir eventuais aquisi\u00e7\u00f5es, no per\u00edodo entre 2024 e 2028.<\/p>\n\n\n\n<p>A proposta de reestatiza\u00e7\u00e3o tem sido bastante defendida por quadros do governo Lula. Em setembro deste ano, o ministro de Minas e Energia, Alexandre Silveira, afirmou que a RLAM era \u201cum ativo hist\u00f3rico da Petrobr\u00e1s que nunca deveria ter sido vendido\u201d.<\/p>\n","protected":false},"excerpt":{"rendered":"<p>Informa\u00e7\u00e3o foi confirmada pelo presidente da estatal, Jean Paul Prates. Por A Tarde Online Pouco mais de 2 anos ap\u00f3s a venda do controle da Refinaria Landulfo Alves Mataripe (Rlam), que foi adquirido pelo grupo Mubadala, a Petrobras est\u00e1 em conversas com o conglomerado dos Emirados \u00c1rabes Unidos para uma poss\u00edvel recompra do equipamento. A [&hellip;]<\/p>\n","protected":false},"author":2,"featured_media":77763,"comment_status":"open","ping_status":"open","sticky":false,"template":"","format":"standard","meta":{"_acf_changed":false,"_monsterinsights_skip_tracking":false,"_monsterinsights_sitenote_active":false,"_monsterinsights_sitenote_note":"","_monsterinsights_sitenote_category":0,"_jetpack_memberships_contains_paid_content":false,"footnotes":"","jetpack_publicize_message":"","jetpack_publicize_feature_enabled":true,"jetpack_social_post_already_shared":true,"jetpack_social_options":{"image_generator_settings":{"template":"highway","default_image_id":0,"font":"","enabled":false},"version":2}},"categories":[31],"tags":[],"class_list":["post-77762","post","type-post","status-publish","format-standard","has-post-thumbnail","hentry","category-economia"],"acf":[],"jetpack_publicize_connections":[],"jetpack_featured_media_url":"https:\/\/i0.wp.com\/blogdoeloiltoncajuhy.com.br\/site\/wp-content\/uploads\/2023\/11\/Refinaria-de-Mataripe-Foto_Olga-Leiria-AG.-A-TARDE.jpeg?fit=760%2C507&ssl=1","jetpack_sharing_enabled":true,"publishpress_future_workflow_manual_trigger":{"enabledWorkflows":[]},"_links":{"self":[{"href":"https:\/\/blogdoeloiltoncajuhy.com.br\/site\/wp-json\/wp\/v2\/posts\/77762","targetHints":{"allow":["GET"]}}],"collection":[{"href":"https:\/\/blogdoeloiltoncajuhy.com.br\/site\/wp-json\/wp\/v2\/posts"}],"about":[{"href":"https:\/\/blogdoeloiltoncajuhy.com.br\/site\/wp-json\/wp\/v2\/types\/post"}],"author":[{"embeddable":true,"href":"https:\/\/blogdoeloiltoncajuhy.com.br\/site\/wp-json\/wp\/v2\/users\/2"}],"replies":[{"embeddable":true,"href":"https:\/\/blogdoeloiltoncajuhy.com.br\/site\/wp-json\/wp\/v2\/comments?post=77762"}],"version-history":[{"count":1,"href":"https:\/\/blogdoeloiltoncajuhy.com.br\/site\/wp-json\/wp\/v2\/posts\/77762\/revisions"}],"predecessor-version":[{"id":77764,"href":"https:\/\/blogdoeloiltoncajuhy.com.br\/site\/wp-json\/wp\/v2\/posts\/77762\/revisions\/77764"}],"wp:featuredmedia":[{"embeddable":true,"href":"https:\/\/blogdoeloiltoncajuhy.com.br\/site\/wp-json\/wp\/v2\/media\/77763"}],"wp:attachment":[{"href":"https:\/\/blogdoeloiltoncajuhy.com.br\/site\/wp-json\/wp\/v2\/media?parent=77762"}],"wp:term":[{"taxonomy":"category","embeddable":true,"href":"https:\/\/blogdoeloiltoncajuhy.com.br\/site\/wp-json\/wp\/v2\/categories?post=77762"},{"taxonomy":"post_tag","embeddable":true,"href":"https:\/\/blogdoeloiltoncajuhy.com.br\/site\/wp-json\/wp\/v2\/tags?post=77762"}],"curies":[{"name":"wp","href":"https:\/\/api.w.org\/{rel}","templated":true}]}}