{"id":77741,"date":"2023-11-27T08:29:30","date_gmt":"2023-11-27T11:29:30","guid":{"rendered":"https:\/\/blogdoeloiltoncajuhy.com.br\/site\/?p=77741"},"modified":"2023-11-27T08:29:41","modified_gmt":"2023-11-27T11:29:41","slug":"abate-de-jumentos-e-cavalos-pode-ser-proibido-no-brasil","status":"publish","type":"post","link":"https:\/\/blogdoeloiltoncajuhy.com.br\/site\/abate-de-jumentos-e-cavalos-pode-ser-proibido-no-brasil\/","title":{"rendered":"Abate de jumentos e cavalos pode ser proibido no Brasil"},"content":{"rendered":"\n<p class=\"has-text-align-center has-medium-font-size\"><strong>A proposta continua tramitando na C\u00e2mara dos Deputados.<\/strong><\/p>\n\n\n\n<p><strong>Por Ag\u00eancia C\u00e2mara de Not\u00edcias<\/strong><\/p>\n\n\n\n<figure class=\"wp-block-image aligncenter size-full\"><a href=\"https:\/\/i0.wp.com\/blogdoeloiltoncajuhy.com.br\/site\/wp-content\/uploads\/2023\/11\/burros-e-cavalos-foto_divulgacao-CM.jpg?ssl=1\"><img data-recalc-dims=\"1\" fetchpriority=\"high\" decoding=\"async\" width=\"768\" height=\"512\" src=\"https:\/\/i0.wp.com\/blogdoeloiltoncajuhy.com.br\/site\/wp-content\/uploads\/2023\/11\/burros-e-cavalos-foto_divulgacao-CM.jpg?resize=768%2C512&#038;ssl=1\" alt=\"\" class=\"wp-image-77742\" srcset=\"https:\/\/i0.wp.com\/blogdoeloiltoncajuhy.com.br\/site\/wp-content\/uploads\/2023\/11\/burros-e-cavalos-foto_divulgacao-CM.jpg?w=768&amp;ssl=1 768w, https:\/\/i0.wp.com\/blogdoeloiltoncajuhy.com.br\/site\/wp-content\/uploads\/2023\/11\/burros-e-cavalos-foto_divulgacao-CM.jpg?resize=300%2C200&amp;ssl=1 300w\" sizes=\"(max-width: 768px) 100vw, 768px\" \/><\/a><figcaption class=\"wp-element-caption\"><sub>Foto: Divulga\u00e7\u00e3o\/CM<\/sub><\/figcaption><\/figure>\n\n\n\n<p>A Comiss\u00e3o de Meio Ambiente e Desenvolvimento Sustent\u00e1vel da C\u00e2mara dos Deputados aprovou projeto que pro\u00edbe o abate de equ\u00eddeos e equinos (jumentos, jegues e cavalos) para o com\u00e9rcio de carne, pele e outras partes. A proibi\u00e7\u00e3o vale para todo o Pa\u00eds e para consumo interno ou exporta\u00e7\u00e3o.<\/p>\n\n\n\n<p>O abate sanit\u00e1rio desses animais, no caso de doen\u00e7as infectocontagiosas \u2013 sejam zoonoses ou n\u00e3o, tais como o mormo e a anemia infecciosa equina \u2013, continua permitido.<\/p>\n\n\n\n<p>Foi aprovado o substitutivo elaborado pelo relator, deputado Nilto Tatto (PT-SP), para o Projeto de Lei 2387\/22, do ex-deputado Ney Leprevost (PR). O relator manteve a ideia original, destacando, no entanto, as situa\u00e7\u00f5es de abate sanit\u00e1rio.<\/p>\n\n\n\n<p>\u201cA rastreabilidade prec\u00e1ria e frequentemente inexistente dentro do com\u00e9rcio de pele de jumento deixa o Brasil vulner\u00e1vel aos riscos de biosseguran\u00e7a, que t\u00eam o potencial de afetar as pessoas\u201d, observou Nilto Tatto no parecer aprovado.<\/p>\n\n\n\n<p>\u201cNot\u00edcias demostram a crueldade em matadouros, e h\u00e1 den\u00fancias de que os animais, 12 horas antes do abate, s\u00e3o privados de \u00e1gua e alimento para amaciar a carne\u201d, afirmou Ney Leprevost. \u201cA proposta pro\u00edbe pr\u00e1ticas cru\u00e9is\u201d, ressaltou.<\/p>\n\n\n\n<p class=\"has-black-color has-text-color has-link-color wp-elements-16c3733db31db3664bb090feeb408848\"><strong>Tramita\u00e7\u00e3o<\/strong><\/p>\n\n\n\n<p>A vers\u00e3o original do texto foi aprovada pela Comiss\u00e3o de Agricultura. Agora, o projeto, que tramita em car\u00e1ter conclusivo, ser\u00e1 analisado pela Comiss\u00e3o de Constitui\u00e7\u00e3o e Justi\u00e7a e de Cidadania.<\/p>\n","protected":false},"excerpt":{"rendered":"<p>A proposta continua tramitando na C\u00e2mara dos Deputados. Por Ag\u00eancia C\u00e2mara de Not\u00edcias A Comiss\u00e3o de Meio Ambiente e Desenvolvimento Sustent\u00e1vel da C\u00e2mara dos Deputados aprovou projeto que pro\u00edbe o abate de equ\u00eddeos e equinos (jumentos, jegues e cavalos) para o com\u00e9rcio de carne, pele e outras partes. A proibi\u00e7\u00e3o vale para todo o Pa\u00eds [&hellip;]<\/p>\n","protected":false},"author":2,"featured_media":77742,"comment_status":"open","ping_status":"open","sticky":false,"template":"","format":"standard","meta":{"_acf_changed":false,"_monsterinsights_skip_tracking":false,"_monsterinsights_sitenote_active":false,"_monsterinsights_sitenote_note":"","_monsterinsights_sitenote_category":0,"_jetpack_memberships_contains_paid_content":false,"footnotes":"","jetpack_publicize_message":"","jetpack_publicize_feature_enabled":true,"jetpack_social_post_already_shared":true,"jetpack_social_options":{"image_generator_settings":{"template":"highway","default_image_id":0,"font":"","enabled":false},"version":2}},"categories":[3],"tags":[],"class_list":["post-77741","post","type-post","status-publish","format-standard","has-post-thumbnail","hentry","category-politica"],"acf":[],"jetpack_publicize_connections":[],"jetpack_featured_media_url":"https:\/\/i0.wp.com\/blogdoeloiltoncajuhy.com.br\/site\/wp-content\/uploads\/2023\/11\/burros-e-cavalos-foto_divulgacao-CM.jpg?fit=768%2C512&ssl=1","jetpack_sharing_enabled":true,"publishpress_future_workflow_manual_trigger":{"enabledWorkflows":[]},"_links":{"self":[{"href":"https:\/\/blogdoeloiltoncajuhy.com.br\/site\/wp-json\/wp\/v2\/posts\/77741","targetHints":{"allow":["GET"]}}],"collection":[{"href":"https:\/\/blogdoeloiltoncajuhy.com.br\/site\/wp-json\/wp\/v2\/posts"}],"about":[{"href":"https:\/\/blogdoeloiltoncajuhy.com.br\/site\/wp-json\/wp\/v2\/types\/post"}],"author":[{"embeddable":true,"href":"https:\/\/blogdoeloiltoncajuhy.com.br\/site\/wp-json\/wp\/v2\/users\/2"}],"replies":[{"embeddable":true,"href":"https:\/\/blogdoeloiltoncajuhy.com.br\/site\/wp-json\/wp\/v2\/comments?post=77741"}],"version-history":[{"count":1,"href":"https:\/\/blogdoeloiltoncajuhy.com.br\/site\/wp-json\/wp\/v2\/posts\/77741\/revisions"}],"predecessor-version":[{"id":77743,"href":"https:\/\/blogdoeloiltoncajuhy.com.br\/site\/wp-json\/wp\/v2\/posts\/77741\/revisions\/77743"}],"wp:featuredmedia":[{"embeddable":true,"href":"https:\/\/blogdoeloiltoncajuhy.com.br\/site\/wp-json\/wp\/v2\/media\/77742"}],"wp:attachment":[{"href":"https:\/\/blogdoeloiltoncajuhy.com.br\/site\/wp-json\/wp\/v2\/media?parent=77741"}],"wp:term":[{"taxonomy":"category","embeddable":true,"href":"https:\/\/blogdoeloiltoncajuhy.com.br\/site\/wp-json\/wp\/v2\/categories?post=77741"},{"taxonomy":"post_tag","embeddable":true,"href":"https:\/\/blogdoeloiltoncajuhy.com.br\/site\/wp-json\/wp\/v2\/tags?post=77741"}],"curies":[{"name":"wp","href":"https:\/\/api.w.org\/{rel}","templated":true}]}}