{"id":77710,"date":"2023-11-23T14:11:35","date_gmt":"2023-11-23T17:11:35","guid":{"rendered":"https:\/\/blogdoeloiltoncajuhy.com.br\/site\/?p=77710"},"modified":"2023-11-23T14:11:37","modified_gmt":"2023-11-23T17:11:37","slug":"bonfim-aclasb-lanca-programacao-para-comemorar-o-dia-da-cultura-bonfinense-e-aniversario-de-fundacao","status":"publish","type":"post","link":"https:\/\/blogdoeloiltoncajuhy.com.br\/site\/bonfim-aclasb-lanca-programacao-para-comemorar-o-dia-da-cultura-bonfinense-e-aniversario-de-fundacao\/","title":{"rendered":"Bonfim: Aclasb lan\u00e7a programa\u00e7\u00e3o para comemorar o Dia da Cultura Bonfinense e anivers\u00e1rio de funda\u00e7\u00e3o"},"content":{"rendered":"\n<p class=\"has-text-align-center has-medium-font-size\"><strong>Atividades ter\u00e3o in\u00edcio nesta sexta-feira, dia 24.<\/strong><\/p>\n\n\n\n<p><strong>Blog do Eloilton Cajuhy<\/strong><\/p>\n\n\n\n<figure class=\"wp-block-image aligncenter size-full\"><a href=\"https:\/\/i0.wp.com\/blogdoeloiltoncajuhy.com.br\/site\/wp-content\/uploads\/2023\/11\/Aclasb-fachada.jpg?ssl=1\"><img data-recalc-dims=\"1\" fetchpriority=\"high\" decoding=\"async\" width=\"740\" height=\"555\" src=\"https:\/\/i0.wp.com\/blogdoeloiltoncajuhy.com.br\/site\/wp-content\/uploads\/2023\/11\/Aclasb-fachada.jpg?resize=740%2C555&#038;ssl=1\" alt=\"\" class=\"wp-image-77711\" srcset=\"https:\/\/i0.wp.com\/blogdoeloiltoncajuhy.com.br\/site\/wp-content\/uploads\/2023\/11\/Aclasb-fachada.jpg?w=740&amp;ssl=1 740w, https:\/\/i0.wp.com\/blogdoeloiltoncajuhy.com.br\/site\/wp-content\/uploads\/2023\/11\/Aclasb-fachada.jpg?resize=300%2C225&amp;ssl=1 300w\" sizes=\"(max-width: 740px) 100vw, 740px\" \/><\/a><figcaption class=\"wp-element-caption\"><sub>Foto: Aclasb<\/sub><\/figcaption><\/figure>\n\n\n\n<p>A Academia de Letras e Artes de Senhor do Bonfim (Aclasb) preparou uma extensa programa\u00e7\u00e3o para celebrar o Dia da Cultura Bonfinense, e os 32 anos de sua funda\u00e7\u00e3o.<\/p>\n\n\n\n<p>As atividades ter\u00e3o in\u00edcio nesta sexta-feira (24), \u00e0s 17h30, quando acontece na sede da entidade a elei\u00e7\u00e3o da nova diretoria executiva e do conselho deliberativo, para o bi\u00eanio 2024\/25.<\/p>\n\n\n\n<p>Dia 08 de dezembro, \u00e0s 19h, ser\u00e1 realizada a 9\u00aa edi\u00e7\u00e3o do projeto Cesta Acad\u00eamica &#8211; Tributo a Edvan Cajuhy &#8211; e o lan\u00e7amento dos livros &#8220;Poemas para Hoje&#8221;, de Jos\u00e9 Gerson Maciel, e &#8220;Nino, o Menino do Quilombo&#8221;, de Maria das Dores, na sede da Aclasb.<\/p>\n\n\n\n<p>No dia 15, \u00e0s 17h30, acontecer\u00e1 um evento cultural na Pra\u00e7a Nova do Congresso, em parceria com a Secretaria de Cultura (Secult).<\/p>\n\n\n\n<p>J\u00e1 no dia 16 de dezembro, para encerrar as festividades, haver\u00e1 solenidade de admiss\u00e3o de novos membros, lan\u00e7amento da primeira edi\u00e7\u00e3o da Medalha Paulo Batista Machado, e lan\u00e7amento do livro &#8220;Dea e Chico&#8221;, de M\u00e1rcia Andr\u00e9a, na C\u00e2mara de Vereadores, \u00e0s 19h. Em seguida, confraterniza\u00e7\u00e3o na sede da Aclasb.<\/p>\n\n\n\n<figure class=\"wp-block-image aligncenter size-full\"><a href=\"https:\/\/i0.wp.com\/blogdoeloiltoncajuhy.com.br\/site\/wp-content\/uploads\/2023\/11\/Aclasb-231123-01.jpg?ssl=1\"><img data-recalc-dims=\"1\" decoding=\"async\" width=\"740\" height=\"493\" src=\"https:\/\/i0.wp.com\/blogdoeloiltoncajuhy.com.br\/site\/wp-content\/uploads\/2023\/11\/Aclasb-231123-01.jpg?resize=740%2C493&#038;ssl=1\" alt=\"\" class=\"wp-image-77712\" srcset=\"https:\/\/i0.wp.com\/blogdoeloiltoncajuhy.com.br\/site\/wp-content\/uploads\/2023\/11\/Aclasb-231123-01.jpg?w=740&amp;ssl=1 740w, https:\/\/i0.wp.com\/blogdoeloiltoncajuhy.com.br\/site\/wp-content\/uploads\/2023\/11\/Aclasb-231123-01.jpg?resize=300%2C200&amp;ssl=1 300w\" sizes=\"(max-width: 740px) 100vw, 740px\" \/><\/a><figcaption class=\"wp-element-caption\"><sub>Foto: Aclasb<\/sub><\/figcaption><\/figure>\n","protected":false},"excerpt":{"rendered":"<p>Atividades ter\u00e3o in\u00edcio nesta sexta-feira, dia 24. Blog do Eloilton Cajuhy A Academia de Letras e Artes de Senhor do Bonfim (Aclasb) preparou uma extensa programa\u00e7\u00e3o para celebrar o Dia da Cultura Bonfinense, e os 32 anos de sua funda\u00e7\u00e3o. As atividades ter\u00e3o in\u00edcio nesta sexta-feira (24), \u00e0s 17h30, quando acontece na sede da entidade [&hellip;]<\/p>\n","protected":false},"author":2,"featured_media":77712,"comment_status":"open","ping_status":"open","sticky":false,"template":"","format":"standard","meta":{"_acf_changed":false,"_monsterinsights_skip_tracking":false,"_monsterinsights_sitenote_active":false,"_monsterinsights_sitenote_note":"","_monsterinsights_sitenote_category":0,"_jetpack_memberships_contains_paid_content":false,"footnotes":"","jetpack_publicize_message":"","jetpack_publicize_feature_enabled":true,"jetpack_social_post_already_shared":true,"jetpack_social_options":{"image_generator_settings":{"template":"highway","default_image_id":0,"font":"","enabled":false},"version":2}},"categories":[4],"tags":[],"class_list":["post-77710","post","type-post","status-publish","format-standard","has-post-thumbnail","hentry","category-local"],"acf":[],"jetpack_publicize_connections":[],"jetpack_featured_media_url":"https:\/\/i0.wp.com\/blogdoeloiltoncajuhy.com.br\/site\/wp-content\/uploads\/2023\/11\/Aclasb-231123-01.jpg?fit=740%2C493&ssl=1","jetpack_sharing_enabled":true,"publishpress_future_workflow_manual_trigger":{"enabledWorkflows":[]},"_links":{"self":[{"href":"https:\/\/blogdoeloiltoncajuhy.com.br\/site\/wp-json\/wp\/v2\/posts\/77710","targetHints":{"allow":["GET"]}}],"collection":[{"href":"https:\/\/blogdoeloiltoncajuhy.com.br\/site\/wp-json\/wp\/v2\/posts"}],"about":[{"href":"https:\/\/blogdoeloiltoncajuhy.com.br\/site\/wp-json\/wp\/v2\/types\/post"}],"author":[{"embeddable":true,"href":"https:\/\/blogdoeloiltoncajuhy.com.br\/site\/wp-json\/wp\/v2\/users\/2"}],"replies":[{"embeddable":true,"href":"https:\/\/blogdoeloiltoncajuhy.com.br\/site\/wp-json\/wp\/v2\/comments?post=77710"}],"version-history":[{"count":1,"href":"https:\/\/blogdoeloiltoncajuhy.com.br\/site\/wp-json\/wp\/v2\/posts\/77710\/revisions"}],"predecessor-version":[{"id":77713,"href":"https:\/\/blogdoeloiltoncajuhy.com.br\/site\/wp-json\/wp\/v2\/posts\/77710\/revisions\/77713"}],"wp:featuredmedia":[{"embeddable":true,"href":"https:\/\/blogdoeloiltoncajuhy.com.br\/site\/wp-json\/wp\/v2\/media\/77712"}],"wp:attachment":[{"href":"https:\/\/blogdoeloiltoncajuhy.com.br\/site\/wp-json\/wp\/v2\/media?parent=77710"}],"wp:term":[{"taxonomy":"category","embeddable":true,"href":"https:\/\/blogdoeloiltoncajuhy.com.br\/site\/wp-json\/wp\/v2\/categories?post=77710"},{"taxonomy":"post_tag","embeddable":true,"href":"https:\/\/blogdoeloiltoncajuhy.com.br\/site\/wp-json\/wp\/v2\/tags?post=77710"}],"curies":[{"name":"wp","href":"https:\/\/api.w.org\/{rel}","templated":true}]}}