{"id":77705,"date":"2023-11-23T08:23:53","date_gmt":"2023-11-23T11:23:53","guid":{"rendered":"https:\/\/blogdoeloiltoncajuhy.com.br\/site\/?p=77705"},"modified":"2023-11-23T08:23:56","modified_gmt":"2023-11-23T11:23:56","slug":"governo-anuncia-nova-etapa-do-minha-casa-minha-vida-e-lula-volta-a-falar-em-zerar-deficit-habitacional","status":"publish","type":"post","link":"https:\/\/blogdoeloiltoncajuhy.com.br\/site\/governo-anuncia-nova-etapa-do-minha-casa-minha-vida-e-lula-volta-a-falar-em-zerar-deficit-habitacional\/","title":{"rendered":"Governo anuncia nova etapa do Minha Casa, Minha Vida e Lula volta a falar em zerar d\u00e9ficit habitacional"},"content":{"rendered":"\n<p class=\"has-medium-font-size\"><strong>Est\u00e1gio prev\u00ea a primeira sele\u00e7\u00e3o de propostas direcionada \u00e0 faixa 1, para fam\u00edlias com renda de at\u00e9 2 sal\u00e1rios m\u00ednimos.<\/strong><\/p>\n\n\n\n<p><strong>Folha de S.Paulo<\/strong><\/p>\n\n\n\n<figure class=\"wp-block-image aligncenter size-full\"><a href=\"https:\/\/i0.wp.com\/blogdoeloiltoncajuhy.com.br\/site\/wp-content\/uploads\/2023\/11\/Presidente-Luiz-Inacio-Lula-da-Silva-durante-evento-no-Planalto-Foto_Evaristo-Sa-AFP.jpg?ssl=1\"><img data-recalc-dims=\"1\" fetchpriority=\"high\" decoding=\"async\" width=\"760\" height=\"507\" src=\"https:\/\/i0.wp.com\/blogdoeloiltoncajuhy.com.br\/site\/wp-content\/uploads\/2023\/11\/Presidente-Luiz-Inacio-Lula-da-Silva-durante-evento-no-Planalto-Foto_Evaristo-Sa-AFP.jpg?resize=760%2C507&#038;ssl=1\" alt=\"\" class=\"wp-image-77706\" srcset=\"https:\/\/i0.wp.com\/blogdoeloiltoncajuhy.com.br\/site\/wp-content\/uploads\/2023\/11\/Presidente-Luiz-Inacio-Lula-da-Silva-durante-evento-no-Planalto-Foto_Evaristo-Sa-AFP.jpg?w=760&amp;ssl=1 760w, https:\/\/i0.wp.com\/blogdoeloiltoncajuhy.com.br\/site\/wp-content\/uploads\/2023\/11\/Presidente-Luiz-Inacio-Lula-da-Silva-durante-evento-no-Planalto-Foto_Evaristo-Sa-AFP.jpg?resize=300%2C200&amp;ssl=1 300w\" sizes=\"(max-width: 760px) 100vw, 760px\" \/><\/a><figcaption class=\"wp-element-caption\"><sub>O presidente Luiz In\u00e1cio Lula da Silva durante evento no Planalto &#8211; Foto: Evaristo S\u00e1\/AFP<\/sub><\/figcaption><\/figure>\n\n\n\n<p>O presidente Luiz In\u00e1cio Lula da Silva (PT) defendeu nesta quarta-feira (22) a uni\u00e3o entre os governos federal, estaduais e municipais para trabalhar para zerar o d\u00e9ficit habitacional no pa\u00eds em cerim\u00f4nia de lan\u00e7amento da nova etapa do programa Minha Casa, Minha Vida no Pal\u00e1cio do Planalto.<\/p>\n\n\n\n<p>&#8220;Se a gente trabalhar sempre em conjunto, governo estadual, federal e municipal, a gente talvez pudesse pactuar essa constru\u00e7\u00e3o e zerar esse d\u00e9ficit&#8221;, afirmou.<\/p>\n\n\n\n<p>O presidente lembrou que o d\u00e9ficit habitacional do pa\u00eds se manteve em 7 milh\u00f5es de resid\u00eancias desde a d\u00e9cada de 1970 at\u00e9 o momento em que se lan\u00e7ou o Minha Casa, Minha Vida, em 2009.<\/p>\n\n\n\n<p>A etapa do programa lan\u00e7ada nesta quarta prev\u00ea a primeira sele\u00e7\u00e3o de propostas do MCMV direcionada \u00e0 faixa 1, para fam\u00edlias com renda de at\u00e9 2 sal\u00e1rios m\u00ednimos, ou R$ 2.640 em valores atuais.<\/p>\n\n\n\n<p>Segundo o governo, o processo selecionou 187,5 mil novas unidades habitacionais do programa para fam\u00edlias da faixa 1. Ao todo, s\u00e3o mais de 1.200 empreendimentos que beneficiar\u00e3o 560 munic\u00edpios em todo o Brasil.<\/p>\n\n\n\n<p>A nova etapa contou ainda com a assinatura de um protocolo de inten\u00e7\u00f5es entre o Minist\u00e9rio das Cidades e a Academia Brasileira de Letras para estimular a cria\u00e7\u00e3o de acervos liter\u00e1rios, por meio de doa\u00e7\u00f5es, para criar bibliotecas e salas de leituras nos empreendimentos.<\/p>\n","protected":false},"excerpt":{"rendered":"<p>Est\u00e1gio prev\u00ea a primeira sele\u00e7\u00e3o de propostas direcionada \u00e0 faixa 1, para fam\u00edlias com renda de at\u00e9 2 sal\u00e1rios m\u00ednimos. Folha de S.Paulo O presidente Luiz In\u00e1cio Lula da Silva (PT) defendeu nesta quarta-feira (22) a uni\u00e3o entre os governos federal, estaduais e municipais para trabalhar para zerar o d\u00e9ficit habitacional no pa\u00eds em cerim\u00f4nia [&hellip;]<\/p>\n","protected":false},"author":2,"featured_media":77706,"comment_status":"open","ping_status":"open","sticky":false,"template":"","format":"standard","meta":{"_acf_changed":false,"_monsterinsights_skip_tracking":false,"_monsterinsights_sitenote_active":false,"_monsterinsights_sitenote_note":"","_monsterinsights_sitenote_category":0,"_jetpack_memberships_contains_paid_content":false,"footnotes":"","jetpack_publicize_message":"","jetpack_publicize_feature_enabled":true,"jetpack_social_post_already_shared":true,"jetpack_social_options":{"image_generator_settings":{"template":"highway","default_image_id":0,"font":"","enabled":false},"version":2}},"categories":[3],"tags":[],"class_list":["post-77705","post","type-post","status-publish","format-standard","has-post-thumbnail","hentry","category-politica"],"acf":[],"jetpack_publicize_connections":[],"jetpack_featured_media_url":"https:\/\/i0.wp.com\/blogdoeloiltoncajuhy.com.br\/site\/wp-content\/uploads\/2023\/11\/Presidente-Luiz-Inacio-Lula-da-Silva-durante-evento-no-Planalto-Foto_Evaristo-Sa-AFP.jpg?fit=760%2C507&ssl=1","jetpack_sharing_enabled":true,"publishpress_future_workflow_manual_trigger":{"enabledWorkflows":[]},"_links":{"self":[{"href":"https:\/\/blogdoeloiltoncajuhy.com.br\/site\/wp-json\/wp\/v2\/posts\/77705","targetHints":{"allow":["GET"]}}],"collection":[{"href":"https:\/\/blogdoeloiltoncajuhy.com.br\/site\/wp-json\/wp\/v2\/posts"}],"about":[{"href":"https:\/\/blogdoeloiltoncajuhy.com.br\/site\/wp-json\/wp\/v2\/types\/post"}],"author":[{"embeddable":true,"href":"https:\/\/blogdoeloiltoncajuhy.com.br\/site\/wp-json\/wp\/v2\/users\/2"}],"replies":[{"embeddable":true,"href":"https:\/\/blogdoeloiltoncajuhy.com.br\/site\/wp-json\/wp\/v2\/comments?post=77705"}],"version-history":[{"count":1,"href":"https:\/\/blogdoeloiltoncajuhy.com.br\/site\/wp-json\/wp\/v2\/posts\/77705\/revisions"}],"predecessor-version":[{"id":77707,"href":"https:\/\/blogdoeloiltoncajuhy.com.br\/site\/wp-json\/wp\/v2\/posts\/77705\/revisions\/77707"}],"wp:featuredmedia":[{"embeddable":true,"href":"https:\/\/blogdoeloiltoncajuhy.com.br\/site\/wp-json\/wp\/v2\/media\/77706"}],"wp:attachment":[{"href":"https:\/\/blogdoeloiltoncajuhy.com.br\/site\/wp-json\/wp\/v2\/media?parent=77705"}],"wp:term":[{"taxonomy":"category","embeddable":true,"href":"https:\/\/blogdoeloiltoncajuhy.com.br\/site\/wp-json\/wp\/v2\/categories?post=77705"},{"taxonomy":"post_tag","embeddable":true,"href":"https:\/\/blogdoeloiltoncajuhy.com.br\/site\/wp-json\/wp\/v2\/tags?post=77705"}],"curies":[{"name":"wp","href":"https:\/\/api.w.org\/{rel}","templated":true}]}}