{"id":77700,"date":"2023-11-22T17:40:33","date_gmt":"2023-11-22T20:40:33","guid":{"rendered":"https:\/\/blogdoeloiltoncajuhy.com.br\/site\/?p=77700"},"modified":"2023-11-22T17:40:41","modified_gmt":"2023-11-22T20:40:41","slug":"cantor-bonfinense-kevi-jonny-relata-que-sofreu-tentativa-de-sequestro-na-regiao-metropolitana-de-salvador","status":"publish","type":"post","link":"https:\/\/blogdoeloiltoncajuhy.com.br\/site\/cantor-bonfinense-kevi-jonny-relata-que-sofreu-tentativa-de-sequestro-na-regiao-metropolitana-de-salvador\/","title":{"rendered":"Cantor bonfinense Kevi Jonny relata que sofreu tentativa de sequestro na Regi\u00e3o Metropolitana de Salvador"},"content":{"rendered":"\n<p class=\"has-medium-font-size\"><strong>Artista disse atrav\u00e9s das redes sociais que o caso aconteceu no bairro de Buraquinho, em Lauro de Freitas.<\/strong><\/p>\n\n\n\n<p><strong>Por g1 BA<\/strong><\/p>\n\n\n\n<figure class=\"wp-block-image aligncenter size-full\"><a href=\"https:\/\/i0.wp.com\/blogdoeloiltoncajuhy.com.br\/site\/wp-content\/uploads\/2023\/11\/Kevi-Jonny-2023-11-22.jpeg?ssl=1\"><img data-recalc-dims=\"1\" fetchpriority=\"high\" decoding=\"async\" width=\"543\" height=\"700\" src=\"https:\/\/i0.wp.com\/blogdoeloiltoncajuhy.com.br\/site\/wp-content\/uploads\/2023\/11\/Kevi-Jonny-2023-11-22.jpeg?resize=543%2C700&#038;ssl=1\" alt=\"\" class=\"wp-image-77701\" srcset=\"https:\/\/i0.wp.com\/blogdoeloiltoncajuhy.com.br\/site\/wp-content\/uploads\/2023\/11\/Kevi-Jonny-2023-11-22.jpeg?w=543&amp;ssl=1 543w, https:\/\/i0.wp.com\/blogdoeloiltoncajuhy.com.br\/site\/wp-content\/uploads\/2023\/11\/Kevi-Jonny-2023-11-22.jpeg?resize=233%2C300&amp;ssl=1 233w\" sizes=\"(max-width: 543px) 100vw, 543px\" \/><\/a><figcaption class=\"wp-element-caption\"><sub>Cantor Kevi Jonny afirma que sofreu tentativa de sequestro em Lauro de Freitas, na Regi\u00e3o Metropolitana de Salvador \u2014 Foto: Reprodu\u00e7\u00e3o\/Redes Sociais<\/sub><\/figcaption><\/figure>\n\n\n\n<p>O cantor baiano Kevi Jonny, natural de Senhor do Bonfim, relatou, atrav\u00e9s das redes sociais, nesta quarta-feira (22), que sofreu uma tentativa de sequestro no bairro de Buraquinho, em Lauro de Freitas, na Regi\u00e3o Metropolitana de Salvador. O caso aconteceu na ter\u00e7a-feira (21).<\/p>\n\n\n\n<p>O artista contou que quando chegava em um estabelecimento, dois homens apontaram uma arma para ele e tentaram o levar \u00e0 for\u00e7a para dentro de um carro. Kevi disse ainda que pessoas que estavam no local come\u00e7aram a gritar e os suspeitos acabaram o liberando. O celular do artista foi levado pelos homens.<\/p>\n\n\n\n<blockquote class=\"wp-block-quote is-layout-flow wp-block-quote-is-layout-flow\">\n<p class=\"has-medium-font-size\"><strong><mark style=\"background-color:rgba(0, 0, 0, 0)\" class=\"has-inline-color has-black-color\">&#8220;Tenho certeza que foi Jesus, eu me segurei, infelizmente eu n\u00e3o sabia o que fazer, n\u00e3o tem o que fazer em uma situa\u00e7\u00e3o dessas&#8221;, disse o cantor.<\/mark><\/strong><\/p>\n<\/blockquote>\n\n\n\n<p>O artista afirmou que at\u00e9 tentou ocultar o fato para os f\u00e3s, mas n\u00e3o conseguiu. Ainda assim, ele afirmou que n\u00e3o entraria em detalhes sobre o que definiu como &#8220;uma situa\u00e7\u00e3o horr\u00edvel&#8221;.<\/p>\n\n\n\n<blockquote class=\"wp-block-quote is-layout-flow wp-block-quote-is-layout-flow\">\n<p class=\"has-medium-font-size\"><strong><mark style=\"background-color:rgba(0, 0, 0, 0)\" class=\"has-inline-color has-black-color\">&#8220;Eu s\u00f3 pedia para os caras terem calma e a\u00ed eles pegaram no meu pesco\u00e7o tentando com a arma, o pessoal gritou e eu tenho certeza que foi a m\u00e3o de Deus que fez esses caras me soltarem e, gra\u00e7as a Deus, eles fugiram e eu estou aqui bem. N\u00e3o aconteceu nada&#8221;, finalizou Kevi Jonny.<\/mark><\/strong><\/p>\n<\/blockquote>\n\n\n\n<p>A assessoria do artista informou que o posicionamento sobre o assunto \u00e9 o mesmo da publica\u00e7\u00e3o do cantor nas redes sociais. Em nota, a Pol\u00edcia Civil disse que n\u00e3o localizou a ocorr\u00eancia.<\/p>\n","protected":false},"excerpt":{"rendered":"<p>Artista disse atrav\u00e9s das redes sociais que o caso aconteceu no bairro de Buraquinho, em Lauro de Freitas. Por g1 BA O cantor baiano Kevi Jonny, natural de Senhor do Bonfim, relatou, atrav\u00e9s das redes sociais, nesta quarta-feira (22), que sofreu uma tentativa de sequestro no bairro de Buraquinho, em Lauro de Freitas, na Regi\u00e3o [&hellip;]<\/p>\n","protected":false},"author":2,"featured_media":75116,"comment_status":"open","ping_status":"open","sticky":false,"template":"","format":"standard","meta":{"_acf_changed":false,"_monsterinsights_skip_tracking":false,"_monsterinsights_sitenote_active":false,"_monsterinsights_sitenote_note":"","_monsterinsights_sitenote_category":0,"_jetpack_memberships_contains_paid_content":false,"footnotes":"","jetpack_publicize_message":"","jetpack_publicize_feature_enabled":true,"jetpack_social_post_already_shared":true,"jetpack_social_options":{"image_generator_settings":{"template":"highway","default_image_id":0,"font":"","enabled":false},"version":2}},"categories":[8],"tags":[],"class_list":["post-77700","post","type-post","status-publish","format-standard","has-post-thumbnail","hentry","category-cultura"],"acf":[],"jetpack_publicize_connections":[],"jetpack_featured_media_url":"https:\/\/i0.wp.com\/blogdoeloiltoncajuhy.com.br\/site\/wp-content\/uploads\/2023\/06\/Kevi-Jonny-e.jpg?fit=824%2C549&ssl=1","jetpack_sharing_enabled":true,"publishpress_future_workflow_manual_trigger":{"enabledWorkflows":[]},"_links":{"self":[{"href":"https:\/\/blogdoeloiltoncajuhy.com.br\/site\/wp-json\/wp\/v2\/posts\/77700","targetHints":{"allow":["GET"]}}],"collection":[{"href":"https:\/\/blogdoeloiltoncajuhy.com.br\/site\/wp-json\/wp\/v2\/posts"}],"about":[{"href":"https:\/\/blogdoeloiltoncajuhy.com.br\/site\/wp-json\/wp\/v2\/types\/post"}],"author":[{"embeddable":true,"href":"https:\/\/blogdoeloiltoncajuhy.com.br\/site\/wp-json\/wp\/v2\/users\/2"}],"replies":[{"embeddable":true,"href":"https:\/\/blogdoeloiltoncajuhy.com.br\/site\/wp-json\/wp\/v2\/comments?post=77700"}],"version-history":[{"count":1,"href":"https:\/\/blogdoeloiltoncajuhy.com.br\/site\/wp-json\/wp\/v2\/posts\/77700\/revisions"}],"predecessor-version":[{"id":77702,"href":"https:\/\/blogdoeloiltoncajuhy.com.br\/site\/wp-json\/wp\/v2\/posts\/77700\/revisions\/77702"}],"wp:featuredmedia":[{"embeddable":true,"href":"https:\/\/blogdoeloiltoncajuhy.com.br\/site\/wp-json\/wp\/v2\/media\/75116"}],"wp:attachment":[{"href":"https:\/\/blogdoeloiltoncajuhy.com.br\/site\/wp-json\/wp\/v2\/media?parent=77700"}],"wp:term":[{"taxonomy":"category","embeddable":true,"href":"https:\/\/blogdoeloiltoncajuhy.com.br\/site\/wp-json\/wp\/v2\/categories?post=77700"},{"taxonomy":"post_tag","embeddable":true,"href":"https:\/\/blogdoeloiltoncajuhy.com.br\/site\/wp-json\/wp\/v2\/tags?post=77700"}],"curies":[{"name":"wp","href":"https:\/\/api.w.org\/{rel}","templated":true}]}}