{"id":77678,"date":"2023-11-21T15:33:16","date_gmt":"2023-11-21T18:33:16","guid":{"rendered":"https:\/\/blogdoeloiltoncajuhy.com.br\/site\/?p=77678"},"modified":"2023-11-21T15:33:18","modified_gmt":"2023-11-21T18:33:18","slug":"fabio-jr-completa-70-anos-veja-suas-musicas-mais-tocadas-no-brasil","status":"publish","type":"post","link":"https:\/\/blogdoeloiltoncajuhy.com.br\/site\/fabio-jr-completa-70-anos-veja-suas-musicas-mais-tocadas-no-brasil\/","title":{"rendered":"F\u00e1bio Jr. completa 70 anos: veja suas m\u00fasicas mais tocadas no Brasil"},"content":{"rendered":"\n<p class=\"has-medium-font-size\"><strong>Levantamento do Ecad aponta tamb\u00e9m as can\u00e7\u00f5es mais regravadas do artista entre as suas 133 composi\u00e7\u00f5es.<\/strong><\/p>\n\n\n\n<p><strong>Por Ecad<\/strong><\/p>\n\n\n\n<figure class=\"wp-block-image aligncenter size-full\"><a href=\"https:\/\/i0.wp.com\/blogdoeloiltoncajuhy.com.br\/site\/wp-content\/uploads\/2023\/11\/fabio-junior.jpeg?ssl=1\"><img data-recalc-dims=\"1\" fetchpriority=\"high\" decoding=\"async\" width=\"620\" height=\"450\" src=\"https:\/\/i0.wp.com\/blogdoeloiltoncajuhy.com.br\/site\/wp-content\/uploads\/2023\/11\/fabio-junior.jpeg?resize=620%2C450&#038;ssl=1\" alt=\"\" class=\"wp-image-77679\" srcset=\"https:\/\/i0.wp.com\/blogdoeloiltoncajuhy.com.br\/site\/wp-content\/uploads\/2023\/11\/fabio-junior.jpeg?w=620&amp;ssl=1 620w, https:\/\/i0.wp.com\/blogdoeloiltoncajuhy.com.br\/site\/wp-content\/uploads\/2023\/11\/fabio-junior.jpeg?resize=300%2C218&amp;ssl=1 300w\" sizes=\"(max-width: 620px) 100vw, 620px\" \/><\/a><figcaption class=\"wp-element-caption\"><sub>Divulga\u00e7\u00e3o<\/sub><\/figcaption><\/figure>\n\n\n\n<p>F\u00e1bio Jr. \u00e9 um dos representantes da M\u00fasica Popular Brasileira. O paulista \u00e9 cantor, compositor, m\u00fasico e ator brasileiro e, nesta ter\u00e7a, dia 21, comemora os seus 70 anos. O Ecad (Escrit\u00f3rio Central de Arrecada\u00e7\u00e3o e Distribui\u00e7\u00e3o) aproveitou a data e fez um estudo sobre as obras musicais e grava\u00e7\u00f5es do artista cadastradas no banco de dados da gest\u00e3o coletiva no pa\u00eds.<\/p>\n\n\n\n<p>\u201cO que \u00e9 que h\u00e1\u201d, uma parceria de F\u00e1bio Jr. com Sergio S\u00e1, foi a can\u00e7\u00e3o que se destacou no levantamento ao figurar na lideran\u00e7a do ranking das m\u00fasicas de autoria do artista mais regravadas e tamb\u00e9m na lista das mais tocadas nos \u00faltimos cinco anos no Brasil.<\/p>\n\n\n\n<p>F\u00e1bio Jr. tem 133 obras musicais e 558 grava\u00e7\u00f5es cadastradas no banco de dados do Ecad. As obras musicais s\u00e3o as suas composi\u00e7\u00f5es, com letra e\/ou melodia e em parceria ou n\u00e3o. J\u00e1 as grava\u00e7\u00f5es s\u00e3o registros de obras musicais disponibilizadas em forma digital (como no streaming) ou em suporte f\u00edsico (como um DVD). Com isso, uma mesma obra musical pode ter diferentes grava\u00e7\u00f5es, como, por exemplo, a original, uma vers\u00e3o ac\u00fastica ou um show gravado para um DVD.<\/p>\n\n\n\n<p><strong><mark style=\"background-color:rgba(0, 0, 0, 0)\" class=\"has-inline-color has-black-color\">Ranking das m\u00fasicas de autoria de F\u00e1bio Jr mais tocadas nos \u00faltimos 5 anos no Brasil nos principais segmentos de execu\u00e7\u00e3o p\u00fablica<\/mark><\/strong> (R\u00e1dio, Sonoriza\u00e7\u00e3o Ambiental, Casas de Festa e Divers\u00e3o, Carnaval, Festa Junina, Show e M\u00fasica ao vivo):<\/p>\n\n\n\n<figure class=\"wp-block-table\"><table><tbody><tr><td><strong>Posi\u00e7\u00e3o<\/strong><\/td><td><strong>M\u00fasica<\/strong><\/td><td><strong>Autores<\/strong><\/td><\/tr><tr><td>1<\/td><td>O que \u00e9 que h\u00e1<\/td><td>F\u00e1bio Jr. \/ Sergio S\u00e1<\/td><\/tr><tr><td>2<\/td><td>20 e poucos anos<\/td><td>F\u00e1bio Jr.<\/td><\/tr><tr><td>3<\/td><td>Pai<\/td><td>F\u00e1bio Jr.<\/td><\/tr><tr><td>4<\/td><td>Rio e canoa<\/td><td>F\u00e1bio Jr.<\/td><\/tr><tr><td>5<\/td><td>Voltei a fazer planos<\/td><td>F\u00e1bio Jr.<\/td><\/tr><tr><td rowspan=\"2\">6<\/td><td>Minha outra metade<\/td><td>Cesar Lemos \/ F\u00e1bio Jr.<\/td><\/tr><tr><td>Choro<\/td><td>F\u00e1bio Jr.<\/td><\/tr><tr><td>7<\/td><td>Lua<\/td><td>Lula Barbosa \/ F\u00e1bio Jr.<\/td><\/tr><tr><td>8<\/td><td>Se quiser<\/td><td>F\u00e1bio Jr.<\/td><\/tr><tr><td>9<\/td><td>Com voc\u00ea minha vida e muito mais legal<\/td><td>F\u00e1bio Jr.<\/td><\/tr><tr><td>10<\/td><td>T\u00f4 investindo nessa hist\u00f3ria<\/td><td>Dudu Borges \/ F\u00e1bio Jr. \/ Jorge<\/td><\/tr><\/tbody><\/table><figcaption class=\"wp-element-caption\"><sub>Fonte: Ecad<\/sub><\/figcaption><\/figure>\n\n\n\n<p><strong><mark style=\"background-color:rgba(0, 0, 0, 0)\" class=\"has-inline-color has-black-color\">Ranking das m\u00fasicas de autoria de F\u00e1bio Jr mais regravadas:<\/mark><\/strong><\/p>\n\n\n\n<figure class=\"wp-block-table\"><table><tbody><tr><td><strong>Posi\u00e7\u00e3o<\/strong><\/td><td><strong>M\u00fasica<\/strong><\/td><td><strong>Autores<\/strong><\/td><\/tr><tr><td>1<\/td><td>O que \u00e9 que h\u00e1<\/td><td>F\u00e1bio Jr. \/ Sergio S\u00e1<\/td><\/tr><tr><td>2<\/td><td>Pai<\/td><td>F\u00e1bio Jr.<\/td><\/tr><tr><td>3<\/td><td>20 e poucos anos<\/td><td>F\u00e1bio Jr.<\/td><\/tr><tr><td>4<\/td><td>N\u00e3o posso reclamar de nada<\/td><td>Mario Marcos \/ F\u00e1bio Jr.<\/td><\/tr><tr><td rowspan=\"2\">5<\/td><td>Rio e canoa<\/td><td>F\u00e1bio Jr.<\/td><\/tr><tr><td>Choro<\/td><td>F\u00e1bio Jr.<\/td><\/tr><tr><td rowspan=\"2\">6<\/td><td>Minha outra metade<\/td><td>Cesar Lemos \/ F\u00e1bio Jr.<\/td><\/tr><tr><td>Amor selvagem<\/td><td>Mario Marcos \/ F\u00e1bio Jr.<\/td><\/tr><tr><td>7<\/td><td>Busca<\/td><td>F\u00e1bio Jr.<\/td><\/tr><tr><td rowspan=\"2\">8<\/td><td>Se quiser<\/td><td>F\u00e1bio Jr.<\/td><\/tr><tr><td>Dona do meu cora\u00e7\u00e3o<\/td><td>F\u00e1bio Jr. \/ Sergio S\u00e1<\/td><\/tr><tr><td rowspan=\"4\">9<\/td><td>Lua<\/td><td>Lula Barbosa \/ F\u00e1bio Jr.<\/td><\/tr><tr><td>Chico Xavier<\/td><td>F\u00e1bio Jr.<\/td><\/tr><tr><td>Intui\u00e7\u00e3o<\/td><td>F\u00e1bio Jr.<\/td><\/tr><tr><td>Qual \u00e9 a sua<\/td><td>F\u00e1bio Jr.<\/td><\/tr><tr><td rowspan=\"2\">10<\/td><td>Luz<\/td><td>Lula Barbosa \/ F\u00e1bio Jr.<\/td><\/tr><tr><td>Eu nunca estive t\u00e3o apaixonado<\/td><td>Mulligan Kevin Joseph \/ F\u00e1bio Jr.<\/td><\/tr><\/tbody><\/table><figcaption class=\"wp-element-caption\"><sub>Fonte: Ecad<\/sub><\/figcaption><\/figure>\n\n\n\n<figure class=\"wp-block-embed is-type-video is-provider-youtube wp-block-embed-youtube wp-embed-aspect-16-9 wp-has-aspect-ratio\"><div class=\"wp-block-embed__wrapper\">\n<iframe title=\"F\u00e1bio Jr. - O Que e Que H\u00e1 (Ao Vivo)\" width=\"800\" height=\"450\" src=\"https:\/\/www.youtube.com\/embed\/L_zWJpf3Se8?feature=oembed\" frameborder=\"0\" allow=\"accelerometer; autoplay; clipboard-write; encrypted-media; gyroscope; picture-in-picture; web-share\" allowfullscreen><\/iframe>\n<\/div><\/figure>\n","protected":false},"excerpt":{"rendered":"<p>Levantamento do Ecad aponta tamb\u00e9m as can\u00e7\u00f5es mais regravadas do artista entre as suas 133 composi\u00e7\u00f5es. Por Ecad F\u00e1bio Jr. \u00e9 um dos representantes da M\u00fasica Popular Brasileira. O paulista \u00e9 cantor, compositor, m\u00fasico e ator brasileiro e, nesta ter\u00e7a, dia 21, comemora os seus 70 anos. O Ecad (Escrit\u00f3rio Central de Arrecada\u00e7\u00e3o e Distribui\u00e7\u00e3o) [&hellip;]<\/p>\n","protected":false},"author":2,"featured_media":77680,"comment_status":"open","ping_status":"open","sticky":false,"template":"","format":"standard","meta":{"_acf_changed":false,"_monsterinsights_skip_tracking":false,"_monsterinsights_sitenote_active":false,"_monsterinsights_sitenote_note":"","_monsterinsights_sitenote_category":0,"_jetpack_memberships_contains_paid_content":false,"footnotes":"","jetpack_publicize_message":"","jetpack_publicize_feature_enabled":true,"jetpack_social_post_already_shared":true,"jetpack_social_options":{"image_generator_settings":{"template":"highway","default_image_id":0,"font":"","enabled":false},"version":2}},"categories":[12],"tags":[],"class_list":["post-77678","post","type-post","status-publish","format-standard","has-post-thumbnail","hentry","category-gente-que-faz-a-nossa-historia"],"acf":[],"jetpack_publicize_connections":[],"jetpack_featured_media_url":"https:\/\/i0.wp.com\/blogdoeloiltoncajuhy.com.br\/site\/wp-content\/uploads\/2023\/11\/fabio-junior-2.webp?fit=620%2C349&ssl=1","jetpack_sharing_enabled":true,"publishpress_future_workflow_manual_trigger":{"enabledWorkflows":[]},"_links":{"self":[{"href":"https:\/\/blogdoeloiltoncajuhy.com.br\/site\/wp-json\/wp\/v2\/posts\/77678","targetHints":{"allow":["GET"]}}],"collection":[{"href":"https:\/\/blogdoeloiltoncajuhy.com.br\/site\/wp-json\/wp\/v2\/posts"}],"about":[{"href":"https:\/\/blogdoeloiltoncajuhy.com.br\/site\/wp-json\/wp\/v2\/types\/post"}],"author":[{"embeddable":true,"href":"https:\/\/blogdoeloiltoncajuhy.com.br\/site\/wp-json\/wp\/v2\/users\/2"}],"replies":[{"embeddable":true,"href":"https:\/\/blogdoeloiltoncajuhy.com.br\/site\/wp-json\/wp\/v2\/comments?post=77678"}],"version-history":[{"count":1,"href":"https:\/\/blogdoeloiltoncajuhy.com.br\/site\/wp-json\/wp\/v2\/posts\/77678\/revisions"}],"predecessor-version":[{"id":77681,"href":"https:\/\/blogdoeloiltoncajuhy.com.br\/site\/wp-json\/wp\/v2\/posts\/77678\/revisions\/77681"}],"wp:featuredmedia":[{"embeddable":true,"href":"https:\/\/blogdoeloiltoncajuhy.com.br\/site\/wp-json\/wp\/v2\/media\/77680"}],"wp:attachment":[{"href":"https:\/\/blogdoeloiltoncajuhy.com.br\/site\/wp-json\/wp\/v2\/media?parent=77678"}],"wp:term":[{"taxonomy":"category","embeddable":true,"href":"https:\/\/blogdoeloiltoncajuhy.com.br\/site\/wp-json\/wp\/v2\/categories?post=77678"},{"taxonomy":"post_tag","embeddable":true,"href":"https:\/\/blogdoeloiltoncajuhy.com.br\/site\/wp-json\/wp\/v2\/tags?post=77678"}],"curies":[{"name":"wp","href":"https:\/\/api.w.org\/{rel}","templated":true}]}}