{"id":77670,"date":"2023-11-21T08:04:07","date_gmt":"2023-11-21T11:04:07","guid":{"rendered":"https:\/\/blogdoeloiltoncajuhy.com.br\/site\/?p=77670"},"modified":"2023-11-21T08:05:02","modified_gmt":"2023-11-21T11:05:02","slug":"confira-quando-serao-os-feriados-de-2024-e-os-pontos-facultativos","status":"publish","type":"post","link":"https:\/\/blogdoeloiltoncajuhy.com.br\/site\/confira-quando-serao-os-feriados-de-2024-e-os-pontos-facultativos\/","title":{"rendered":"Confira quando ser\u00e3o os feriados de 2024 e os pontos facultativos"},"content":{"rendered":"\n<p><strong>Por Capricho<\/strong><\/p>\n\n\n\n<figure class=\"wp-block-image aligncenter size-full is-resized\"><a href=\"https:\/\/i0.wp.com\/blogdoeloiltoncajuhy.com.br\/site\/wp-content\/uploads\/2023\/11\/Calendario_211123.jpeg?ssl=1\"><img data-recalc-dims=\"1\" fetchpriority=\"high\" decoding=\"async\" width=\"800\" height=\"421\" src=\"https:\/\/i0.wp.com\/blogdoeloiltoncajuhy.com.br\/site\/wp-content\/uploads\/2023\/11\/Calendario_211123.jpeg?resize=800%2C421&#038;ssl=1\" alt=\"\" class=\"wp-image-77671\" style=\"width:714px;height:auto\" srcset=\"https:\/\/i0.wp.com\/blogdoeloiltoncajuhy.com.br\/site\/wp-content\/uploads\/2023\/11\/Calendario_211123.jpeg?w=912&amp;ssl=1 912w, https:\/\/i0.wp.com\/blogdoeloiltoncajuhy.com.br\/site\/wp-content\/uploads\/2023\/11\/Calendario_211123.jpeg?resize=300%2C158&amp;ssl=1 300w, https:\/\/i0.wp.com\/blogdoeloiltoncajuhy.com.br\/site\/wp-content\/uploads\/2023\/11\/Calendario_211123.jpeg?resize=768%2C404&amp;ssl=1 768w\" sizes=\"(max-width: 800px) 100vw, 800px\" \/><\/a><figcaption class=\"wp-element-caption\"><sub>Foto: Reprodu\u00e7\u00e3o<\/sub><\/figcaption><\/figure>\n\n\n\n<p>Para quem gosta de descansar e viajar, o calend\u00e1rio de feriados 2023 foi generoso, n\u00e9? Ao todo, foram nove feriados nacionais, sendo quatro prolongados \u2013 sem contar os pontos facultativos. Mas, preparem-se, em 2024, que est\u00e1 logo a\u00ed, n\u00e3o teremos tanta sorte.<\/p>\n\n\n\n<p>O pr\u00f3ximo ano ter\u00e1 apenas dois feriados prolongados (com pontos facultativos): o Carnaval (que cai em uma segunda e ter\u00e7a, 12 e 13 de fevereiro) e Corpus Christi (em 30 de maio, uma quinta-feira). No segundo semestre de 2024, tr\u00eas dos cinco feriados cair\u00e3o no s\u00e1bado: Dia da Independ\u00eancia do Brasil, Dia de Nossa Senhora Aparecida e Dia de Finados (7 de setembro, 12 de outubro e 2 de novembro, respectivamente). Puxado, hein?<\/p>\n\n\n\n<p class=\"has-black-color has-text-color has-link-color has-medium-font-size wp-elements-ac7517d521c525b16057e0be9dafc1f3\"><strong>Feriados nacionais de 2024<\/strong><\/p>\n\n\n\n<p>J\u00e1 anota a\u00ed!<\/p>\n\n\n\n<ul class=\"wp-block-list\">\n<li><strong><mark style=\"background-color:rgba(0, 0, 0, 0)\" class=\"has-inline-color has-black-color\">1\u00ba de janeiro (segunda-feira):<\/mark><\/strong> Confraterniza\u00e7\u00e3o Universal<\/li>\n\n\n\n<li><strong><mark style=\"background-color:rgba(0, 0, 0, 0)\" class=\"has-inline-color has-black-color\">29 de mar\u00e7o (sexta-feira):<\/mark><\/strong> Paix\u00e3o de Cristo<\/li>\n\n\n\n<li><strong><mark style=\"background-color:rgba(0, 0, 0, 0)\" class=\"has-inline-color has-black-color\">21 de abril (domingo):<\/mark><\/strong> Tiradentes<\/li>\n\n\n\n<li><strong><mark style=\"background-color:rgba(0, 0, 0, 0)\" class=\"has-inline-color has-black-color\">1\u00ba de maio (quarta-feira):<\/mark><\/strong> Dia do Trabalho<\/li>\n\n\n\n<li><strong><mark style=\"background-color:rgba(0, 0, 0, 0)\" class=\"has-inline-color has-black-color\">7 de setembro (s\u00e1bado):<\/mark><\/strong> Independ\u00eancia do Brasil<\/li>\n\n\n\n<li><strong><mark style=\"background-color:rgba(0, 0, 0, 0)\" class=\"has-inline-color has-black-color\">12 de outubro (s\u00e1bado):<\/mark><\/strong> Nossa Senhora Aparecida<\/li>\n\n\n\n<li><strong><mark style=\"background-color:rgba(0, 0, 0, 0)\" class=\"has-inline-color has-black-color\">2 de novembro (s\u00e1bado):<\/mark><\/strong> Finados<\/li>\n\n\n\n<li><strong><mark style=\"background-color:rgba(0, 0, 0, 0)\" class=\"has-inline-color has-black-color\">15 de novembro (sexta-feira):<\/mark><\/strong> Proclama\u00e7\u00e3o da Rep\u00fablica<\/li>\n\n\n\n<li><strong><mark style=\"background-color:rgba(0, 0, 0, 0)\" class=\"has-inline-color has-black-color\">25 de dezembro (quarta-feira):<\/mark><\/strong> Natal<\/li>\n<\/ul>\n\n\n\n<p><\/p>\n\n\n\n<p class=\"has-black-color has-text-color has-link-color has-medium-font-size wp-elements-598341c2fc5befe3d95a83f69cc85d66\"><strong>Pontos facultativos (o trabalho \u00e9 opcional e pode ser decidido pela empresa)<\/strong><\/p>\n\n\n\n<ul class=\"wp-block-list\">\n<li><strong><mark style=\"background-color:rgba(0, 0, 0, 0)\" class=\"has-inline-color has-black-color\">12 e 13 de fevereiro (segunda e ter\u00e7a-feira):<\/mark><\/strong> Carnaval<\/li>\n\n\n\n<li><strong><mark style=\"background-color:rgba(0, 0, 0, 0)\" class=\"has-inline-color has-black-color\">14 de fevereiro (quarta-feira):<\/mark><\/strong> Quarta-Feira de Cinzas<\/li>\n\n\n\n<li><strong><mark style=\"background-color:rgba(0, 0, 0, 0)\" class=\"has-inline-color has-black-color\">30 de maio (quinta-feira):<\/mark><\/strong> Corpus Christi<\/li>\n\n\n\n<li><strong><mark style=\"background-color:rgba(0, 0, 0, 0)\" class=\"has-inline-color has-black-color\">28 de outubro (segunda-feira):<\/mark><\/strong> Dia do Servidor P\u00fablico<\/li>\n<\/ul>\n\n\n\n<p><\/p>\n\n\n\n<p>For\u00e7a, guerreiros!<\/p>\n","protected":false},"excerpt":{"rendered":"<p>Por Capricho Para quem gosta de descansar e viajar, o calend\u00e1rio de feriados 2023 foi generoso, n\u00e9? Ao todo, foram nove feriados nacionais, sendo quatro prolongados \u2013 sem contar os pontos facultativos. Mas, preparem-se, em 2024, que est\u00e1 logo a\u00ed, n\u00e3o teremos tanta sorte. O pr\u00f3ximo ano ter\u00e1 apenas dois feriados prolongados (com pontos facultativos): [&hellip;]<\/p>\n","protected":false},"author":2,"featured_media":77672,"comment_status":"open","ping_status":"open","sticky":false,"template":"","format":"standard","meta":{"_acf_changed":false,"_monsterinsights_skip_tracking":false,"_monsterinsights_sitenote_active":false,"_monsterinsights_sitenote_note":"","_monsterinsights_sitenote_category":0,"_jetpack_memberships_contains_paid_content":false,"footnotes":"","jetpack_publicize_message":"","jetpack_publicize_feature_enabled":true,"jetpack_social_post_already_shared":true,"jetpack_social_options":{"image_generator_settings":{"template":"highway","default_image_id":0,"font":"","enabled":false},"version":2}},"categories":[5],"tags":[],"class_list":["post-77670","post","type-post","status-publish","format-standard","has-post-thumbnail","hentry","category-cotidiano"],"acf":[],"jetpack_publicize_connections":[],"jetpack_featured_media_url":"https:\/\/i0.wp.com\/blogdoeloiltoncajuhy.com.br\/site\/wp-content\/uploads\/2023\/11\/Calendario_Foto_Caminho-da-Maestria-211123.jpeg?fit=957%2C463&ssl=1","jetpack_sharing_enabled":true,"publishpress_future_workflow_manual_trigger":{"enabledWorkflows":[]},"_links":{"self":[{"href":"https:\/\/blogdoeloiltoncajuhy.com.br\/site\/wp-json\/wp\/v2\/posts\/77670","targetHints":{"allow":["GET"]}}],"collection":[{"href":"https:\/\/blogdoeloiltoncajuhy.com.br\/site\/wp-json\/wp\/v2\/posts"}],"about":[{"href":"https:\/\/blogdoeloiltoncajuhy.com.br\/site\/wp-json\/wp\/v2\/types\/post"}],"author":[{"embeddable":true,"href":"https:\/\/blogdoeloiltoncajuhy.com.br\/site\/wp-json\/wp\/v2\/users\/2"}],"replies":[{"embeddable":true,"href":"https:\/\/blogdoeloiltoncajuhy.com.br\/site\/wp-json\/wp\/v2\/comments?post=77670"}],"version-history":[{"count":2,"href":"https:\/\/blogdoeloiltoncajuhy.com.br\/site\/wp-json\/wp\/v2\/posts\/77670\/revisions"}],"predecessor-version":[{"id":77674,"href":"https:\/\/blogdoeloiltoncajuhy.com.br\/site\/wp-json\/wp\/v2\/posts\/77670\/revisions\/77674"}],"wp:featuredmedia":[{"embeddable":true,"href":"https:\/\/blogdoeloiltoncajuhy.com.br\/site\/wp-json\/wp\/v2\/media\/77672"}],"wp:attachment":[{"href":"https:\/\/blogdoeloiltoncajuhy.com.br\/site\/wp-json\/wp\/v2\/media?parent=77670"}],"wp:term":[{"taxonomy":"category","embeddable":true,"href":"https:\/\/blogdoeloiltoncajuhy.com.br\/site\/wp-json\/wp\/v2\/categories?post=77670"},{"taxonomy":"post_tag","embeddable":true,"href":"https:\/\/blogdoeloiltoncajuhy.com.br\/site\/wp-json\/wp\/v2\/tags?post=77670"}],"curies":[{"name":"wp","href":"https:\/\/api.w.org\/{rel}","templated":true}]}}