{"id":77639,"date":"2023-11-19T22:14:40","date_gmt":"2023-11-20T01:14:40","guid":{"rendered":"https:\/\/blogdoeloiltoncajuhy.com.br\/site\/?p=77639"},"modified":"2023-11-20T14:28:13","modified_gmt":"2023-11-20T17:28:13","slug":"luto-morre-no-hdam-carlito-da-embasa","status":"publish","type":"post","link":"https:\/\/blogdoeloiltoncajuhy.com.br\/site\/luto-morre-no-hdam-carlito-da-embasa\/","title":{"rendered":"Luto: Morre no HDAM, Carlito da Embasa"},"content":{"rendered":"\n<p><strong>Blog do Eloilton Cajuhy<\/strong><\/p>\n\n\n\n<figure class=\"wp-block-image aligncenter size-full is-resized\"><a href=\"https:\/\/i0.wp.com\/blogdoeloiltoncajuhy.com.br\/site\/wp-content\/uploads\/2023\/11\/Carlito-da-Embasa_191123.jpeg?ssl=1\"><img data-recalc-dims=\"1\" fetchpriority=\"high\" decoding=\"async\" width=\"538\" height=\"655\" src=\"https:\/\/i0.wp.com\/blogdoeloiltoncajuhy.com.br\/site\/wp-content\/uploads\/2023\/11\/Carlito-da-Embasa_191123.jpeg?resize=538%2C655&#038;ssl=1\" alt=\"\" class=\"wp-image-77640\" style=\"width:454px;height:auto\" srcset=\"https:\/\/i0.wp.com\/blogdoeloiltoncajuhy.com.br\/site\/wp-content\/uploads\/2023\/11\/Carlito-da-Embasa_191123.jpeg?w=538&amp;ssl=1 538w, https:\/\/i0.wp.com\/blogdoeloiltoncajuhy.com.br\/site\/wp-content\/uploads\/2023\/11\/Carlito-da-Embasa_191123.jpeg?resize=246%2C300&amp;ssl=1 246w\" sizes=\"(max-width: 538px) 100vw, 538px\" \/><\/a><figcaption class=\"wp-element-caption\"><sub>Foto: Arquivo da fam\u00edlia<\/sub><\/figcaption><\/figure>\n\n\n\n<p>Morreu por volta das 13h30 deste domingo (19), no Hospital Dom Antonio Monteiro (HDAM), o aposentado Carlos Alves Nascimento, de 81 anos de idade. Morador da Rua Manoel Novaes, Seu Carlito era uma figura bastante querida em nossa cidade, principalmente na Grande Gamboa.<\/p>\n\n\n\n<p>Manobrista da Embasa por muitos anos, era torcedor apaixonado do Esporte Clube Vit\u00f3ria. Seu corpo foi velado no Memorial Vila Nova, e o sepultamento aconteceu na segunda-feira (20), \u00e0s 10h da manh\u00e3, em Senhor do Bonfim.<\/p>\n","protected":false},"excerpt":{"rendered":"<p>Blog do Eloilton Cajuhy Morreu por volta das 13h30 deste domingo (19), no Hospital Dom Antonio Monteiro (HDAM), o aposentado Carlos Alves Nascimento, de 81 anos de idade. Morador da Rua Manoel Novaes, Seu Carlito era uma figura bastante querida em nossa cidade, principalmente na Grande Gamboa. Manobrista da Embasa por muitos anos, era torcedor [&hellip;]<\/p>\n","protected":false},"author":2,"featured_media":77640,"comment_status":"open","ping_status":"open","sticky":false,"template":"","format":"standard","meta":{"_acf_changed":false,"_monsterinsights_skip_tracking":false,"_monsterinsights_sitenote_active":false,"_monsterinsights_sitenote_note":"","_monsterinsights_sitenote_category":0,"_jetpack_memberships_contains_paid_content":false,"footnotes":"","jetpack_publicize_message":"","jetpack_publicize_feature_enabled":true,"jetpack_social_post_already_shared":true,"jetpack_social_options":{"image_generator_settings":{"template":"highway","default_image_id":0,"font":"","enabled":false},"version":2}},"categories":[4],"tags":[],"class_list":["post-77639","post","type-post","status-publish","format-standard","has-post-thumbnail","hentry","category-local"],"acf":[],"jetpack_publicize_connections":[],"jetpack_featured_media_url":"https:\/\/i0.wp.com\/blogdoeloiltoncajuhy.com.br\/site\/wp-content\/uploads\/2023\/11\/Carlito-da-Embasa_191123.jpeg?fit=538%2C655&ssl=1","jetpack_sharing_enabled":true,"publishpress_future_workflow_manual_trigger":{"enabledWorkflows":[]},"_links":{"self":[{"href":"https:\/\/blogdoeloiltoncajuhy.com.br\/site\/wp-json\/wp\/v2\/posts\/77639","targetHints":{"allow":["GET"]}}],"collection":[{"href":"https:\/\/blogdoeloiltoncajuhy.com.br\/site\/wp-json\/wp\/v2\/posts"}],"about":[{"href":"https:\/\/blogdoeloiltoncajuhy.com.br\/site\/wp-json\/wp\/v2\/types\/post"}],"author":[{"embeddable":true,"href":"https:\/\/blogdoeloiltoncajuhy.com.br\/site\/wp-json\/wp\/v2\/users\/2"}],"replies":[{"embeddable":true,"href":"https:\/\/blogdoeloiltoncajuhy.com.br\/site\/wp-json\/wp\/v2\/comments?post=77639"}],"version-history":[{"count":2,"href":"https:\/\/blogdoeloiltoncajuhy.com.br\/site\/wp-json\/wp\/v2\/posts\/77639\/revisions"}],"predecessor-version":[{"id":77649,"href":"https:\/\/blogdoeloiltoncajuhy.com.br\/site\/wp-json\/wp\/v2\/posts\/77639\/revisions\/77649"}],"wp:featuredmedia":[{"embeddable":true,"href":"https:\/\/blogdoeloiltoncajuhy.com.br\/site\/wp-json\/wp\/v2\/media\/77640"}],"wp:attachment":[{"href":"https:\/\/blogdoeloiltoncajuhy.com.br\/site\/wp-json\/wp\/v2\/media?parent=77639"}],"wp:term":[{"taxonomy":"category","embeddable":true,"href":"https:\/\/blogdoeloiltoncajuhy.com.br\/site\/wp-json\/wp\/v2\/categories?post=77639"},{"taxonomy":"post_tag","embeddable":true,"href":"https:\/\/blogdoeloiltoncajuhy.com.br\/site\/wp-json\/wp\/v2\/tags?post=77639"}],"curies":[{"name":"wp","href":"https:\/\/api.w.org\/{rel}","templated":true}]}}