{"id":77636,"date":"2023-11-19T21:59:00","date_gmt":"2023-11-20T00:59:00","guid":{"rendered":"https:\/\/blogdoeloiltoncajuhy.com.br\/site\/?p=77636"},"modified":"2023-11-19T21:59:02","modified_gmt":"2023-11-20T00:59:02","slug":"diferencas-nao-podem-significar-desigualdade-de-direitos-diz-anielle","status":"publish","type":"post","link":"https:\/\/blogdoeloiltoncajuhy.com.br\/site\/diferencas-nao-podem-significar-desigualdade-de-direitos-diz-anielle\/","title":{"rendered":"Diferen\u00e7as n\u00e3o podem significar desigualdade de direitos, diz Anielle"},"content":{"rendered":"\n<p class=\"has-text-align-center has-medium-font-size\"><strong>Ministra fez pronunciamento por ocasi\u00e3o do Dia da Consci\u00eancia Negra.<\/strong><\/p>\n\n\n\n<p><strong>Por Ag\u00eancia Brasil<\/strong><\/p>\n\n\n\n<figure class=\"wp-block-image aligncenter size-large\"><a href=\"https:\/\/i0.wp.com\/blogdoeloiltoncajuhy.com.br\/site\/wp-content\/uploads\/2023\/11\/Ministra-Anielle-Franco_DivulgacaoMIR.webp?ssl=1\"><img data-recalc-dims=\"1\" fetchpriority=\"high\" decoding=\"async\" width=\"800\" height=\"479\" src=\"https:\/\/i0.wp.com\/blogdoeloiltoncajuhy.com.br\/site\/wp-content\/uploads\/2023\/11\/Ministra-Anielle-Franco_DivulgacaoMIR-1024x613.webp?resize=800%2C479&#038;ssl=1\" alt=\"\" class=\"wp-image-77637\" srcset=\"https:\/\/i0.wp.com\/blogdoeloiltoncajuhy.com.br\/site\/wp-content\/uploads\/2023\/11\/Ministra-Anielle-Franco_DivulgacaoMIR.webp?resize=1024%2C613&amp;ssl=1 1024w, https:\/\/i0.wp.com\/blogdoeloiltoncajuhy.com.br\/site\/wp-content\/uploads\/2023\/11\/Ministra-Anielle-Franco_DivulgacaoMIR.webp?resize=300%2C179&amp;ssl=1 300w, https:\/\/i0.wp.com\/blogdoeloiltoncajuhy.com.br\/site\/wp-content\/uploads\/2023\/11\/Ministra-Anielle-Franco_DivulgacaoMIR.webp?resize=768%2C459&amp;ssl=1 768w, https:\/\/i0.wp.com\/blogdoeloiltoncajuhy.com.br\/site\/wp-content\/uploads\/2023\/11\/Ministra-Anielle-Franco_DivulgacaoMIR.webp?w=1170&amp;ssl=1 1170w\" sizes=\"(max-width: 800px) 100vw, 800px\" \/><\/a><figcaption class=\"wp-element-caption\"><sub>Ministra Anielle Franco &#8211; Foto: Divulga\u00e7\u00e3o\/Minist\u00e9rio da Igualdade Racial<\/sub><\/figcaption><\/figure>\n\n\n\n<p>A ministra da Igualdade Racial, Anielle Franco, defendeu a igualdade de direitos e oportunidades para o povo negro, bem como seu acesso \u00e0 educa\u00e7\u00e3o, sa\u00fade, emprego e sal\u00e1rio justo. Anielle falou, na noite deste domingo (19), em cadeia nacional de r\u00e1dio e televis\u00e3o em alus\u00e3o ao Dia da Consci\u00eancia Negra, celebrado nesta segunda-feira (20).<\/p>\n\n\n\n<p>Em seu pronunciamento, ela lembrou da diversidade cultural do pa\u00eds e da contribui\u00e7\u00e3o hist\u00f3rica dos negros para essa diversidade. Mas, refor\u00e7ou, \u201cessas diferen\u00e7as n\u00e3o podem significar desigualdade de oportunidades e direitos\u201d. Ela afirmou que dados comprovam que os negros s\u00e3o mais atingidos pela fome, pela inseguran\u00e7a alimentar e pela viol\u00eancia \u201ccomo resultante do racismo que persiste em nossa sociedade\u201d.<\/p>\n\n\n\n<p>\u201cTemos o mesmo direito de viver com dignidade, de ter acesso \u00e0 educa\u00e7\u00e3o da creche. Sa\u00fade, emprego, sal\u00e1rio justo, seguran\u00e7a, moradia digna e alimenta\u00e7\u00e3o de qualidade. Temos todas e todos o direito de sonhar, de realizar nossos sonhos\u201d, acrescentou.<\/p>\n\n\n\n<p>Anielle lembrou da luta do povo brasileiro e dos movimentos sociais na conquista dos direitos sociais. Em seguida, lembrou das a\u00e7\u00f5es do governo Lula, neste e nos seus mandatos anteriores, no sentido de reduzir a desigualdade. A ministra lembrou da cria\u00e7\u00e3o da pol\u00edtica de cotas nas universidades e tamb\u00e9m nos cargos e fun\u00e7\u00f5es comissionadas no servi\u00e7o p\u00fablico. Lembrou ainda da lei que equipara inj\u00faria racial ao crime de racismo, entre outras medidas.<\/p>\n\n\n\n<p>\u201cContinuaremos a trabalhar em nosso compromisso por mem\u00f3ria e repara\u00e7\u00e3o por uma vida digna para o povo brasileiro e pelo desenvolvimento do nosso pa\u00eds. Seguimos juntas e juntos, construindo um Brasil pela igualdade racial. Um Brasil mais justo e mais feliz\u201d.<\/p>\n\n\n\n<p>A data de 20 de novembro faz refer\u00eancia ao dia da morte de Zumbi dos Palmares, em 1695, pelas m\u00e3os de tropas portuguesas. Zumbi dos Palmares comandou a resist\u00eancia de milhares de negros contra a escravid\u00e3o, no Quilombo dos Palmares, localizado na Serra da Barriga, em Alagoas.<\/p>\n","protected":false},"excerpt":{"rendered":"<p>Ministra fez pronunciamento por ocasi\u00e3o do Dia da Consci\u00eancia Negra. Por Ag\u00eancia Brasil A ministra da Igualdade Racial, Anielle Franco, defendeu a igualdade de direitos e oportunidades para o povo negro, bem como seu acesso \u00e0 educa\u00e7\u00e3o, sa\u00fade, emprego e sal\u00e1rio justo. Anielle falou, na noite deste domingo (19), em cadeia nacional de r\u00e1dio e [&hellip;]<\/p>\n","protected":false},"author":2,"featured_media":77637,"comment_status":"open","ping_status":"open","sticky":false,"template":"","format":"standard","meta":{"_acf_changed":false,"_monsterinsights_skip_tracking":false,"_monsterinsights_sitenote_active":false,"_monsterinsights_sitenote_note":"","_monsterinsights_sitenote_category":0,"_jetpack_memberships_contains_paid_content":false,"footnotes":"","jetpack_publicize_message":"","jetpack_publicize_feature_enabled":true,"jetpack_social_post_already_shared":true,"jetpack_social_options":{"image_generator_settings":{"template":"highway","default_image_id":0,"font":"","enabled":false},"version":2}},"categories":[3],"tags":[],"class_list":["post-77636","post","type-post","status-publish","format-standard","has-post-thumbnail","hentry","category-politica"],"acf":[],"jetpack_publicize_connections":[],"jetpack_featured_media_url":"https:\/\/i0.wp.com\/blogdoeloiltoncajuhy.com.br\/site\/wp-content\/uploads\/2023\/11\/Ministra-Anielle-Franco_DivulgacaoMIR.webp?fit=1170%2C700&ssl=1","jetpack_sharing_enabled":true,"publishpress_future_workflow_manual_trigger":{"enabledWorkflows":[]},"_links":{"self":[{"href":"https:\/\/blogdoeloiltoncajuhy.com.br\/site\/wp-json\/wp\/v2\/posts\/77636","targetHints":{"allow":["GET"]}}],"collection":[{"href":"https:\/\/blogdoeloiltoncajuhy.com.br\/site\/wp-json\/wp\/v2\/posts"}],"about":[{"href":"https:\/\/blogdoeloiltoncajuhy.com.br\/site\/wp-json\/wp\/v2\/types\/post"}],"author":[{"embeddable":true,"href":"https:\/\/blogdoeloiltoncajuhy.com.br\/site\/wp-json\/wp\/v2\/users\/2"}],"replies":[{"embeddable":true,"href":"https:\/\/blogdoeloiltoncajuhy.com.br\/site\/wp-json\/wp\/v2\/comments?post=77636"}],"version-history":[{"count":1,"href":"https:\/\/blogdoeloiltoncajuhy.com.br\/site\/wp-json\/wp\/v2\/posts\/77636\/revisions"}],"predecessor-version":[{"id":77638,"href":"https:\/\/blogdoeloiltoncajuhy.com.br\/site\/wp-json\/wp\/v2\/posts\/77636\/revisions\/77638"}],"wp:featuredmedia":[{"embeddable":true,"href":"https:\/\/blogdoeloiltoncajuhy.com.br\/site\/wp-json\/wp\/v2\/media\/77637"}],"wp:attachment":[{"href":"https:\/\/blogdoeloiltoncajuhy.com.br\/site\/wp-json\/wp\/v2\/media?parent=77636"}],"wp:term":[{"taxonomy":"category","embeddable":true,"href":"https:\/\/blogdoeloiltoncajuhy.com.br\/site\/wp-json\/wp\/v2\/categories?post=77636"},{"taxonomy":"post_tag","embeddable":true,"href":"https:\/\/blogdoeloiltoncajuhy.com.br\/site\/wp-json\/wp\/v2\/tags?post=77636"}],"curies":[{"name":"wp","href":"https:\/\/api.w.org\/{rel}","templated":true}]}}