{"id":77626,"date":"2023-11-18T22:16:02","date_gmt":"2023-11-19T01:16:02","guid":{"rendered":"https:\/\/blogdoeloiltoncajuhy.com.br\/site\/?p=77626"},"modified":"2023-11-18T22:16:04","modified_gmt":"2023-11-19T01:16:04","slug":"o-que-fazer-se-voce-comecar-a-passar-mal-por-causa-do-calor-especialista-explica","status":"publish","type":"post","link":"https:\/\/blogdoeloiltoncajuhy.com.br\/site\/o-que-fazer-se-voce-comecar-a-passar-mal-por-causa-do-calor-especialista-explica\/","title":{"rendered":"O que fazer se voc\u00ea come\u00e7ar a passar mal por causa do calor; especialista explica"},"content":{"rendered":"\n<p class=\"has-medium-font-size\"><strong>Na sexta-feira, uma jovem morreu e mais de mil pessoas desmaiaram devido ao calor extremo no show da cantora Taylor Swift.<\/strong><\/p>\n\n\n\n<p><strong>Por Giulia Vidale\/O Globo<\/strong> \u2014 S\u00e3o Paulo<\/p>\n\n\n\n<figure class=\"wp-block-image aligncenter size-full\"><a href=\"https:\/\/i0.wp.com\/blogdoeloiltoncajuhy.com.br\/site\/wp-content\/uploads\/2023\/11\/Garrafas-dagua-calor-%E2%80%94-Foto_Hermes-de-Paula-Agencia-O-Globo.webp?ssl=1\"><img data-recalc-dims=\"1\" fetchpriority=\"high\" decoding=\"async\" width=\"800\" height=\"472\" src=\"https:\/\/i0.wp.com\/blogdoeloiltoncajuhy.com.br\/site\/wp-content\/uploads\/2023\/11\/Garrafas-dagua-calor-%E2%80%94-Foto_Hermes-de-Paula-Agencia-O-Globo.webp?resize=800%2C472&#038;ssl=1\" alt=\"\" class=\"wp-image-77627\" srcset=\"https:\/\/i0.wp.com\/blogdoeloiltoncajuhy.com.br\/site\/wp-content\/uploads\/2023\/11\/Garrafas-dagua-calor-%E2%80%94-Foto_Hermes-de-Paula-Agencia-O-Globo.webp?w=888&amp;ssl=1 888w, https:\/\/i0.wp.com\/blogdoeloiltoncajuhy.com.br\/site\/wp-content\/uploads\/2023\/11\/Garrafas-dagua-calor-%E2%80%94-Foto_Hermes-de-Paula-Agencia-O-Globo.webp?resize=300%2C177&amp;ssl=1 300w, https:\/\/i0.wp.com\/blogdoeloiltoncajuhy.com.br\/site\/wp-content\/uploads\/2023\/11\/Garrafas-dagua-calor-%E2%80%94-Foto_Hermes-de-Paula-Agencia-O-Globo.webp?resize=768%2C453&amp;ssl=1 768w\" sizes=\"(max-width: 800px) 100vw, 800px\" \/><\/a><figcaption class=\"wp-element-caption\"><sub>Ap\u00f3s morte de jovem durante show, p\u00fablico critica proibi\u00e7\u00e3o de entrada com garrafas d&#8217;\u00e1gua no evento \u2014 Foto: Hermes de Paula \/ Ag\u00eancia O Globo<\/sub><\/figcaption><\/figure>\n\n\n\n<p>Uma jovem morreu e mais de mil pessoas desmairam no primeiro show da cantora Taylor Swift realizado no Brasil, devido ao calor extremo no Rio de Janeiro. A cardiologista e intensivista Stephanie Rizk, alerta que as riscos associados ao calor extremo para a sa\u00fade podem resultar em s\u00e9rias consequ\u00eancias.<\/p>\n\n\n\n<p>&#8212; Em situa\u00e7\u00f5es onde as pessoas est\u00e3o expostas a altas temperaturas, sobretudo em locais mal ventilados ou com grande concentra\u00e7\u00e3o de pessoas, diversos problemas de sa\u00fade podem surgir. Entre os mais preocupantes est\u00e1 a insola\u00e7\u00e3o. Outros problemas s\u00e3o a desidrata\u00e7\u00e3o e a exaust\u00e3o pelo calor, resultante da perda de \u00e1gua e sal &#8212; alerta a m\u00e9dica, que \u00e9 especialista em insufici\u00eancia card\u00edaca, transplante card\u00edaco e cora\u00e7\u00e3o artificial da Rede D\u2019Or, Hospital S\u00edrio-Liban\u00eas e m\u00e9dica da Cardio-Oncologia do InCor\/ICESP da Faculdade de Medicina da USP.<\/p>\n\n\n\n<p class=\"has-black-color has-text-color has-link-color has-medium-font-size wp-elements-d833673703337214b3927f896c90acb0\"><strong>Sintomas de mal-estar causado pelo calor extremo<\/strong><\/p>\n\n\n\n<p>Os sinais que indicam que algu\u00e9m est\u00e1 passando mal pelo calor s\u00e3o:<\/p>\n\n\n\n<ul class=\"wp-block-list\">\n<li>Eleva\u00e7\u00e3o da temperatura corporal;<\/li>\n\n\n\n<li>Pele vermelha, quente e seca;<\/li>\n\n\n\n<li>Dor de cabe\u00e7a;<\/li>\n\n\n\n<li>Tontura;<\/li>\n\n\n\n<li>N\u00e1usea;<\/li>\n\n\n\n<li>Confus\u00e3o mental;<\/li>\n\n\n\n<li>Perda de consci\u00eancia, em casos extremos.<\/li>\n\n\n\n<li>Sede extrema;<\/li>\n\n\n\n<li>Boca seca;<\/li>\n\n\n\n<li>Urina de cor escura;<\/li>\n\n\n\n<li>Fadiga;<\/li>\n\n\n\n<li>Fraqueza.<\/li>\n<\/ul>\n\n\n\n<p><\/p>\n\n\n\n<p class=\"has-black-color has-text-color has-link-color has-medium-font-size wp-elements-ce89eee56d61005f3882673342713679\"><strong>O que fazer se voc\u00ea come\u00e7ar a passar mal por causa do calor<\/strong><\/p>\n\n\n\n<p>Se voc\u00ea ou algu\u00e9m que est\u00e1 com voc\u00ea apresentar algum dos sinais acima, isso pode indicar problemas associados \u00e0 exposi\u00e7\u00e3o ao calor extremo, como insola\u00e7\u00e3o, desidrata\u00e7\u00e3o ou exaust\u00e3o pelo calor. Confira abaixo as recomenda\u00e7\u00f5es da intesivista sobre o que fazer nestes casos:<\/p>\n\n\n\n<ul class=\"wp-block-list\">\n<li><strong><mark style=\"background-color:rgba(0, 0, 0, 0)\" class=\"has-inline-color has-black-color\">Ambiente fresco:<\/mark><\/strong> V\u00e1 ou leve a pessoa para um ambiente fresco, preferencialmente com sombra ou ar-condicionado, para aliviar o impacto do calor;<\/li>\n\n\n\n<li><strong><mark style=\"background-color:rgba(0, 0, 0, 0)\" class=\"has-inline-color has-black-color\">Hidrata\u00e7\u00e3o \u00e9 fundamental:<\/mark><\/strong> ofere\u00e7a \u00e1gua ou bebidas isot\u00f4nicas para ajudar a repor os l\u00edquidos e eletr\u00f3litos que foram perdidos;<\/li>\n\n\n\n<li><strong><mark style=\"background-color:rgba(0, 0, 0, 0)\" class=\"has-inline-color has-black-color\">Resfriar o corpo:<\/mark><\/strong> \u00e9 ben\u00e9fico resfriar o corpo da pessoa utilizando compressas frias, borrifando \u00e1gua, ou mesmo ajudando-a a tomar um banho frio;<\/li>\n\n\n\n<li><strong><mark style=\"background-color:rgba(0, 0, 0, 0)\" class=\"has-inline-color has-black-color\">Descanso:<\/mark><\/strong> \u00e9 crucial que a pessoa descanse em uma posi\u00e7\u00e3o confort\u00e1vel, evitando atividades f\u00edsicas intensas, para que o corpo possa se recuperar;<\/li>\n\n\n\n<li><strong><mark style=\"background-color:rgba(0, 0, 0, 0)\" class=\"has-inline-color has-black-color\">Ajuda m\u00e9dica:<\/mark><\/strong> em casos onde os sintomas s\u00e3o graves, como perda de consci\u00eancia ou confus\u00e3o, \u00e9 imprescind\u00edvel buscar ajuda m\u00e9dica imediatamente.<\/li>\n<\/ul>\n\n\n\n<p><\/p>\n\n\n\n<p class=\"has-black-color has-text-color has-link-color has-medium-font-size wp-elements-f981a792f1e45a9f418d2151080a3aac\"><strong>Preven\u00e7\u00e3o<\/strong><\/p>\n\n\n\n<p>Para prevenir tais situa\u00e7\u00f5es, Rizk recomenda:<\/p>\n\n\n\n<ul class=\"wp-block-list\">\n<li>Manter-se bem hidratado;<\/li>\n\n\n\n<li>Usar roupas leves;<\/li>\n\n\n\n<li>Aplicar protetor solar;<\/li>\n\n\n\n<li>Evitar a exposi\u00e7\u00e3o direta ao sol nos per\u00edodos mais quentes do dia;<\/li>\n\n\n\n<li>Fazer pausas frequentes em locais frescos.<\/li>\n<\/ul>\n","protected":false},"excerpt":{"rendered":"<p>Na sexta-feira, uma jovem morreu e mais de mil pessoas desmaiaram devido ao calor extremo no show da cantora Taylor Swift. Por Giulia Vidale\/O Globo \u2014 S\u00e3o Paulo Uma jovem morreu e mais de mil pessoas desmairam no primeiro show da cantora Taylor Swift realizado no Brasil, devido ao calor extremo no Rio de Janeiro. [&hellip;]<\/p>\n","protected":false},"author":2,"featured_media":77627,"comment_status":"open","ping_status":"open","sticky":false,"template":"","format":"standard","meta":{"_acf_changed":false,"_monsterinsights_skip_tracking":false,"_monsterinsights_sitenote_active":false,"_monsterinsights_sitenote_note":"","_monsterinsights_sitenote_category":0,"_jetpack_memberships_contains_paid_content":false,"footnotes":"","jetpack_publicize_message":"","jetpack_publicize_feature_enabled":true,"jetpack_social_post_already_shared":true,"jetpack_social_options":{"image_generator_settings":{"template":"highway","default_image_id":0,"font":"","enabled":false},"version":2}},"categories":[7],"tags":[],"class_list":["post-77626","post","type-post","status-publish","format-standard","has-post-thumbnail","hentry","category-saude"],"acf":[],"jetpack_publicize_connections":[],"jetpack_featured_media_url":"https:\/\/i0.wp.com\/blogdoeloiltoncajuhy.com.br\/site\/wp-content\/uploads\/2023\/11\/Garrafas-dagua-calor-%E2%80%94-Foto_Hermes-de-Paula-Agencia-O-Globo.webp?fit=888%2C524&ssl=1","jetpack_sharing_enabled":true,"publishpress_future_workflow_manual_trigger":{"enabledWorkflows":[]},"_links":{"self":[{"href":"https:\/\/blogdoeloiltoncajuhy.com.br\/site\/wp-json\/wp\/v2\/posts\/77626","targetHints":{"allow":["GET"]}}],"collection":[{"href":"https:\/\/blogdoeloiltoncajuhy.com.br\/site\/wp-json\/wp\/v2\/posts"}],"about":[{"href":"https:\/\/blogdoeloiltoncajuhy.com.br\/site\/wp-json\/wp\/v2\/types\/post"}],"author":[{"embeddable":true,"href":"https:\/\/blogdoeloiltoncajuhy.com.br\/site\/wp-json\/wp\/v2\/users\/2"}],"replies":[{"embeddable":true,"href":"https:\/\/blogdoeloiltoncajuhy.com.br\/site\/wp-json\/wp\/v2\/comments?post=77626"}],"version-history":[{"count":1,"href":"https:\/\/blogdoeloiltoncajuhy.com.br\/site\/wp-json\/wp\/v2\/posts\/77626\/revisions"}],"predecessor-version":[{"id":77628,"href":"https:\/\/blogdoeloiltoncajuhy.com.br\/site\/wp-json\/wp\/v2\/posts\/77626\/revisions\/77628"}],"wp:featuredmedia":[{"embeddable":true,"href":"https:\/\/blogdoeloiltoncajuhy.com.br\/site\/wp-json\/wp\/v2\/media\/77627"}],"wp:attachment":[{"href":"https:\/\/blogdoeloiltoncajuhy.com.br\/site\/wp-json\/wp\/v2\/media?parent=77626"}],"wp:term":[{"taxonomy":"category","embeddable":true,"href":"https:\/\/blogdoeloiltoncajuhy.com.br\/site\/wp-json\/wp\/v2\/categories?post=77626"},{"taxonomy":"post_tag","embeddable":true,"href":"https:\/\/blogdoeloiltoncajuhy.com.br\/site\/wp-json\/wp\/v2\/tags?post=77626"}],"curies":[{"name":"wp","href":"https:\/\/api.w.org\/{rel}","templated":true}]}}