{"id":77491,"date":"2023-11-10T21:23:35","date_gmt":"2023-11-11T00:23:35","guid":{"rendered":"https:\/\/blogdoeloiltoncajuhy.com.br\/site\/?p=77491"},"modified":"2023-11-10T21:23:37","modified_gmt":"2023-11-11T00:23:37","slug":"brasil-pode-atingir-meta-da-oms-na-eliminacao-de-doencas-ate-2030","status":"publish","type":"post","link":"https:\/\/blogdoeloiltoncajuhy.com.br\/site\/brasil-pode-atingir-meta-da-oms-na-eliminacao-de-doencas-ate-2030\/","title":{"rendered":"Brasil pode atingir meta da OMS na elimina\u00e7\u00e3o de doen\u00e7as at\u00e9 2030"},"content":{"rendered":"\n<p class=\"has-text-align-center has-medium-font-size\"><strong>Evento em Bras\u00edlia discute fortalecimento do sistema p\u00fablico de sa\u00fade.<\/strong><\/p>\n\n\n\n<p><strong>Por Ag\u00eancia Brasil<\/strong><\/p>\n\n\n\n<figure class=\"wp-block-image aligncenter size-large\"><a href=\"https:\/\/i0.wp.com\/blogdoeloiltoncajuhy.com.br\/site\/wp-content\/uploads\/2023\/11\/GOVFED_expoepi_foto_Marcelo-Camargo_Agencia-Brasil.webp?ssl=1\"><img data-recalc-dims=\"1\" fetchpriority=\"high\" decoding=\"async\" width=\"800\" height=\"479\" src=\"https:\/\/i0.wp.com\/blogdoeloiltoncajuhy.com.br\/site\/wp-content\/uploads\/2023\/11\/GOVFED_expoepi_foto_Marcelo-Camargo_Agencia-Brasil-1024x613.webp?resize=800%2C479&#038;ssl=1\" alt=\"\" class=\"wp-image-77492\" srcset=\"https:\/\/i0.wp.com\/blogdoeloiltoncajuhy.com.br\/site\/wp-content\/uploads\/2023\/11\/GOVFED_expoepi_foto_Marcelo-Camargo_Agencia-Brasil.webp?resize=1024%2C613&amp;ssl=1 1024w, https:\/\/i0.wp.com\/blogdoeloiltoncajuhy.com.br\/site\/wp-content\/uploads\/2023\/11\/GOVFED_expoepi_foto_Marcelo-Camargo_Agencia-Brasil.webp?resize=300%2C179&amp;ssl=1 300w, https:\/\/i0.wp.com\/blogdoeloiltoncajuhy.com.br\/site\/wp-content\/uploads\/2023\/11\/GOVFED_expoepi_foto_Marcelo-Camargo_Agencia-Brasil.webp?resize=768%2C459&amp;ssl=1 768w, https:\/\/i0.wp.com\/blogdoeloiltoncajuhy.com.br\/site\/wp-content\/uploads\/2023\/11\/GOVFED_expoepi_foto_Marcelo-Camargo_Agencia-Brasil.webp?w=1170&amp;ssl=1 1170w\" sizes=\"(max-width: 800px) 100vw, 800px\" \/><\/a><figcaption class=\"wp-element-caption\"><sub>Foto: Marcelo Camargo\/Ag\u00eancia Brasil<\/sub><\/figcaption><\/figure>\n\n\n\n<p>O diretor do Departamento de HIV\/Aids, Tuberculose, Hepatites Virais e Infec\u00e7\u00f5es Sexualmente Transmiss\u00edveis, da Secretaria de Vigil\u00e2ncia em Sa\u00fade e Ambiente do Minist\u00e9rio da Sa\u00fade, Dr\u00e1urio Barreira, disse nesta sexta-feira (10), que o Brasil n\u00e3o tem a pretens\u00e3o de ter incid\u00eancia zero de hansen\u00edase, hepatite e HIV (v\u00edrus da imunodefici\u00eancia humana, causador da aids), mas vai perseguir a meta da Organiza\u00e7\u00e3o Mundial da Sa\u00fade para o ano de 2030.<\/p>\n\n\n\n<p>\u201cTemos a pretens\u00e3o de atingir as metas colocadas pela Organiza\u00e7\u00e3o Mundial da Sa\u00fade para o ano de 2030. O HIV, por exemplo, eu tenho absoluta convic\u00e7\u00e3o de que a gente vai atingir, em 2 anos, as metas [propostas pelo Unaids] de 95-95-95, que s\u00e3o detectar 95% das pessoas que t\u00eam o HIV; coloc\u00e1-las, 95% delas, em tratamento antirretroviral; e tornar indetect\u00e1vel a carga viral daquelas tratadas\u201d, disse o diretor do Minist\u00e9rio da Sa\u00fade, na 17\u00aa edi\u00e7\u00e3o da ExpoEpi, Mostra Nacional de Experi\u00eancias Bem-Sucedidas em Epidemiologia, Preven\u00e7\u00e3o e Controle de Doen\u00e7as, promovida pelo Minist\u00e9rio da Sa\u00fade.<\/p>\n\n\n\n<p>Profissionais do Sistema \u00danico de Sa\u00fade (SUS), gestores, agentes p\u00fablicos de sa\u00fade, pesquisadores, e representantes de movimentos sociais estiveram reunidos nesta semana, em Bras\u00edlia, para debater o fortalecimento do sistema p\u00fablico de sa\u00fade e promover a troca de conhecimentos sobre os avan\u00e7os na sa\u00fade coletiva com vistas a preparar o Brasil para eventuais emerg\u00eancias em sa\u00fade p\u00fablica.<\/p>\n\n\n\n<p>Nos tr\u00eas dias do evento, foram realizados pain\u00e9is, mostras e mesas redondas onde foram debatidos o panorama da sa\u00fade coletiva no Brasil e os desafios no cumprimento da Agenda 2030, da Organiza\u00e7\u00e3o das Na\u00e7\u00f5es Unidas (ONU), no Objetivo de Desenvolvimento Sustent\u00e1vel (ODS), que prev\u00ea acabar com as epidemias de aids, tuberculose, mal\u00e1ria e doen\u00e7as tropicais negligenciadas, at\u00e9 2030, e tamb\u00e9m o combate \u00e0s hepatites e outras doen\u00e7as transmitidas pela \u00e1gua.<\/p>\n\n\n\n<p>Dr\u00e1urio Barreira comemorou que o munic\u00edpio de S\u00e3o Paulo j\u00e1 atingiu a m\u00e9trica de elimina\u00e7\u00e3o da transmiss\u00e3o vertical do HIV. Segundo ele, h\u00e1 5 anos o munic\u00edpio tem decr\u00e9scimo do n\u00famero de casos de aids.<\/p>\n\n\n\n<p>Durante a palestra, Dr\u00e1urio Barreira defendeu a necessidade de dar uma aten\u00e7\u00e3o especial aos grupos com grande percentual de casos novos de doen\u00e7as infecciosas, como a popula\u00e7\u00e3o em situa\u00e7\u00e3o de rua, a popula\u00e7\u00e3o privada de liberdade, a popula\u00e7\u00e3o LGBTQIA+ e povos tradicionais.<\/p>\n\n\n\n<p>J\u00e1 a diretora do Departamento de Doen\u00e7as Transmiss\u00edveis do Minist\u00e9rio da Sa\u00fade, Alda Maria da Cruz, tratou dos entraves para elimina\u00e7\u00e3o de diversas doen\u00e7as de popula\u00e7\u00f5es negligenciadas. Ela citou alguns desafios na preven\u00e7\u00e3o e tratamento da hansen\u00edase. \u201cA alta rotatividade dos profissionais, a forma\u00e7\u00e3o deficiente em hansen\u00edase e, para isso, a gente vai trabalhar na capacita\u00e7\u00e3o com oficinas e cursos organizados pelo Minist\u00e9rio da Sa\u00fade. A gente tamb\u00e9m vai melhorar a capacidade da rede no diagn\u00f3stico, no tratamento e preven\u00e7\u00e3o da hansen\u00edase. Al\u00e9m da quest\u00e3o da regula\u00e7\u00e3o de refer\u00eancia e a reestrutura\u00e7\u00e3o da rede de reabilita\u00e7\u00e3o [dos pacientes]\u201d.<\/p>\n","protected":false},"excerpt":{"rendered":"<p>Evento em Bras\u00edlia discute fortalecimento do sistema p\u00fablico de sa\u00fade. Por Ag\u00eancia Brasil O diretor do Departamento de HIV\/Aids, Tuberculose, Hepatites Virais e Infec\u00e7\u00f5es Sexualmente Transmiss\u00edveis, da Secretaria de Vigil\u00e2ncia em Sa\u00fade e Ambiente do Minist\u00e9rio da Sa\u00fade, Dr\u00e1urio Barreira, disse nesta sexta-feira (10), que o Brasil n\u00e3o tem a pretens\u00e3o de ter incid\u00eancia zero [&hellip;]<\/p>\n","protected":false},"author":2,"featured_media":77492,"comment_status":"open","ping_status":"open","sticky":false,"template":"","format":"standard","meta":{"_acf_changed":false,"_monsterinsights_skip_tracking":false,"_monsterinsights_sitenote_active":false,"_monsterinsights_sitenote_note":"","_monsterinsights_sitenote_category":0,"_jetpack_memberships_contains_paid_content":false,"footnotes":"","jetpack_publicize_message":"","jetpack_publicize_feature_enabled":true,"jetpack_social_post_already_shared":true,"jetpack_social_options":{"image_generator_settings":{"template":"highway","default_image_id":0,"font":"","enabled":false},"version":2}},"categories":[7],"tags":[],"class_list":["post-77491","post","type-post","status-publish","format-standard","has-post-thumbnail","hentry","category-saude"],"acf":[],"jetpack_publicize_connections":[],"jetpack_featured_media_url":"https:\/\/i0.wp.com\/blogdoeloiltoncajuhy.com.br\/site\/wp-content\/uploads\/2023\/11\/GOVFED_expoepi_foto_Marcelo-Camargo_Agencia-Brasil.webp?fit=1170%2C700&ssl=1","jetpack_sharing_enabled":true,"publishpress_future_workflow_manual_trigger":{"enabledWorkflows":[]},"_links":{"self":[{"href":"https:\/\/blogdoeloiltoncajuhy.com.br\/site\/wp-json\/wp\/v2\/posts\/77491","targetHints":{"allow":["GET"]}}],"collection":[{"href":"https:\/\/blogdoeloiltoncajuhy.com.br\/site\/wp-json\/wp\/v2\/posts"}],"about":[{"href":"https:\/\/blogdoeloiltoncajuhy.com.br\/site\/wp-json\/wp\/v2\/types\/post"}],"author":[{"embeddable":true,"href":"https:\/\/blogdoeloiltoncajuhy.com.br\/site\/wp-json\/wp\/v2\/users\/2"}],"replies":[{"embeddable":true,"href":"https:\/\/blogdoeloiltoncajuhy.com.br\/site\/wp-json\/wp\/v2\/comments?post=77491"}],"version-history":[{"count":1,"href":"https:\/\/blogdoeloiltoncajuhy.com.br\/site\/wp-json\/wp\/v2\/posts\/77491\/revisions"}],"predecessor-version":[{"id":77493,"href":"https:\/\/blogdoeloiltoncajuhy.com.br\/site\/wp-json\/wp\/v2\/posts\/77491\/revisions\/77493"}],"wp:featuredmedia":[{"embeddable":true,"href":"https:\/\/blogdoeloiltoncajuhy.com.br\/site\/wp-json\/wp\/v2\/media\/77492"}],"wp:attachment":[{"href":"https:\/\/blogdoeloiltoncajuhy.com.br\/site\/wp-json\/wp\/v2\/media?parent=77491"}],"wp:term":[{"taxonomy":"category","embeddable":true,"href":"https:\/\/blogdoeloiltoncajuhy.com.br\/site\/wp-json\/wp\/v2\/categories?post=77491"},{"taxonomy":"post_tag","embeddable":true,"href":"https:\/\/blogdoeloiltoncajuhy.com.br\/site\/wp-json\/wp\/v2\/tags?post=77491"}],"curies":[{"name":"wp","href":"https:\/\/api.w.org\/{rel}","templated":true}]}}