{"id":77478,"date":"2023-11-10T16:05:50","date_gmt":"2023-11-10T19:05:50","guid":{"rendered":"https:\/\/blogdoeloiltoncajuhy.com.br\/site\/?p=77478"},"modified":"2023-11-10T16:05:52","modified_gmt":"2023-11-10T19:05:52","slug":"detran-ba-e-spm-promovem-campanha-de-combate-ao-machismo-e-importunacao-sexual-no-transito-e-transportes","status":"publish","type":"post","link":"https:\/\/blogdoeloiltoncajuhy.com.br\/site\/detran-ba-e-spm-promovem-campanha-de-combate-ao-machismo-e-importunacao-sexual-no-transito-e-transportes\/","title":{"rendered":"Detran-BA e SPM promovem campanha de combate ao machismo e importuna\u00e7\u00e3o sexual no tr\u00e2nsito e transportes"},"content":{"rendered":"\n<p><strong>Ascom\/Detran<\/strong><\/p>\n\n\n\n<figure class=\"wp-block-image aligncenter size-full\"><a href=\"https:\/\/i0.wp.com\/blogdoeloiltoncajuhy.com.br\/site\/wp-content\/uploads\/2023\/11\/GOVBA_Campanha-Detran-01.jpeg?ssl=1\"><img data-recalc-dims=\"1\" fetchpriority=\"high\" decoding=\"async\" width=\"800\" height=\"441\" src=\"https:\/\/i0.wp.com\/blogdoeloiltoncajuhy.com.br\/site\/wp-content\/uploads\/2023\/11\/GOVBA_Campanha-Detran-01.jpeg?resize=800%2C441&#038;ssl=1\" alt=\"\" class=\"wp-image-77479\" srcset=\"https:\/\/i0.wp.com\/blogdoeloiltoncajuhy.com.br\/site\/wp-content\/uploads\/2023\/11\/GOVBA_Campanha-Detran-01.jpeg?w=857&amp;ssl=1 857w, https:\/\/i0.wp.com\/blogdoeloiltoncajuhy.com.br\/site\/wp-content\/uploads\/2023\/11\/GOVBA_Campanha-Detran-01.jpeg?resize=300%2C165&amp;ssl=1 300w, https:\/\/i0.wp.com\/blogdoeloiltoncajuhy.com.br\/site\/wp-content\/uploads\/2023\/11\/GOVBA_Campanha-Detran-01.jpeg?resize=768%2C423&amp;ssl=1 768w\" sizes=\"(max-width: 800px) 100vw, 800px\" \/><\/a><\/figure>\n\n\n\n<p>Pare. Importuna\u00e7\u00e3o sexual \u00e9 crime. Denuncie atrav\u00e9s do 180. Com o objetivo de erradicar o ass\u00e9dio e a importuna\u00e7\u00e3o sexual no tr\u00e2nsito e nos modais de transportes, o Departamento Estadual de Tr\u00e2nsito (Detran-BA), em parceria com a Secretaria de Pol\u00edticas para Mulheres (SPM), realiza uma campanha que envolve a capacita\u00e7\u00e3o de servidores e agentes p\u00fablicos, al\u00e9m da conscientiza\u00e7\u00e3o da sociedade para erradicar esses crimes. O lan\u00e7amento oficial do projeto ser\u00e1 no dia 4 de dezembro.<\/p>\n\n\n\n<p>Segundo dados do F\u00f3rum Brasileiro de Seguran\u00e7a P\u00fablica, cerca de 30% das mulheres brasileiras sofreram algum tipo de viol\u00eancia de g\u00eanero no ano passado. Uma outra pesquisa, dessa vez do DataFolha, revela que quatro em cada 10 mulheres receberam \u2018cantadas\u2019 ou coment\u00e1rios desrespeitosos enquanto se deslocavam por alguma via.<\/p>\n\n\n\n<p>A campanha, que j\u00e1 est\u00e1 nas ruas, surge exatamente para banir estere\u00f3tipos preconceituoso como \u201clugar de mulher \u00e9 na cozinha e n\u00e3o no volante\u201d, al\u00e9m de importuna\u00e7\u00e3o em modais como \u00f4nibus, metr\u00f4 e transportes por aplicativos. A proposta \u00e9 formar multiplicadores para que a informa\u00e7\u00e3o seja disseminada alertando para a den\u00fancia de quem pratica o crime.<\/p>\n\n\n\n<figure class=\"wp-block-image aligncenter size-full\"><a href=\"https:\/\/i0.wp.com\/blogdoeloiltoncajuhy.com.br\/site\/wp-content\/uploads\/2023\/11\/GOVBA_Campanha-Detran-02.jpeg?ssl=1\"><img data-recalc-dims=\"1\" decoding=\"async\" width=\"800\" height=\"438\" src=\"https:\/\/i0.wp.com\/blogdoeloiltoncajuhy.com.br\/site\/wp-content\/uploads\/2023\/11\/GOVBA_Campanha-Detran-02.jpeg?resize=800%2C438&#038;ssl=1\" alt=\"\" class=\"wp-image-77480\" srcset=\"https:\/\/i0.wp.com\/blogdoeloiltoncajuhy.com.br\/site\/wp-content\/uploads\/2023\/11\/GOVBA_Campanha-Detran-02.jpeg?w=854&amp;ssl=1 854w, https:\/\/i0.wp.com\/blogdoeloiltoncajuhy.com.br\/site\/wp-content\/uploads\/2023\/11\/GOVBA_Campanha-Detran-02.jpeg?resize=300%2C164&amp;ssl=1 300w, https:\/\/i0.wp.com\/blogdoeloiltoncajuhy.com.br\/site\/wp-content\/uploads\/2023\/11\/GOVBA_Campanha-Detran-02.jpeg?resize=768%2C421&amp;ssl=1 768w\" sizes=\"(max-width: 800px) 100vw, 800px\" \/><\/a><\/figure>\n\n\n\n<p>Para o diretor-geral do Detran-BA, Rodrigo Pimentel, as a\u00e7\u00f5es transversais s\u00e3o fundamentais para a promo\u00e7\u00e3o de pol\u00edticas p\u00fablicas voltadas \u00e0s mulheres. \u201cEst\u00e1 mais do que provado que as mulheres s\u00e3o melhores condutoras que os homens. Mais cuidadosas e cautelosas. Al\u00e9m disso, temos que exterminar essa quest\u00e3o do ass\u00e9dio e da importuna\u00e7\u00e3o. \u00c9 inadmiss\u00edvel que ainda tenhamos que tratar sobre esse tema, em pleno s\u00e9culo XXI. O respeito \u00e9 o primeiro passo para uma vida em sociedade mais digna\u201d, pontuou.<\/p>\n\n\n\n<p>Durante a campanha, profissionais da SPM far\u00e3o a capacita\u00e7\u00e3o de servidores administrativos do departamento, policiais militares que est\u00e3o \u00e0 disposi\u00e7\u00e3o do \u00f3rg\u00e3o e agentes que atuam nas blitzes. Al\u00e9m da capital, haver\u00e1 uma \u201ccaravana\u201d pelos principais territ\u00f3rios de identidade como forma de ampliar a a\u00e7\u00e3o.<\/p>\n\n\n\n<p class=\"has-black-color has-text-color has-link-color has-medium-font-size wp-elements-7b09a40ad61afc22762238e8c7bf6e01\"><strong>Pesquisa e Viol\u00eancia<\/strong><\/p>\n\n\n\n<figure class=\"wp-block-image aligncenter size-full\"><a href=\"https:\/\/i0.wp.com\/blogdoeloiltoncajuhy.com.br\/site\/wp-content\/uploads\/2023\/11\/GOVBA_Campanha-Detran-03.jpeg?ssl=1\"><img data-recalc-dims=\"1\" decoding=\"async\" width=\"800\" height=\"439\" src=\"https:\/\/i0.wp.com\/blogdoeloiltoncajuhy.com.br\/site\/wp-content\/uploads\/2023\/11\/GOVBA_Campanha-Detran-03.jpeg?resize=800%2C439&#038;ssl=1\" alt=\"\" class=\"wp-image-77481\" srcset=\"https:\/\/i0.wp.com\/blogdoeloiltoncajuhy.com.br\/site\/wp-content\/uploads\/2023\/11\/GOVBA_Campanha-Detran-03.jpeg?w=850&amp;ssl=1 850w, https:\/\/i0.wp.com\/blogdoeloiltoncajuhy.com.br\/site\/wp-content\/uploads\/2023\/11\/GOVBA_Campanha-Detran-03.jpeg?resize=300%2C164&amp;ssl=1 300w, https:\/\/i0.wp.com\/blogdoeloiltoncajuhy.com.br\/site\/wp-content\/uploads\/2023\/11\/GOVBA_Campanha-Detran-03.jpeg?resize=768%2C421&amp;ssl=1 768w\" sizes=\"(max-width: 800px) 100vw, 800px\" \/><\/a><\/figure>\n\n\n\n<p>O tipo de agress\u00e3o mais comum sofrido pelas mulheres \u00e9 a ofensa verbal, quando h\u00e1 insulto, humilha\u00e7\u00e3o ou xingamento: 23,1% delas foram alvo desse tipo de viol\u00eancia. Em seguida, est\u00e3o persegui\u00e7\u00e3o (13,5%), amea\u00e7as (12,4%) e agress\u00e3o f\u00edsica (11,6%). Depois, as ofensas sexuais (9%), espancamento ou tentativa de estrangulamento (5,4%), amea\u00e7a com faca ou arma de fogo (5,1%), les\u00e3o provocada por algum objeto atirado (4,2%) e, por \u00faltimo, esfaqueamento ou tiro (1,6%), segundo a pesquisa DataFolha.<\/p>\n\n\n\n<p>Esses n\u00fameros significam que ainda \u00e9 necess\u00e1ria a interven\u00e7\u00e3o do Estado. Para a titular da SPM, Elisangela Ara\u00fajo, o Governo da Bahia tem investido para erradicar todo o tipo de viol\u00eancia contra a mulher. \u201cO governador Jer\u00f4nimo Rodrigues nos deu a miss\u00e3o de eliminar todas as formas de discrimina\u00e7\u00e3o de g\u00eanero, sobretudo, nos quesitos do ass\u00e9dio, importuna\u00e7\u00e3o e viol\u00eancia contra n\u00f3s mulheres\u201d, finalizou.<\/p>\n\n\n\n<p>Para denunciar qualquer tipo de viol\u00eancia, o n\u00famero \u00e9 180.<\/p>\n","protected":false},"excerpt":{"rendered":"<p>Ascom\/Detran Pare. Importuna\u00e7\u00e3o sexual \u00e9 crime. Denuncie atrav\u00e9s do 180. Com o objetivo de erradicar o ass\u00e9dio e a importuna\u00e7\u00e3o sexual no tr\u00e2nsito e nos modais de transportes, o Departamento Estadual de Tr\u00e2nsito (Detran-BA), em parceria com a Secretaria de Pol\u00edticas para Mulheres (SPM), realiza uma campanha que envolve a capacita\u00e7\u00e3o de servidores e agentes [&hellip;]<\/p>\n","protected":false},"author":2,"featured_media":77482,"comment_status":"open","ping_status":"open","sticky":false,"template":"","format":"standard","meta":{"_acf_changed":false,"_monsterinsights_skip_tracking":false,"_monsterinsights_sitenote_active":false,"_monsterinsights_sitenote_note":"","_monsterinsights_sitenote_category":0,"_jetpack_memberships_contains_paid_content":false,"footnotes":"","jetpack_publicize_message":"","jetpack_publicize_feature_enabled":true,"jetpack_social_post_already_shared":true,"jetpack_social_options":{"image_generator_settings":{"template":"highway","default_image_id":0,"font":"","enabled":false},"version":2}},"categories":[14],"tags":[],"class_list":["post-77478","post","type-post","status-publish","format-standard","has-post-thumbnail","hentry","category-educacao"],"acf":[],"jetpack_publicize_connections":[],"jetpack_featured_media_url":"https:\/\/i0.wp.com\/blogdoeloiltoncajuhy.com.br\/site\/wp-content\/uploads\/2023\/11\/SINALIZACAO_TRANSITO_CARROS-Foto-ItailuanDosAnjos.jpg?fit=800%2C533&ssl=1","jetpack_sharing_enabled":true,"publishpress_future_workflow_manual_trigger":{"enabledWorkflows":[]},"_links":{"self":[{"href":"https:\/\/blogdoeloiltoncajuhy.com.br\/site\/wp-json\/wp\/v2\/posts\/77478","targetHints":{"allow":["GET"]}}],"collection":[{"href":"https:\/\/blogdoeloiltoncajuhy.com.br\/site\/wp-json\/wp\/v2\/posts"}],"about":[{"href":"https:\/\/blogdoeloiltoncajuhy.com.br\/site\/wp-json\/wp\/v2\/types\/post"}],"author":[{"embeddable":true,"href":"https:\/\/blogdoeloiltoncajuhy.com.br\/site\/wp-json\/wp\/v2\/users\/2"}],"replies":[{"embeddable":true,"href":"https:\/\/blogdoeloiltoncajuhy.com.br\/site\/wp-json\/wp\/v2\/comments?post=77478"}],"version-history":[{"count":1,"href":"https:\/\/blogdoeloiltoncajuhy.com.br\/site\/wp-json\/wp\/v2\/posts\/77478\/revisions"}],"predecessor-version":[{"id":77483,"href":"https:\/\/blogdoeloiltoncajuhy.com.br\/site\/wp-json\/wp\/v2\/posts\/77478\/revisions\/77483"}],"wp:featuredmedia":[{"embeddable":true,"href":"https:\/\/blogdoeloiltoncajuhy.com.br\/site\/wp-json\/wp\/v2\/media\/77482"}],"wp:attachment":[{"href":"https:\/\/blogdoeloiltoncajuhy.com.br\/site\/wp-json\/wp\/v2\/media?parent=77478"}],"wp:term":[{"taxonomy":"category","embeddable":true,"href":"https:\/\/blogdoeloiltoncajuhy.com.br\/site\/wp-json\/wp\/v2\/categories?post=77478"},{"taxonomy":"post_tag","embeddable":true,"href":"https:\/\/blogdoeloiltoncajuhy.com.br\/site\/wp-json\/wp\/v2\/tags?post=77478"}],"curies":[{"name":"wp","href":"https:\/\/api.w.org\/{rel}","templated":true}]}}