{"id":77458,"date":"2023-11-09T16:00:55","date_gmt":"2023-11-09T19:00:55","guid":{"rendered":"https:\/\/blogdoeloiltoncajuhy.com.br\/site\/?p=77458"},"modified":"2023-11-09T16:01:04","modified_gmt":"2023-11-09T19:01:04","slug":"cinco-homens-morrem-em-confrontos-com-policiais-militares-na-bahia","status":"publish","type":"post","link":"https:\/\/blogdoeloiltoncajuhy.com.br\/site\/cinco-homens-morrem-em-confrontos-com-policiais-militares-na-bahia\/","title":{"rendered":"Cinco homens morrem em confrontos com policiais militares na Bahia"},"content":{"rendered":"\n<p><strong>Por g1 BA<\/strong><\/p>\n\n\n\n<figure class=\"wp-block-image aligncenter size-full is-resized\"><a href=\"https:\/\/i0.wp.com\/blogdoeloiltoncajuhy.com.br\/site\/wp-content\/uploads\/2023\/11\/Homem-morre-em-confronto-com-policiais-em-Salvador-%E2%80%94-Foto_Divulgacao-PM-BA.webp?ssl=1\"><img data-recalc-dims=\"1\" fetchpriority=\"high\" decoding=\"async\" width=\"800\" height=\"399\" src=\"https:\/\/i0.wp.com\/blogdoeloiltoncajuhy.com.br\/site\/wp-content\/uploads\/2023\/11\/Homem-morre-em-confronto-com-policiais-em-Salvador-%E2%80%94-Foto_Divulgacao-PM-BA.webp?resize=800%2C399&#038;ssl=1\" alt=\"\" class=\"wp-image-77459\" style=\"width:731px;height:auto\" srcset=\"https:\/\/i0.wp.com\/blogdoeloiltoncajuhy.com.br\/site\/wp-content\/uploads\/2023\/11\/Homem-morre-em-confronto-com-policiais-em-Salvador-%E2%80%94-Foto_Divulgacao-PM-BA.webp?w=984&amp;ssl=1 984w, https:\/\/i0.wp.com\/blogdoeloiltoncajuhy.com.br\/site\/wp-content\/uploads\/2023\/11\/Homem-morre-em-confronto-com-policiais-em-Salvador-%E2%80%94-Foto_Divulgacao-PM-BA.webp?resize=300%2C150&amp;ssl=1 300w, https:\/\/i0.wp.com\/blogdoeloiltoncajuhy.com.br\/site\/wp-content\/uploads\/2023\/11\/Homem-morre-em-confronto-com-policiais-em-Salvador-%E2%80%94-Foto_Divulgacao-PM-BA.webp?resize=768%2C383&amp;ssl=1 768w\" sizes=\"(max-width: 800px) 100vw, 800px\" \/><\/a><figcaption class=\"wp-element-caption\"><sub>Homem morre em confronto com policiais militares em Salvador \u2014 Foto: Divulga\u00e7\u00e3o\/PM-BA<\/sub><\/figcaption><\/figure>\n\n\n\n<p>Cinco homens morreram em confronto com policiais militares, entre o in\u00edcio da noite de quarta-feira (8) e a manh\u00e3 desta quinta (9), em Salvador, Queimadas, no norte da Bahia, e Cruz das Almas, no rec\u00f4ncavo. Armas, drogas, dinheiros e colete \u00e0 prova de balas foram apreendidos nas a\u00e7\u00f5es e nenhum dos mortos teve o nome divulgado.<\/p>\n\n\n\n<p>O primeiro caso foi registrado na capital baiana, no bairro da Fazenda Grande do Retiro. De acordo com a Pol\u00edcia Militar (PM), uma equipe fazia patrulhamento na Avenida Bernardo Spector, quando encontrou um grupo de homens armados. Esses suspeitos teriam disparado contra os policiais, que revidaram.<\/p>\n\n\n\n<p>A PM disse que depois da troca de tiros, um dos homens foi encontrado baleado, mas n\u00e3o detalhou o que aconteceu com os outros suspeitos. O ferido foi levado para o Hospital Geral Ernesto Sim\u00f5es Filho (HGESF), por\u00e9m, n\u00e3o resistiu.<\/p>\n\n\n\n<p>O caso foi registrado no Departamento de Homic\u00eddios e Prote\u00e7\u00e3o \u00e0 Pessoa (DHPP), para onde foram levadas uma pistola, carregador, muni\u00e7\u00f5es, 62 pedras de crack, 37 por\u00e7\u00f5es de coca\u00edna, 45 frascos de lan\u00e7a-perfume, al\u00e9m de outros materiais usado no tr\u00e1fico de drogas.<\/p>\n\n\n\n<p class=\"has-black-color has-text-color has-link-color has-medium-font-size wp-elements-8fcfbe81c9d5bef157316f5e3e2f6912\"><strong>Caso em Queimadas<\/strong><\/p>\n\n\n\n<figure class=\"wp-block-image aligncenter size-full is-resized\"><a href=\"https:\/\/i0.wp.com\/blogdoeloiltoncajuhy.com.br\/site\/wp-content\/uploads\/2023\/11\/Homem-morre-em-confronto-com-policiais-de-Queimadas-%E2%80%94-Foto_Divulgacao-PM-BA.webp?ssl=1\"><img data-recalc-dims=\"1\" decoding=\"async\" width=\"800\" height=\"626\" src=\"https:\/\/i0.wp.com\/blogdoeloiltoncajuhy.com.br\/site\/wp-content\/uploads\/2023\/11\/Homem-morre-em-confronto-com-policiais-de-Queimadas-%E2%80%94-Foto_Divulgacao-PM-BA.webp?resize=800%2C626&#038;ssl=1\" alt=\"\" class=\"wp-image-77460\" style=\"width:638px;height:auto\" srcset=\"https:\/\/i0.wp.com\/blogdoeloiltoncajuhy.com.br\/site\/wp-content\/uploads\/2023\/11\/Homem-morre-em-confronto-com-policiais-de-Queimadas-%E2%80%94-Foto_Divulgacao-PM-BA.webp?w=984&amp;ssl=1 984w, https:\/\/i0.wp.com\/blogdoeloiltoncajuhy.com.br\/site\/wp-content\/uploads\/2023\/11\/Homem-morre-em-confronto-com-policiais-de-Queimadas-%E2%80%94-Foto_Divulgacao-PM-BA.webp?resize=300%2C235&amp;ssl=1 300w, https:\/\/i0.wp.com\/blogdoeloiltoncajuhy.com.br\/site\/wp-content\/uploads\/2023\/11\/Homem-morre-em-confronto-com-policiais-de-Queimadas-%E2%80%94-Foto_Divulgacao-PM-BA.webp?resize=768%2C601&amp;ssl=1 768w\" sizes=\"(max-width: 800px) 100vw, 800px\" \/><\/a><figcaption class=\"wp-element-caption\"><sub>Homem morre em confronto com policiais militares na cidade de Queimadas \u2014 Foto: Divulga\u00e7\u00e3o\/PM-BA<\/sub><\/figcaption><\/figure>\n\n\n\n<p>O segundo caso, em Queimadas, seguiu um enredo semelhante. Conforme a PM, o homem estava em atitude suspeita, que n\u00e3o foi descrita, e os policiais tentaram abord\u00e1-lo. Este homem teria atirado contra os agentes, que tamb\u00e9m reagiram.<\/p>\n\n\n\n<p>Assim como na capital, os militares encontraram o homem ca\u00eddo ao ch\u00e3o, e o levaram para um hospital \u2013 neste caso, o Hospital Municipal de Queimadas. L\u00e1, um m\u00e9dico atestou a morte. A situa\u00e7\u00e3o foi registrada na Delegacia de Senhor do Bonfim, tamb\u00e9m no norte, a cerca de 85 km do munic\u00edpio.<\/p>\n\n\n\n<p>A pol\u00edcia disse que foram encontrados com o suspeito um rev\u00f3lver, cartuchos, dois estojos, 45 papelotes de coca\u00edna, 27 pedras de crack, 200 maconha e R$ 30 em dinheiro.<\/p>\n\n\n\n<p class=\"has-black-color has-text-color has-link-color has-medium-font-size wp-elements-e0c28219d702000cda6c80829cd55cac\"><strong>Cruz das Almas<\/strong><\/p>\n\n\n\n<figure class=\"wp-block-image aligncenter size-full is-resized\"><a href=\"https:\/\/i0.wp.com\/blogdoeloiltoncajuhy.com.br\/site\/wp-content\/uploads\/2023\/11\/Tres-jomens-morrem-em-confronto-com-policiais-em-Cruz-%E2%80%94-Foto_Divulgacao-PM-BA.webp?ssl=1\"><img data-recalc-dims=\"1\" decoding=\"async\" width=\"800\" height=\"659\" src=\"https:\/\/i0.wp.com\/blogdoeloiltoncajuhy.com.br\/site\/wp-content\/uploads\/2023\/11\/Tres-jomens-morrem-em-confronto-com-policiais-em-Cruz-%E2%80%94-Foto_Divulgacao-PM-BA.webp?resize=800%2C659&#038;ssl=1\" alt=\"\" class=\"wp-image-77461\" style=\"width:652px;height:auto\" srcset=\"https:\/\/i0.wp.com\/blogdoeloiltoncajuhy.com.br\/site\/wp-content\/uploads\/2023\/11\/Tres-jomens-morrem-em-confronto-com-policiais-em-Cruz-%E2%80%94-Foto_Divulgacao-PM-BA.webp?w=984&amp;ssl=1 984w, https:\/\/i0.wp.com\/blogdoeloiltoncajuhy.com.br\/site\/wp-content\/uploads\/2023\/11\/Tres-jomens-morrem-em-confronto-com-policiais-em-Cruz-%E2%80%94-Foto_Divulgacao-PM-BA.webp?resize=300%2C247&amp;ssl=1 300w, https:\/\/i0.wp.com\/blogdoeloiltoncajuhy.com.br\/site\/wp-content\/uploads\/2023\/11\/Tres-jomens-morrem-em-confronto-com-policiais-em-Cruz-%E2%80%94-Foto_Divulgacao-PM-BA.webp?resize=768%2C632&amp;ssl=1 768w\" sizes=\"(max-width: 800px) 100vw, 800px\" \/><\/a><figcaption class=\"wp-element-caption\"><sub>Tr\u00eas homens morrem em confronto com policiais militares no rec\u00f4ncavo da Bahia \u2014 Foto: Divulga\u00e7\u00e3o\/PM-BA<\/sub><\/figcaption><\/figure>\n\n\n\n<p>Em Cruz das Almas, no rec\u00f4ncavo, tr\u00eas homens tamb\u00e9m foram mortos por policiais na manh\u00e3 desta quinta (9). A corpora\u00e7\u00e3o informou que eles eram suspeitos de tr\u00e1fico de drogas e estariam armados, junto com outros, no bairro Banguela.<\/p>\n\n\n\n<p>Esse grupo teria atirado contra os policiais, que revidaram. Depois disso, os tr\u00eas foram encontrados feridos no ch\u00e3o, levados para a Unidade de Pronto Atendimento (UPA) de Cruz das Almas, contudo, n\u00e3o resistiram aos ferimentos.<\/p>\n\n\n\n<p>Uma pistola, uma submetralhadora, um rev\u00f3lver, 62 por\u00e7\u00f5es de maconha, 119 pedras de crack, cinco celulares, tr\u00eas r\u00e1dios comunicadores e R$ 860 em dinheiro foram apreendidos e levados para a Delegacia de Cruz das Almas, junto com outros materiais.<\/p>\n","protected":false},"excerpt":{"rendered":"<p>Por g1 BA Cinco homens morreram em confronto com policiais militares, entre o in\u00edcio da noite de quarta-feira (8) e a manh\u00e3 desta quinta (9), em Salvador, Queimadas, no norte da Bahia, e Cruz das Almas, no rec\u00f4ncavo. Armas, drogas, dinheiros e colete \u00e0 prova de balas foram apreendidos nas a\u00e7\u00f5es e nenhum dos mortos [&hellip;]<\/p>\n","protected":false},"author":2,"featured_media":77460,"comment_status":"open","ping_status":"open","sticky":false,"template":"","format":"standard","meta":{"_acf_changed":false,"_monsterinsights_skip_tracking":false,"_monsterinsights_sitenote_active":false,"_monsterinsights_sitenote_note":"","_monsterinsights_sitenote_category":0,"_jetpack_memberships_contains_paid_content":false,"footnotes":"","jetpack_publicize_message":"","jetpack_publicize_feature_enabled":true,"jetpack_social_post_already_shared":true,"jetpack_social_options":{"image_generator_settings":{"template":"highway","default_image_id":0,"font":"","enabled":false},"version":2}},"categories":[15],"tags":[],"class_list":["post-77458","post","type-post","status-publish","format-standard","has-post-thumbnail","hentry","category-policia"],"acf":[],"jetpack_publicize_connections":[],"jetpack_featured_media_url":"https:\/\/i0.wp.com\/blogdoeloiltoncajuhy.com.br\/site\/wp-content\/uploads\/2023\/11\/Homem-morre-em-confronto-com-policiais-de-Queimadas-%E2%80%94-Foto_Divulgacao-PM-BA.webp?fit=984%2C770&ssl=1","jetpack_sharing_enabled":true,"publishpress_future_workflow_manual_trigger":{"enabledWorkflows":[]},"_links":{"self":[{"href":"https:\/\/blogdoeloiltoncajuhy.com.br\/site\/wp-json\/wp\/v2\/posts\/77458","targetHints":{"allow":["GET"]}}],"collection":[{"href":"https:\/\/blogdoeloiltoncajuhy.com.br\/site\/wp-json\/wp\/v2\/posts"}],"about":[{"href":"https:\/\/blogdoeloiltoncajuhy.com.br\/site\/wp-json\/wp\/v2\/types\/post"}],"author":[{"embeddable":true,"href":"https:\/\/blogdoeloiltoncajuhy.com.br\/site\/wp-json\/wp\/v2\/users\/2"}],"replies":[{"embeddable":true,"href":"https:\/\/blogdoeloiltoncajuhy.com.br\/site\/wp-json\/wp\/v2\/comments?post=77458"}],"version-history":[{"count":1,"href":"https:\/\/blogdoeloiltoncajuhy.com.br\/site\/wp-json\/wp\/v2\/posts\/77458\/revisions"}],"predecessor-version":[{"id":77462,"href":"https:\/\/blogdoeloiltoncajuhy.com.br\/site\/wp-json\/wp\/v2\/posts\/77458\/revisions\/77462"}],"wp:featuredmedia":[{"embeddable":true,"href":"https:\/\/blogdoeloiltoncajuhy.com.br\/site\/wp-json\/wp\/v2\/media\/77460"}],"wp:attachment":[{"href":"https:\/\/blogdoeloiltoncajuhy.com.br\/site\/wp-json\/wp\/v2\/media?parent=77458"}],"wp:term":[{"taxonomy":"category","embeddable":true,"href":"https:\/\/blogdoeloiltoncajuhy.com.br\/site\/wp-json\/wp\/v2\/categories?post=77458"},{"taxonomy":"post_tag","embeddable":true,"href":"https:\/\/blogdoeloiltoncajuhy.com.br\/site\/wp-json\/wp\/v2\/tags?post=77458"}],"curies":[{"name":"wp","href":"https:\/\/api.w.org\/{rel}","templated":true}]}}