{"id":77456,"date":"2023-11-09T08:12:24","date_gmt":"2023-11-09T11:12:24","guid":{"rendered":"https:\/\/blogdoeloiltoncajuhy.com.br\/site\/?p=77456"},"modified":"2023-11-09T08:12:26","modified_gmt":"2023-11-09T11:12:26","slug":"advogado-vira-reu-por-usar-documento-falso-em-mais-de-200-processos-e-obter-ganhos-indevidos-de-r-300-mil","status":"publish","type":"post","link":"https:\/\/blogdoeloiltoncajuhy.com.br\/site\/advogado-vira-reu-por-usar-documento-falso-em-mais-de-200-processos-e-obter-ganhos-indevidos-de-r-300-mil\/","title":{"rendered":"Advogado vira r\u00e9u por usar documento falso em mais de 200 processos e obter ganhos indevidos de R$ 300 mil"},"content":{"rendered":"\n<p class=\"has-medium-font-size\"><strong>Acusado teve o exerc\u00edcio da profiss\u00e3o suspensa, por pedido do Minist\u00e9rio P\u00fablico do Estado da Bahia.<\/strong><\/p>\n\n\n\n<p><strong>Por g1 BA<\/strong><\/p>\n\n\n\n<figure class=\"wp-block-image aligncenter size-full is-resized\"><a href=\"https:\/\/i0.wp.com\/blogdoeloiltoncajuhy.com.br\/site\/wp-content\/uploads\/2023\/04\/Sede-do-TJ-BA-%E2%80%94-Foto-Alan-Oliveira-G1.webp\"><img data-recalc-dims=\"1\" fetchpriority=\"high\" decoding=\"async\" width=\"800\" height=\"600\" src=\"https:\/\/i0.wp.com\/blogdoeloiltoncajuhy.com.br\/site\/wp-content\/uploads\/2023\/04\/Sede-do-TJ-BA-%E2%80%94-Foto-Alan-Oliveira-G1.webp?resize=800%2C600\" alt=\"\" class=\"wp-image-73510\" style=\"width:731px;height:auto\" srcset=\"https:\/\/i0.wp.com\/blogdoeloiltoncajuhy.com.br\/site\/wp-content\/uploads\/2023\/04\/Sede-do-TJ-BA-%E2%80%94-Foto-Alan-Oliveira-G1.webp?w=984&amp;ssl=1 984w, https:\/\/i0.wp.com\/blogdoeloiltoncajuhy.com.br\/site\/wp-content\/uploads\/2023\/04\/Sede-do-TJ-BA-%E2%80%94-Foto-Alan-Oliveira-G1.webp?resize=300%2C225&amp;ssl=1 300w, https:\/\/i0.wp.com\/blogdoeloiltoncajuhy.com.br\/site\/wp-content\/uploads\/2023\/04\/Sede-do-TJ-BA-%E2%80%94-Foto-Alan-Oliveira-G1.webp?resize=768%2C576&amp;ssl=1 768w\" sizes=\"(max-width: 800px) 100vw, 800px\" \/><\/a><figcaption class=\"wp-element-caption\"><sub>Sede do Tribunal de Justi\u00e7a da Bahia (TJ-BA), em Salvador \u2014 Foto: Alan Oliveira\/G1<\/sub><\/figcaption><\/figure>\n\n\n\n<p>O Tribunal de Justi\u00e7a da Bahia (TJ-BA) tornou r\u00e9u o advogado Almiro M\u00e1rio Campos Sales de Almeida, por uso de documento falso em 217 processos. O acusado teve o exerc\u00edcio da profiss\u00e3o suspensa, por pedido do Minist\u00e9rio P\u00fablico do Estado da Bahia (MP-BA).<\/p>\n\n\n\n<p>As falsifica\u00e7\u00f5es rederam R$ 304.846,96 a Almiro M\u00e1rio, sendo R$ 58.264,84 de uma \u00fanica empresa. O documento foi publicado pelo TJ-BA no dia 31 de outubro, mas s\u00f3 foi divulgado pelo MP-BA nesta semana. O <strong>g1<\/strong> n\u00e3o conseguiu contato com o jurista nesta quarta-feira (8).<\/p>\n\n\n\n<p>O MP-BA detalhou que ele usava os documentos falsos de consumidores com o nome negativado ou com restri\u00e7\u00e3o de cr\u00e9dito para fraudar a\u00e7\u00f5es judiciais nos Juizados Especiais C\u00edveis do Consumidor de Salvador, e ficar com dinheiro de condena\u00e7\u00f5es por danos morais.<\/p>\n\n\n\n<p>Para fazer a fraude, ele usava a pr\u00f3pria fatura de consumo de uma plataforma de televis\u00e3o por assinatura, como forma de comprovar falsamente a resid\u00eancia dos consumidores, que tinham seus nomes inseridos no processo sem ter conhecimento.<\/p>\n\n\n\n<p>As investiga\u00e7\u00f5es apontam ainda que os processos fraudados foram levados \u00e0 Justi\u00e7a entre abril de 2018 e maio de 2019, contra grandes empresas banc\u00e1rias e de telefonia. Em janeiro deste ano, Almiro M\u00e1rio foi alvo de opera\u00e7\u00e3o do MP-BA, que recolheu documentos e eletr\u00f4nicos na casa dele.<\/p>\n\n\n\n<p>No mesmo m\u00eas, a presidente da Ordem dos Advogados do Brasil seccional Bahia (OAB-BA), Daniela Borges, nomeou Almiro M\u00e1rio como como membro da Comiss\u00e3o Especial de Direito Municipal. A Justi\u00e7a tamb\u00e9m determinou que o Tribunal de \u00c9tica e Disciplina da institui\u00e7\u00e3o adote medidas administrativas e disciplinares cab\u00edveis ao caso.<\/p>\n\n\n\n<p>O <strong>g1<\/strong> procurou a OAB para comentar o assunto, mas n\u00e3o houve retorno at\u00e9 o momento.<\/p>\n","protected":false},"excerpt":{"rendered":"<p>Acusado teve o exerc\u00edcio da profiss\u00e3o suspensa, por pedido do Minist\u00e9rio P\u00fablico do Estado da Bahia. Por g1 BA O Tribunal de Justi\u00e7a da Bahia (TJ-BA) tornou r\u00e9u o advogado Almiro M\u00e1rio Campos Sales de Almeida, por uso de documento falso em 217 processos. O acusado teve o exerc\u00edcio da profiss\u00e3o suspensa, por pedido do [&hellip;]<\/p>\n","protected":false},"author":2,"featured_media":73510,"comment_status":"open","ping_status":"open","sticky":false,"template":"","format":"standard","meta":{"_acf_changed":false,"_monsterinsights_skip_tracking":false,"_monsterinsights_sitenote_active":false,"_monsterinsights_sitenote_note":"","_monsterinsights_sitenote_category":0,"_jetpack_memberships_contains_paid_content":false,"footnotes":"","jetpack_publicize_message":"","jetpack_publicize_feature_enabled":true,"jetpack_social_post_already_shared":true,"jetpack_social_options":{"image_generator_settings":{"template":"highway","default_image_id":0,"font":"","enabled":false},"version":2}},"categories":[5],"tags":[],"class_list":["post-77456","post","type-post","status-publish","format-standard","has-post-thumbnail","hentry","category-cotidiano"],"acf":[],"jetpack_publicize_connections":[],"jetpack_featured_media_url":"https:\/\/i0.wp.com\/blogdoeloiltoncajuhy.com.br\/site\/wp-content\/uploads\/2023\/04\/Sede-do-TJ-BA-%E2%80%94-Foto-Alan-Oliveira-G1.webp?fit=984%2C738&ssl=1","jetpack_sharing_enabled":true,"publishpress_future_workflow_manual_trigger":{"enabledWorkflows":[]},"_links":{"self":[{"href":"https:\/\/blogdoeloiltoncajuhy.com.br\/site\/wp-json\/wp\/v2\/posts\/77456","targetHints":{"allow":["GET"]}}],"collection":[{"href":"https:\/\/blogdoeloiltoncajuhy.com.br\/site\/wp-json\/wp\/v2\/posts"}],"about":[{"href":"https:\/\/blogdoeloiltoncajuhy.com.br\/site\/wp-json\/wp\/v2\/types\/post"}],"author":[{"embeddable":true,"href":"https:\/\/blogdoeloiltoncajuhy.com.br\/site\/wp-json\/wp\/v2\/users\/2"}],"replies":[{"embeddable":true,"href":"https:\/\/blogdoeloiltoncajuhy.com.br\/site\/wp-json\/wp\/v2\/comments?post=77456"}],"version-history":[{"count":1,"href":"https:\/\/blogdoeloiltoncajuhy.com.br\/site\/wp-json\/wp\/v2\/posts\/77456\/revisions"}],"predecessor-version":[{"id":77457,"href":"https:\/\/blogdoeloiltoncajuhy.com.br\/site\/wp-json\/wp\/v2\/posts\/77456\/revisions\/77457"}],"wp:featuredmedia":[{"embeddable":true,"href":"https:\/\/blogdoeloiltoncajuhy.com.br\/site\/wp-json\/wp\/v2\/media\/73510"}],"wp:attachment":[{"href":"https:\/\/blogdoeloiltoncajuhy.com.br\/site\/wp-json\/wp\/v2\/media?parent=77456"}],"wp:term":[{"taxonomy":"category","embeddable":true,"href":"https:\/\/blogdoeloiltoncajuhy.com.br\/site\/wp-json\/wp\/v2\/categories?post=77456"},{"taxonomy":"post_tag","embeddable":true,"href":"https:\/\/blogdoeloiltoncajuhy.com.br\/site\/wp-json\/wp\/v2\/tags?post=77456"}],"curies":[{"name":"wp","href":"https:\/\/api.w.org\/{rel}","templated":true}]}}