{"id":77298,"date":"2023-10-30T14:20:13","date_gmt":"2023-10-30T17:20:13","guid":{"rendered":"https:\/\/blogdoeloiltoncajuhy.com.br\/site\/?p=77298"},"modified":"2023-10-30T14:20:15","modified_gmt":"2023-10-30T17:20:15","slug":"geracao-propria-de-energia-solar-atinge-24-gigawatts-e-ultrapassa-31-milhoes-de-unidades-consumidoras-atendidas-no-brasil","status":"publish","type":"post","link":"https:\/\/blogdoeloiltoncajuhy.com.br\/site\/geracao-propria-de-energia-solar-atinge-24-gigawatts-e-ultrapassa-31-milhoes-de-unidades-consumidoras-atendidas-no-brasil\/","title":{"rendered":"Gera\u00e7\u00e3o pr\u00f3pria de energia solar atinge 24 gigawatts e ultrapassa 3,1 milh\u00f5es de unidades consumidoras atendidas no Brasil"},"content":{"rendered":"\n<p class=\"has-medium-font-size\"><strong>Segundo levantamento da Absolar, segmento trouxe, desde 2012, mais de R$ 121 bilh\u00f5es em investimentos e gerou mais de 720,7 mil empregos acumulados no Pa\u00eds.<\/strong><\/p>\n\n\n\n<p><strong>Thiago Nassa<\/strong><\/p>\n\n\n\n<figure class=\"wp-block-image aligncenter size-full\"><a href=\"https:\/\/i0.wp.com\/blogdoeloiltoncajuhy.com.br\/site\/wp-content\/uploads\/2023\/10\/energia-solar_301023.jpg?ssl=1\"><img data-recalc-dims=\"1\" fetchpriority=\"high\" decoding=\"async\" width=\"600\" height=\"336\" src=\"https:\/\/i0.wp.com\/blogdoeloiltoncajuhy.com.br\/site\/wp-content\/uploads\/2023\/10\/energia-solar_301023.jpg?resize=600%2C336&#038;ssl=1\" alt=\"\" class=\"wp-image-77299\" srcset=\"https:\/\/i0.wp.com\/blogdoeloiltoncajuhy.com.br\/site\/wp-content\/uploads\/2023\/10\/energia-solar_301023.jpg?w=600&amp;ssl=1 600w, https:\/\/i0.wp.com\/blogdoeloiltoncajuhy.com.br\/site\/wp-content\/uploads\/2023\/10\/energia-solar_301023.jpg?resize=300%2C168&amp;ssl=1 300w\" sizes=\"(max-width: 600px) 100vw, 600px\" \/><\/a><figcaption class=\"wp-element-caption\"><sub>Divulga\u00e7\u00e3o<\/sub><\/figcaption><\/figure>\n\n\n\n<p>A gera\u00e7\u00e3o pr\u00f3pria de energia solar acaba de ultrapassar a marca de 24 gigawatts (GW) de pot\u00eancia instalada em resid\u00eancias, com\u00e9rcios, ind\u00fastrias, propriedades rurais e pr\u00e9dios p\u00fablicos no Brasil, com mais de 3,1 milh\u00f5es de unidades consumidoras atendidas pela tecnologia fotovoltaica. O dado \u00e9 da Associa\u00e7\u00e3o Brasileira de Energia Solar Fotovoltaica (Absolar).<\/p>\n\n\n\n<p>Segundo mapeamento da entidade, o Pa\u00eds possui mais de 2,1 milh\u00f5es de sistemas solares fotovoltaicos instalados em telhados, fachadas e pequenos terrenos. Desde 2012, foram cerca de R$ 121,0 bilh\u00f5es em novos investimentos, que geraram mais de 720,7 mil empregos acumulados no per\u00edodo, espalhados em todas as regi\u00f5es do Brasil, e representam uma arrecada\u00e7\u00e3o aos cofres p\u00fablicos de R$ 30,8 bilh\u00f5es.<\/p>\n\n\n\n<p>A tecnologia fotovoltaica j\u00e1 est\u00e1 presente em 5.539 munic\u00edpios e em todos os estados brasileiros, sendo que os estados l\u00edderes em pot\u00eancia instalada s\u00e3o, respectivamente: S\u00e3o Paulo, Minas Gerais, Rio Grande do Sul e Paran\u00e1.<\/p>\n\n\n\n<p>De acordo com Ronaldo Koloszuk, presidente do Conselho de Administra\u00e7\u00e3o da Absolar, com a energia solar, o Pa\u00eds pode, em pouco tempo, tornar a matriz el\u00e9trica brasileira ainda mais limpa e renov\u00e1vel. \u201cEmbora as 3,1 milh\u00f5es de unidades consumidoras abastecidas com energia solar distribu\u00edda sejam motivo de comemora\u00e7\u00e3o, h\u00e1 ainda muito espa\u00e7o para crescer, j\u00e1 que o Brasil possui cerca de 91,7 milh\u00f5es de unidades consumidoras de energia el\u00e9trica e come\u00e7a a avan\u00e7ar no modelo ideal de transi\u00e7\u00e3o energ\u00e9tica\u201d, comenta.<\/p>\n\n\n\n<p>\u201cDevemos seguir o exemplo de pa\u00edses mais desenvolvidos nesta \u00e1rea, em especial a Austr\u00e1lia, que, com boas pol\u00edticas p\u00fablicas, tornou-se refer\u00eancia global no uso da energia solar em resid\u00eancias e empresas, com cerca de 30% das unidades consumidoras naquele pa\u00eds atendidas por sistemas fotovoltaicos\u201d, ressalta Koloszuk.<\/p>\n\n\n\n<p>J\u00e1 o CEO da Absolar, Rodrigo Sauaia, aponta que o crescimento da gera\u00e7\u00e3o pr\u00f3pria de energia solar fortalece a sustentabilidade, alivia o or\u00e7amento das fam\u00edlias e amplia a competitividade dos setores produtivos brasileiros. \u201cA gera\u00e7\u00e3o pr\u00f3pria instalada em telhados, fachadas e pequenos terrenos, diretamente nos centros urbanos e de consumo, ajuda a fortalecer e traz mais resili\u00eancia \u00e0 rede el\u00e9trica, ao concentrar a gera\u00e7\u00e3o de eletricidade pr\u00f3ximo dos locais de consumo. Isso reduz o uso da infraestrutura de transmiss\u00e3o, aliviando press\u00f5es sobre sua opera\u00e7\u00e3o e diminuindo perdas em longas dist\u00e2ncias, o que contribui para a confiabilidade e a seguran\u00e7a em momentos cr\u00edticos\u201d, explica.<\/p>\n\n\n\n<p>\u201cA fonte solar \u00e9, portanto, uma alavanca para o desenvolvimento social, econ\u00f4mico e ambiental do Pa\u00eds. O crescimento da gera\u00e7\u00e3o pr\u00f3pria da energia fotovoltaica tamb\u00e9m amplia a atra\u00e7\u00e3o de capital e impulsiona a gera\u00e7\u00e3o de mais emprego e renda aos brasileiros\u201d, conclui Sauaia.<\/p>\n","protected":false},"excerpt":{"rendered":"<p>Segundo levantamento da Absolar, segmento trouxe, desde 2012, mais de R$ 121 bilh\u00f5es em investimentos e gerou mais de 720,7 mil empregos acumulados no Pa\u00eds. Thiago Nassa A gera\u00e7\u00e3o pr\u00f3pria de energia solar acaba de ultrapassar a marca de 24 gigawatts (GW) de pot\u00eancia instalada em resid\u00eancias, com\u00e9rcios, ind\u00fastrias, propriedades rurais e pr\u00e9dios p\u00fablicos no [&hellip;]<\/p>\n","protected":false},"author":2,"featured_media":76833,"comment_status":"open","ping_status":"open","sticky":false,"template":"","format":"standard","meta":{"_acf_changed":false,"_monsterinsights_skip_tracking":false,"_monsterinsights_sitenote_active":false,"_monsterinsights_sitenote_note":"","_monsterinsights_sitenote_category":0,"_jetpack_memberships_contains_paid_content":false,"footnotes":"","jetpack_publicize_message":"","jetpack_publicize_feature_enabled":true,"jetpack_social_post_already_shared":true,"jetpack_social_options":{"image_generator_settings":{"template":"highway","default_image_id":0,"font":"","enabled":false},"version":2}},"categories":[31],"tags":[],"class_list":["post-77298","post","type-post","status-publish","format-standard","has-post-thumbnail","hentry","category-economia"],"acf":[],"jetpack_publicize_connections":[],"jetpack_featured_media_url":"https:\/\/i0.wp.com\/blogdoeloiltoncajuhy.com.br\/site\/wp-content\/uploads\/2023\/10\/Energia-solar-021023-E.jpg?fit=700%2C466&ssl=1","jetpack_sharing_enabled":true,"publishpress_future_workflow_manual_trigger":{"enabledWorkflows":[]},"_links":{"self":[{"href":"https:\/\/blogdoeloiltoncajuhy.com.br\/site\/wp-json\/wp\/v2\/posts\/77298","targetHints":{"allow":["GET"]}}],"collection":[{"href":"https:\/\/blogdoeloiltoncajuhy.com.br\/site\/wp-json\/wp\/v2\/posts"}],"about":[{"href":"https:\/\/blogdoeloiltoncajuhy.com.br\/site\/wp-json\/wp\/v2\/types\/post"}],"author":[{"embeddable":true,"href":"https:\/\/blogdoeloiltoncajuhy.com.br\/site\/wp-json\/wp\/v2\/users\/2"}],"replies":[{"embeddable":true,"href":"https:\/\/blogdoeloiltoncajuhy.com.br\/site\/wp-json\/wp\/v2\/comments?post=77298"}],"version-history":[{"count":1,"href":"https:\/\/blogdoeloiltoncajuhy.com.br\/site\/wp-json\/wp\/v2\/posts\/77298\/revisions"}],"predecessor-version":[{"id":77300,"href":"https:\/\/blogdoeloiltoncajuhy.com.br\/site\/wp-json\/wp\/v2\/posts\/77298\/revisions\/77300"}],"wp:featuredmedia":[{"embeddable":true,"href":"https:\/\/blogdoeloiltoncajuhy.com.br\/site\/wp-json\/wp\/v2\/media\/76833"}],"wp:attachment":[{"href":"https:\/\/blogdoeloiltoncajuhy.com.br\/site\/wp-json\/wp\/v2\/media?parent=77298"}],"wp:term":[{"taxonomy":"category","embeddable":true,"href":"https:\/\/blogdoeloiltoncajuhy.com.br\/site\/wp-json\/wp\/v2\/categories?post=77298"},{"taxonomy":"post_tag","embeddable":true,"href":"https:\/\/blogdoeloiltoncajuhy.com.br\/site\/wp-json\/wp\/v2\/tags?post=77298"}],"curies":[{"name":"wp","href":"https:\/\/api.w.org\/{rel}","templated":true}]}}