{"id":77284,"date":"2023-10-28T09:32:04","date_gmt":"2023-10-28T12:32:04","guid":{"rendered":"https:\/\/blogdoeloiltoncajuhy.com.br\/site\/?p=77284"},"modified":"2023-10-28T09:32:06","modified_gmt":"2023-10-28T12:32:06","slug":"preso-marido-de-cantora-gospel-encontrada-morta-na-bahia-policia-diz-que-ele-confessou-crime","status":"publish","type":"post","link":"https:\/\/blogdoeloiltoncajuhy.com.br\/site\/preso-marido-de-cantora-gospel-encontrada-morta-na-bahia-policia-diz-que-ele-confessou-crime\/","title":{"rendered":"Preso marido de cantora gospel encontrada morta na Bahia; pol\u00edcia diz que ele confessou crime"},"content":{"rendered":"\n<p><strong>Por g1 BA<\/strong><\/p>\n\n\n\n<figure class=\"wp-block-image aligncenter size-large is-resized\"><a href=\"https:\/\/i0.wp.com\/blogdoeloiltoncajuhy.com.br\/site\/wp-content\/uploads\/2023\/10\/SSA_Sara-Mariano-e-o-marido-Ederlan-Mariano-%E2%80%94-Foto-Reproducao-Redes-Sociais.webp\"><img data-recalc-dims=\"1\" fetchpriority=\"high\" decoding=\"async\" width=\"800\" height=\"988\" src=\"https:\/\/i0.wp.com\/blogdoeloiltoncajuhy.com.br\/site\/wp-content\/uploads\/2023\/10\/SSA_Sara-Mariano-e-o-marido-Ederlan-Mariano-%E2%80%94-Foto-Reproducao-Redes-Sociais.webp?resize=800%2C988\" alt=\"\" class=\"wp-image-77282\" style=\"aspect-ratio:0.8095703125;width:580px;height:auto\" srcset=\"https:\/\/i0.wp.com\/blogdoeloiltoncajuhy.com.br\/site\/wp-content\/uploads\/2023\/10\/SSA_Sara-Mariano-e-o-marido-Ederlan-Mariano-%E2%80%94-Foto-Reproducao-Redes-Sociais.webp?resize=829%2C1024&amp;ssl=1 829w, https:\/\/i0.wp.com\/blogdoeloiltoncajuhy.com.br\/site\/wp-content\/uploads\/2023\/10\/SSA_Sara-Mariano-e-o-marido-Ederlan-Mariano-%E2%80%94-Foto-Reproducao-Redes-Sociais.webp?resize=243%2C300&amp;ssl=1 243w, https:\/\/i0.wp.com\/blogdoeloiltoncajuhy.com.br\/site\/wp-content\/uploads\/2023\/10\/SSA_Sara-Mariano-e-o-marido-Ederlan-Mariano-%E2%80%94-Foto-Reproducao-Redes-Sociais.webp?resize=768%2C949&amp;ssl=1 768w, https:\/\/i0.wp.com\/blogdoeloiltoncajuhy.com.br\/site\/wp-content\/uploads\/2023\/10\/SSA_Sara-Mariano-e-o-marido-Ederlan-Mariano-%E2%80%94-Foto-Reproducao-Redes-Sociais.webp?w=984&amp;ssl=1 984w\" sizes=\"(max-width: 800px) 100vw, 800px\" \/><\/a><figcaption class=\"wp-element-caption\"><sub>Sara Mariano e o marido Ederlan Mariano \u2014 Foto: Reprodu\u00e7\u00e3o\/Redes Sociais<\/sub><\/figcaption><\/figure>\n\n\n\n<p>O marido da cantora gospel, <strong><mark style=\"background-color:rgba(0, 0, 0, 0)\" class=\"has-inline-color has-black-color\">Sara de Freitas Sousa Mariano<\/mark><\/strong>, encontrada morta na sexta-feira (27), ap\u00f3s ficar desaparecida desde ter\u00e7a (24), <strong><mark style=\"background-color:rgba(0, 0, 0, 0)\" class=\"has-inline-color has-black-color\">Ederlan Mariano<\/mark><\/strong>, foi preso ap\u00f3s confessar ter cometido o crime, na madrugada deste s\u00e1bado (28). A informa\u00e7\u00e3o foi confirmada pela Pol\u00edcia Civil.<\/p>\n\n\n\n<p>Segundo a Pol\u00edcia Civil, Ederlan Mariano est\u00e1 preso na carceragem da 25\u00aa Delegacia Territorial (DT\/Dias D&#8217;\u00c1vila), que investiga o caso.<\/p>\n\n\n\n<p>Sara Mariano foi vista pela \u00faltima vez ao deixar a casa em que morava com Ederlan e a filha de 11 anos, no bairro de Val\u00e9ria, em Salvador. Quando registrou o desaparecimento da esposa, o suspeito disse que a cantora tinha sa\u00eddo para ir a eventos religiosos.<\/p>\n\n\n\n<p>\u00c0 fam\u00edlia, Ederlan Mariano, disse n\u00e3o saber exatamente em qual igreja a esposa iria. Na tarde de sexta-feira, tr\u00eas dias ap\u00f3s o desaparecimento, um corpo de uma mulher foi encontrado em uma \u00e1rea de mata e, de acordo com a Pol\u00edcia Civil, foi reconhecido pelo marido de Sara como sendo o da cantora.<\/p>\n\n\n\n<p>Um pastor, amigo da cantora, foi \u00e0 delegacia da cidade de Dias D&#8217;\u00c1vila, e falou que n\u00e3o houve evento em igrejas do munic\u00edpio, no dia e hor\u00e1rio relatados por Ederlan Mariano.<\/p>\n\n\n\n<p>Neste s\u00e1bado, a irm\u00e3 de cantora, Soraya Correia, divulgou um \u00e1udio em que a cantora gospel contava para ela que o marido queria comprar uma arma. No di\u00e1logo, a evang\u00e9lica disse que terminaria o relacionamento com ele, caso o armamento fosse comprado.<\/p>\n","protected":false},"excerpt":{"rendered":"<p>Por g1 BA O marido da cantora gospel, Sara de Freitas Sousa Mariano, encontrada morta na sexta-feira (27), ap\u00f3s ficar desaparecida desde ter\u00e7a (24), Ederlan Mariano, foi preso ap\u00f3s confessar ter cometido o crime, na madrugada deste s\u00e1bado (28). A informa\u00e7\u00e3o foi confirmada pela Pol\u00edcia Civil. Segundo a Pol\u00edcia Civil, Ederlan Mariano est\u00e1 preso na [&hellip;]<\/p>\n","protected":false},"author":2,"featured_media":77282,"comment_status":"open","ping_status":"open","sticky":false,"template":"","format":"standard","meta":{"_acf_changed":false,"_monsterinsights_skip_tracking":false,"_monsterinsights_sitenote_active":false,"_monsterinsights_sitenote_note":"","_monsterinsights_sitenote_category":0,"_jetpack_memberships_contains_paid_content":false,"footnotes":"","jetpack_publicize_message":"","jetpack_publicize_feature_enabled":true,"jetpack_social_post_already_shared":true,"jetpack_social_options":{"image_generator_settings":{"template":"highway","default_image_id":0,"font":"","enabled":false},"version":2}},"categories":[15],"tags":[],"class_list":["post-77284","post","type-post","status-publish","format-standard","has-post-thumbnail","hentry","category-policia"],"acf":[],"jetpack_publicize_connections":[],"jetpack_featured_media_url":"https:\/\/i0.wp.com\/blogdoeloiltoncajuhy.com.br\/site\/wp-content\/uploads\/2023\/10\/SSA_Sara-Mariano-e-o-marido-Ederlan-Mariano-%E2%80%94-Foto-Reproducao-Redes-Sociais.webp?fit=984%2C1216&ssl=1","jetpack_sharing_enabled":true,"publishpress_future_workflow_manual_trigger":{"enabledWorkflows":[]},"_links":{"self":[{"href":"https:\/\/blogdoeloiltoncajuhy.com.br\/site\/wp-json\/wp\/v2\/posts\/77284","targetHints":{"allow":["GET"]}}],"collection":[{"href":"https:\/\/blogdoeloiltoncajuhy.com.br\/site\/wp-json\/wp\/v2\/posts"}],"about":[{"href":"https:\/\/blogdoeloiltoncajuhy.com.br\/site\/wp-json\/wp\/v2\/types\/post"}],"author":[{"embeddable":true,"href":"https:\/\/blogdoeloiltoncajuhy.com.br\/site\/wp-json\/wp\/v2\/users\/2"}],"replies":[{"embeddable":true,"href":"https:\/\/blogdoeloiltoncajuhy.com.br\/site\/wp-json\/wp\/v2\/comments?post=77284"}],"version-history":[{"count":1,"href":"https:\/\/blogdoeloiltoncajuhy.com.br\/site\/wp-json\/wp\/v2\/posts\/77284\/revisions"}],"predecessor-version":[{"id":77285,"href":"https:\/\/blogdoeloiltoncajuhy.com.br\/site\/wp-json\/wp\/v2\/posts\/77284\/revisions\/77285"}],"wp:featuredmedia":[{"embeddable":true,"href":"https:\/\/blogdoeloiltoncajuhy.com.br\/site\/wp-json\/wp\/v2\/media\/77282"}],"wp:attachment":[{"href":"https:\/\/blogdoeloiltoncajuhy.com.br\/site\/wp-json\/wp\/v2\/media?parent=77284"}],"wp:term":[{"taxonomy":"category","embeddable":true,"href":"https:\/\/blogdoeloiltoncajuhy.com.br\/site\/wp-json\/wp\/v2\/categories?post=77284"},{"taxonomy":"post_tag","embeddable":true,"href":"https:\/\/blogdoeloiltoncajuhy.com.br\/site\/wp-json\/wp\/v2\/tags?post=77284"}],"curies":[{"name":"wp","href":"https:\/\/api.w.org\/{rel}","templated":true}]}}