{"id":77278,"date":"2023-10-27T17:44:26","date_gmt":"2023-10-27T20:44:26","guid":{"rendered":"https:\/\/blogdoeloiltoncajuhy.com.br\/site\/?p=77278"},"modified":"2023-10-27T17:44:28","modified_gmt":"2023-10-27T20:44:28","slug":"corpo-encontrado-em-area-de-matagal-e-de-cantora-gospel-que-estava-desaparecida-marido-reconheceu-o-cadaver-diz-policia","status":"publish","type":"post","link":"https:\/\/blogdoeloiltoncajuhy.com.br\/site\/corpo-encontrado-em-area-de-matagal-e-de-cantora-gospel-que-estava-desaparecida-marido-reconheceu-o-cadaver-diz-policia\/","title":{"rendered":"Corpo encontrado em \u00e1rea de matagal \u00e9 de cantora gospel que estava desaparecida; marido reconheceu o cad\u00e1ver, diz pol\u00edcia"},"content":{"rendered":"\n<p class=\"has-medium-font-size\"><strong>Pol\u00edcia achou corpo nesta sexta (27), na BA-093, na altura de Dias D&#8217;\u00c1vila. Departamento de Pol\u00edcia T\u00e9cnica confirmar\u00e1 a identidade do cad\u00e1ver que foi reconhecido pelo marido de Sara Mariano.<\/strong><\/p>\n\n\n\n<p><strong>Por g1 BA e TV Bahia<\/strong><\/p>\n\n\n\n<figure class=\"wp-block-image aligncenter size-full\"><a href=\"https:\/\/i0.wp.com\/blogdoeloiltoncajuhy.com.br\/site\/wp-content\/uploads\/2023\/10\/SSA_Cantora-gospel-desaparecida-%E2%80%94-Foto-Reproducao-Redes-Sociais.webp?ssl=1\"><img data-recalc-dims=\"1\" fetchpriority=\"high\" decoding=\"async\" width=\"800\" height=\"493\" src=\"https:\/\/i0.wp.com\/blogdoeloiltoncajuhy.com.br\/site\/wp-content\/uploads\/2023\/10\/SSA_Cantora-gospel-desaparecida-%E2%80%94-Foto-Reproducao-Redes-Sociais.webp?resize=800%2C493&#038;ssl=1\" alt=\"\" class=\"wp-image-77279\" srcset=\"https:\/\/i0.wp.com\/blogdoeloiltoncajuhy.com.br\/site\/wp-content\/uploads\/2023\/10\/SSA_Cantora-gospel-desaparecida-%E2%80%94-Foto-Reproducao-Redes-Sociais.webp?w=984&amp;ssl=1 984w, https:\/\/i0.wp.com\/blogdoeloiltoncajuhy.com.br\/site\/wp-content\/uploads\/2023\/10\/SSA_Cantora-gospel-desaparecida-%E2%80%94-Foto-Reproducao-Redes-Sociais.webp?resize=300%2C185&amp;ssl=1 300w, https:\/\/i0.wp.com\/blogdoeloiltoncajuhy.com.br\/site\/wp-content\/uploads\/2023\/10\/SSA_Cantora-gospel-desaparecida-%E2%80%94-Foto-Reproducao-Redes-Sociais.webp?resize=768%2C474&amp;ssl=1 768w\" sizes=\"(max-width: 800px) 100vw, 800px\" \/><\/a><figcaption class=\"wp-element-caption\"><sub>Cantora tinha 50 mil seguidores nas redes sociais \u2014 Foto: Reprodu\u00e7\u00e3o\/Redes Sociais<\/sub><\/figcaption><\/figure>\n\n\n\n<p>O corpo de uma mulher foi encontrado na tarde desta sexta-feira (27), em uma \u00e1rea de mata, \u00e0s margens da BA-093, na altura de Dias D\u2019\u00c1vila, cidade da Regi\u00e3o Metropolitana de Salvador. De acordo com a Pol\u00edcia Civil, o marido da <strong><mark style=\"background-color:rgba(0, 0, 0, 0)\" class=\"has-inline-color has-black-color\">cantora gospel Sara Mariano<\/mark><\/strong>, que estava desaparecida desde a \u00faltima ter\u00e7a-feira (24), disse tratar-se da esposa.<\/p>\n\n\n\n<p>Apesar do reconhecimento do marido, a Pol\u00edcia Civil refor\u00e7a que o Departamento de Pol\u00edcia T\u00e9cnica (DPT) ainda vai confirmar a identidade do cad\u00e1ver.<\/p>\n\n\n\n<p>O marido de Sara esteve no local e disse ter encontrado um anel e uma sand\u00e1lia da esposa. De acordo com testemunhas, o corpo estava parcialmente queimado.<\/p>\n\n\n\n<p>Sara saiu de casa no bairro da Val\u00e9ria, em Salvador, para ir a eventos religiosos, conforme informa\u00e7\u00f5es do marido dela. \u00c0 fam\u00edlia, Ederlan Mariano, disse n\u00e3o saber exatamente em qual igreja a esposa iria.<\/p>\n\n\n\n<p>Depois que a pol\u00edcia encontrou o corpo nesta sexta, mesmo sem a confirma\u00e7\u00e3o policial, a irm\u00e3 de Sara Mariano, Soraya Freitas, fez uma postagem nas redes sociais de luto. &#8220;Por que, meu Deus? T\u00e3o linda, amava tanto a filha\u2026&#8221;<\/p>\n\n\n\n<figure class=\"wp-block-image aligncenter size-full is-resized\"><a href=\"https:\/\/i0.wp.com\/blogdoeloiltoncajuhy.com.br\/site\/wp-content\/uploads\/2023\/10\/SSA_cantora-gospel-Sara-Mariano-Foto-Reproducao-Redes-Sociais.webp?ssl=1\"><img data-recalc-dims=\"1\" decoding=\"async\" width=\"800\" height=\"585\" src=\"https:\/\/i0.wp.com\/blogdoeloiltoncajuhy.com.br\/site\/wp-content\/uploads\/2023\/10\/SSA_cantora-gospel-Sara-Mariano-Foto-Reproducao-Redes-Sociais.webp?resize=800%2C585&#038;ssl=1\" alt=\"\" class=\"wp-image-77280\" style=\"aspect-ratio:1.3666666666666667;width:655px;height:auto\" srcset=\"https:\/\/i0.wp.com\/blogdoeloiltoncajuhy.com.br\/site\/wp-content\/uploads\/2023\/10\/SSA_cantora-gospel-Sara-Mariano-Foto-Reproducao-Redes-Sociais.webp?w=984&amp;ssl=1 984w, https:\/\/i0.wp.com\/blogdoeloiltoncajuhy.com.br\/site\/wp-content\/uploads\/2023\/10\/SSA_cantora-gospel-Sara-Mariano-Foto-Reproducao-Redes-Sociais.webp?resize=300%2C220&amp;ssl=1 300w, https:\/\/i0.wp.com\/blogdoeloiltoncajuhy.com.br\/site\/wp-content\/uploads\/2023\/10\/SSA_cantora-gospel-Sara-Mariano-Foto-Reproducao-Redes-Sociais.webp?resize=768%2C562&amp;ssl=1 768w\" sizes=\"(max-width: 800px) 100vw, 800px\" \/><\/a><figcaption class=\"wp-element-caption\"><sub>Irm\u00e3 da cantora gospel Sara Mariano fez postagem de luto nas redes ap\u00f3s corpo ser achado em \u00e1rea de mata na Bahia \u2014 Foto: Reprodu\u00e7\u00e3o\/Redes Sociais<\/sub><\/figcaption><\/figure>\n\n\n\n<p class=\"has-black-color has-text-color has-medium-font-size\"><strong>O que diz a fam\u00edlia?<\/strong><\/p>\n\n\n\n<p>Soraya Freitas, irm\u00e3 da cantora gospel Sara Mariano questionou as informa\u00e7\u00f5es passadas pelo marido da evang\u00e9lica, Ederlan Mariano.<\/p>\n\n\n\n<p>Logo ap\u00f3s o desaparecimento, o marido informou que n\u00e3o sabia o nome e o evento para onde a cantora foi antes de sumir. O <strong>g1<\/strong> tentou contato com o marido da v\u00edtima, mas n\u00e3o obteve resposta.<\/p>\n\n\n\n<p>Soraya Freitas, que mora no Cear\u00e1, disse n\u00e3o acreditar na vers\u00e3o do homem e que as informa\u00e7\u00f5es do cunhado &#8220;n\u00e3o batem&#8221;.<\/p>\n\n\n\n<blockquote class=\"wp-block-quote is-layout-flow wp-block-quote-is-layout-flow\">\n<p class=\"has-medium-font-size\"><strong><mark style=\"background-color:rgba(0, 0, 0, 0)\" class=\"has-inline-color has-black-color\">&#8220;Ela sempre teve agenda cheia pra sair de Salvador e louvar. O esposo dela n\u00e3o me contou nada, disse que n\u00e3o sabe qual \u00e9 a igreja, n\u00e3o tem o endere\u00e7o, s\u00f3 a cidade&#8221;, informou.<\/mark><\/strong><\/p>\n<\/blockquote>\n\n\n\n<p>De acordo com Soraya Freitas, Sara Mariano, que tem mais de 50 mil seguidores em um dos perfis nas redes sociais, disse para a m\u00e3e, Dolores Freitas, que tomaria uma decis\u00e3o importante no dia que desapareceu, no entanto, n\u00e3o chegou a falar o que faria.<\/p>\n\n\n\n<p>&#8220;A gente sempre tinha contato, ela era bem vaidosa. Al\u00e9m da dist\u00e2ncia, a gente tinha uma comunica\u00e7\u00e3o pelo WhatsApp. E ela falava sobre o que vinha acontecendo, mas t\u00eam muitas coisas que est\u00e3o erradas, que n\u00e3o batem&#8221;, disse a irm\u00e3 da v\u00edtima.<\/p>\n\n\n\n<p>A m\u00e3e da cantora gospel mora no Maranh\u00e3o e disse que a filha relatou algumas brigas que teve com o marido antes de desaparecer.<\/p>\n\n\n\n<p>&#8220;O que eu sabia do relacionamento da Sara com o Ederlan \u00e9 que n\u00e3o estava bom. Ela chegou a falar para mim que n\u00e3o estava mais aguentando e at\u00e9 disse: &#8216;M\u00e3e, vou tomar uma decis\u00e3o, que n\u00e3o queria tomar porque falei perante a Deus, at\u00e9 que a morte nos separe, mas ele est\u00e1 muito imposs\u00edvel'&#8221;, disse Dolores Freitas.<\/p>\n\n\n\n<p class=\"has-medium-font-size\"><strong><mark style=\"background-color:rgba(0, 0, 0, 0)\" class=\"has-inline-color has-black-color\">Quem era a cantora gospel?<\/mark><\/strong><\/p>\n\n\n\n<figure class=\"wp-block-image aligncenter size-full is-resized\"><a href=\"https:\/\/i0.wp.com\/blogdoeloiltoncajuhy.com.br\/site\/wp-content\/uploads\/2023\/10\/SSA_cantora-gospel-Sara-Mariano-Foto-Reproducao-g1.jpeg?ssl=1\"><img data-recalc-dims=\"1\" decoding=\"async\" width=\"800\" height=\"408\" src=\"https:\/\/i0.wp.com\/blogdoeloiltoncajuhy.com.br\/site\/wp-content\/uploads\/2023\/10\/SSA_cantora-gospel-Sara-Mariano-Foto-Reproducao-g1.jpeg?resize=800%2C408&#038;ssl=1\" alt=\"\" class=\"wp-image-77281\" style=\"aspect-ratio:1.9593495934959348;width:719px;height:auto\" srcset=\"https:\/\/i0.wp.com\/blogdoeloiltoncajuhy.com.br\/site\/wp-content\/uploads\/2023\/10\/SSA_cantora-gospel-Sara-Mariano-Foto-Reproducao-g1.jpeg?w=964&amp;ssl=1 964w, https:\/\/i0.wp.com\/blogdoeloiltoncajuhy.com.br\/site\/wp-content\/uploads\/2023\/10\/SSA_cantora-gospel-Sara-Mariano-Foto-Reproducao-g1.jpeg?resize=300%2C153&amp;ssl=1 300w, https:\/\/i0.wp.com\/blogdoeloiltoncajuhy.com.br\/site\/wp-content\/uploads\/2023\/10\/SSA_cantora-gospel-Sara-Mariano-Foto-Reproducao-g1.jpeg?resize=768%2C392&amp;ssl=1 768w\" sizes=\"(max-width: 800px) 100vw, 800px\" \/><\/a><figcaption class=\"wp-element-caption\"><sub>Reprodu\u00e7\u00e3o \/ g1<\/sub><\/figcaption><\/figure>\n\n\n\n<p>Sara Mariano tinha 35 anos e era casada com Ederlan Mariano, com quem tem uma filha de 11 anos. O casal, que mora no bairro de Val\u00e9ria, na capital baiana, comanda a &#8220;TV Shalom&#8221;, canal na internet que tem 256 mil inscritos e produz conte\u00fados voltados para evang\u00e9licos.<\/p>\n\n\n\n<p>Na publica\u00e7\u00e3o mais recente de Sara Mariano, postada ainda na ter\u00e7a-feira, horas antes do sumi\u00e7o, \u00e9 poss\u00edvel ver o momento que ela canta em uma igreja. Nos coment\u00e1rios, seguidores se preocuparam com o desaparecimento.<\/p>\n\n\n\n<p>&#8220;Que Deus revele o oculto e o escondido em nome de Jesus&#8221;, escreveu uma seguidora. &#8220;Estamos em ora\u00e7\u00e3o&#8221;, disse outra.<\/p>\n\n\n\n<p>Em outras publica\u00e7\u00f5es, Sara Mariano mostrou momentos em que cantou para fi\u00e9is e pregou em palcos. O trabalho art\u00edstico dela \u00e9 empresariado pelo marido.<\/p>\n\n\n\n<p>No entanto, em entrevista para a TV Bahia, na quinta-feira (26), Ederlan Mariano contou que a participa\u00e7\u00e3o nesses encontros teria sido fechada diretamente por ela, e por isso ainda n\u00e3o conseguiu descobrir os respons\u00e1veis pelo evento. Conforme ele, o chip do celular dela foi desativado no in\u00edcio da noite de quarta (25), o que dificulta contatos e buscas.<\/p>\n\n\n\n<figure class=\"wp-block-image aligncenter size-large is-resized\"><a href=\"https:\/\/i0.wp.com\/blogdoeloiltoncajuhy.com.br\/site\/wp-content\/uploads\/2023\/10\/SSA_Sara-Mariano-e-o-marido-Ederlan-Mariano-%E2%80%94-Foto-Reproducao-Redes-Sociais.webp?ssl=1\"><img data-recalc-dims=\"1\" loading=\"lazy\" decoding=\"async\" width=\"800\" height=\"988\" src=\"https:\/\/i0.wp.com\/blogdoeloiltoncajuhy.com.br\/site\/wp-content\/uploads\/2023\/10\/SSA_Sara-Mariano-e-o-marido-Ederlan-Mariano-%E2%80%94-Foto-Reproducao-Redes-Sociais-829x1024.webp?resize=800%2C988&#038;ssl=1\" alt=\"\" class=\"wp-image-77282\" style=\"aspect-ratio:0.8095703125;width:578px;height:auto\" srcset=\"https:\/\/i0.wp.com\/blogdoeloiltoncajuhy.com.br\/site\/wp-content\/uploads\/2023\/10\/SSA_Sara-Mariano-e-o-marido-Ederlan-Mariano-%E2%80%94-Foto-Reproducao-Redes-Sociais.webp?resize=829%2C1024&amp;ssl=1 829w, https:\/\/i0.wp.com\/blogdoeloiltoncajuhy.com.br\/site\/wp-content\/uploads\/2023\/10\/SSA_Sara-Mariano-e-o-marido-Ederlan-Mariano-%E2%80%94-Foto-Reproducao-Redes-Sociais.webp?resize=243%2C300&amp;ssl=1 243w, https:\/\/i0.wp.com\/blogdoeloiltoncajuhy.com.br\/site\/wp-content\/uploads\/2023\/10\/SSA_Sara-Mariano-e-o-marido-Ederlan-Mariano-%E2%80%94-Foto-Reproducao-Redes-Sociais.webp?resize=768%2C949&amp;ssl=1 768w, https:\/\/i0.wp.com\/blogdoeloiltoncajuhy.com.br\/site\/wp-content\/uploads\/2023\/10\/SSA_Sara-Mariano-e-o-marido-Ederlan-Mariano-%E2%80%94-Foto-Reproducao-Redes-Sociais.webp?w=984&amp;ssl=1 984w\" sizes=\"(max-width: 800px) 100vw, 800px\" \/><\/a><figcaption class=\"wp-element-caption\"><sub>Sara Mariano e o marido Ederlan Mariano \u2014 Foto: Reprodu\u00e7\u00e3o\/Redes Sociais<\/sub><\/figcaption><\/figure>\n\n\n\n<p>Ederlan Mariano tamb\u00e9m falou que Sara nunca tinha desaparecido, e afirmou que n\u00e3o teve brigas recentes com ela. Ao ser perguntado por um jornalista sobre uma poss\u00edvel campanha de arrecada\u00e7\u00e3o que ele teria feito nas redes sociais para ajudar na descoberta do paradeiro da esposa, o empres\u00e1rio abandonou a entrevista.<\/p>\n\n\n\n<p>Tamb\u00e9m na quinta, a m\u00e3e da v\u00edtima, Dolores Freitas, lamentou a falta de not\u00edcias da filha. Ela revelou que, na v\u00e9spera do desaparecimento, Sara Mariano disse que precisava conversar um assunto s\u00e9rio, por\u00e9m, n\u00e3o teve oportunidade de revelar o que era.<\/p>\n\n\n\n<p>Diante das informa\u00e7\u00f5es dadas pelo genro, a m\u00e3e de Sara contesta e questionou Ederlan. &#8220;Eu fico preocupada, sem saber e acreditar em uma coisa dessa. Como \u00e9 que esse marido n\u00e3o sabe o nome da igreja que a esposa foi?&#8221;, questionou.<\/p>\n\n\n\n<p>O <strong>g1<\/strong> procurou a Pol\u00edcia Civil, que informou em nota que o caso segue sendo investigado e, neste momento, n\u00e3o cita qualquer suspeito de envolvimento no desaparecimento da cantora.<\/p>\n","protected":false},"excerpt":{"rendered":"<p>Pol\u00edcia achou corpo nesta sexta (27), na BA-093, na altura de Dias D&#8217;\u00c1vila. Departamento de Pol\u00edcia T\u00e9cnica confirmar\u00e1 a identidade do cad\u00e1ver que foi reconhecido pelo marido de Sara Mariano. Por g1 BA e TV Bahia O corpo de uma mulher foi encontrado na tarde desta sexta-feira (27), em uma \u00e1rea de mata, \u00e0s margens [&hellip;]<\/p>\n","protected":false},"author":2,"featured_media":77279,"comment_status":"open","ping_status":"open","sticky":false,"template":"","format":"standard","meta":{"_acf_changed":false,"_monsterinsights_skip_tracking":false,"_monsterinsights_sitenote_active":false,"_monsterinsights_sitenote_note":"","_monsterinsights_sitenote_category":0,"_jetpack_memberships_contains_paid_content":false,"footnotes":"","jetpack_publicize_message":"","jetpack_publicize_feature_enabled":true,"jetpack_social_post_already_shared":true,"jetpack_social_options":{"image_generator_settings":{"template":"highway","default_image_id":0,"font":"","enabled":false},"version":2}},"categories":[15],"tags":[],"class_list":["post-77278","post","type-post","status-publish","format-standard","has-post-thumbnail","hentry","category-policia"],"acf":[],"jetpack_publicize_connections":[],"jetpack_featured_media_url":"https:\/\/i0.wp.com\/blogdoeloiltoncajuhy.com.br\/site\/wp-content\/uploads\/2023\/10\/SSA_Cantora-gospel-desaparecida-%E2%80%94-Foto-Reproducao-Redes-Sociais.webp?fit=984%2C607&ssl=1","jetpack_sharing_enabled":true,"publishpress_future_workflow_manual_trigger":{"enabledWorkflows":[]},"_links":{"self":[{"href":"https:\/\/blogdoeloiltoncajuhy.com.br\/site\/wp-json\/wp\/v2\/posts\/77278","targetHints":{"allow":["GET"]}}],"collection":[{"href":"https:\/\/blogdoeloiltoncajuhy.com.br\/site\/wp-json\/wp\/v2\/posts"}],"about":[{"href":"https:\/\/blogdoeloiltoncajuhy.com.br\/site\/wp-json\/wp\/v2\/types\/post"}],"author":[{"embeddable":true,"href":"https:\/\/blogdoeloiltoncajuhy.com.br\/site\/wp-json\/wp\/v2\/users\/2"}],"replies":[{"embeddable":true,"href":"https:\/\/blogdoeloiltoncajuhy.com.br\/site\/wp-json\/wp\/v2\/comments?post=77278"}],"version-history":[{"count":1,"href":"https:\/\/blogdoeloiltoncajuhy.com.br\/site\/wp-json\/wp\/v2\/posts\/77278\/revisions"}],"predecessor-version":[{"id":77283,"href":"https:\/\/blogdoeloiltoncajuhy.com.br\/site\/wp-json\/wp\/v2\/posts\/77278\/revisions\/77283"}],"wp:featuredmedia":[{"embeddable":true,"href":"https:\/\/blogdoeloiltoncajuhy.com.br\/site\/wp-json\/wp\/v2\/media\/77279"}],"wp:attachment":[{"href":"https:\/\/blogdoeloiltoncajuhy.com.br\/site\/wp-json\/wp\/v2\/media?parent=77278"}],"wp:term":[{"taxonomy":"category","embeddable":true,"href":"https:\/\/blogdoeloiltoncajuhy.com.br\/site\/wp-json\/wp\/v2\/categories?post=77278"},{"taxonomy":"post_tag","embeddable":true,"href":"https:\/\/blogdoeloiltoncajuhy.com.br\/site\/wp-json\/wp\/v2\/tags?post=77278"}],"curies":[{"name":"wp","href":"https:\/\/api.w.org\/{rel}","templated":true}]}}