{"id":76996,"date":"2023-10-11T08:27:52","date_gmt":"2023-10-11T11:27:52","guid":{"rendered":"https:\/\/blogdoeloiltoncajuhy.com.br\/site\/?p=76996"},"modified":"2023-10-11T08:27:54","modified_gmt":"2023-10-11T11:27:54","slug":"agencias-internacionais-comemoram-dia-mundial-da-alimentacao-na-bahia","status":"publish","type":"post","link":"https:\/\/blogdoeloiltoncajuhy.com.br\/site\/agencias-internacionais-comemoram-dia-mundial-da-alimentacao-na-bahia\/","title":{"rendered":"Ag\u00eancias Internacionais comemoram Dia Mundial da Alimenta\u00e7\u00e3o na Bahia"},"content":{"rendered":"\n<p><strong>Secom\/BA<\/strong><\/p>\n\n\n\n<figure class=\"wp-block-image aligncenter size-full\"><a href=\"https:\/\/i0.wp.com\/blogdoeloiltoncajuhy.com.br\/site\/wp-content\/uploads\/2023\/10\/GOVBA_BAHIA-SEM-FOME-foto-Fernando-Vivas-GOVBA.jpeg?ssl=1\"><img data-recalc-dims=\"1\" fetchpriority=\"high\" decoding=\"async\" width=\"768\" height=\"512\" src=\"https:\/\/i0.wp.com\/blogdoeloiltoncajuhy.com.br\/site\/wp-content\/uploads\/2023\/10\/GOVBA_BAHIA-SEM-FOME-foto-Fernando-Vivas-GOVBA.jpeg?resize=768%2C512&#038;ssl=1\" alt=\"\" class=\"wp-image-76997\" srcset=\"https:\/\/i0.wp.com\/blogdoeloiltoncajuhy.com.br\/site\/wp-content\/uploads\/2023\/10\/GOVBA_BAHIA-SEM-FOME-foto-Fernando-Vivas-GOVBA.jpeg?w=768&amp;ssl=1 768w, https:\/\/i0.wp.com\/blogdoeloiltoncajuhy.com.br\/site\/wp-content\/uploads\/2023\/10\/GOVBA_BAHIA-SEM-FOME-foto-Fernando-Vivas-GOVBA.jpeg?resize=300%2C200&amp;ssl=1 300w\" sizes=\"(max-width: 768px) 100vw, 768px\" \/><\/a><figcaption class=\"wp-element-caption\"><sub>Imagem ilustrativa &#8211; Foto: Fernando Vivas\/GOVBA<\/sub><\/figcaption><\/figure>\n\n\n\n<p>Representantes da Organiza\u00e7\u00e3o das Na\u00e7\u00f5es Unidas para a Alimenta\u00e7\u00e3o e a Agricultura (FAO), do Centro de Excel\u00eancia contra a Fome do Programa Mundial de Alimentos (WFP), do Instituto Interamericano de Coopera\u00e7\u00e3o para a Agricultura (IICA), e do Fundo Internacional de Desenvolvimento Agr\u00edcola (FIDA) estar\u00e3o na Bahia, entre os dias 14 e 16 de Outubro, para a celebra\u00e7\u00e3o do Dia Mundial da Alimenta\u00e7\u00e3o, uma das datas mais celebradas de todo o calend\u00e1rio das Na\u00e7\u00f5es Unidas.<\/p>\n\n\n\n<p>No s\u00e1bado e no domingo, ser\u00e3o realizadas atividades gratuitas para a popula\u00e7\u00e3o no Parque da Cidade e no Parque de Pitua\u00e7u, em Salvador. J\u00e1 na pr\u00f3xima segunda-feira (16), ser\u00e1 realizado um evento para convidados, \u00e0s 17h, no Museu de Arte Moderna (MAM), com a participa\u00e7\u00e3o de autoridades pol\u00edticas, representantes internacionais e da sociedade civil.<\/p>\n\n\n\n<p>Com o tema \u201c\u00c1gua \u00e9 vida. \u00c1gua \u00e9 alimento\u201d, este ano a campanha tem como parceiro o Governo do Estado da Bahia, por meio do Programa Bahia Sem Fome (BSF). Celebrado todos os anos no dia 16 de outubro, \u00e9 a primeira vez na hist\u00f3ria em que o evento acontecer\u00e1 no Nordeste. O coordenador do Bahia Sem Fome, Tiago Pereira, acredita que as atividades s\u00e3o importantes para apontar um conjunto de caminhos e a\u00e7\u00f5es para superar o problema da fome no estado.<\/p>\n\n\n\n<figure class=\"wp-block-embed is-type-rich is-provider-incorporar-manipulador wp-block-embed-incorporar-manipulador\"><div class=\"wp-block-embed__wrapper\">\n<audio class=\"wp-audio-shortcode\" id=\"audio-76996-1\" preload=\"none\" style=\"width: 100%;\" controls=\"controls\"><source type=\"audio\/mpeg\" src=\"https:\/\/www.bahia.ba.gov.br\/wp-content\/uploads\/2023\/10\/TIAGO-PEREIRA_BAHIA-SEM-FOME_101023.mp3?_=1\" \/><a href=\"https:\/\/www.bahia.ba.gov.br\/wp-content\/uploads\/2023\/10\/TIAGO-PEREIRA_BAHIA-SEM-FOME_101023.mp3\">https:\/\/www.bahia.ba.gov.br\/wp-content\/uploads\/2023\/10\/TIAGO-PEREIRA_BAHIA-SEM-FOME_101023.mp3<\/a><\/audio>\n<\/div><figcaption class=\"wp-element-caption\">Tiago Pereira &#8211; Coordenador do Bahia Sem Fome<\/figcaption><\/figure>\n","protected":false},"excerpt":{"rendered":"<p>Secom\/BA Representantes da Organiza\u00e7\u00e3o das Na\u00e7\u00f5es Unidas para a Alimenta\u00e7\u00e3o e a Agricultura (FAO), do Centro de Excel\u00eancia contra a Fome do Programa Mundial de Alimentos (WFP), do Instituto Interamericano de Coopera\u00e7\u00e3o para a Agricultura (IICA), e do Fundo Internacional de Desenvolvimento Agr\u00edcola (FIDA) estar\u00e3o na Bahia, entre os dias 14 e 16 de Outubro, [&hellip;]<\/p>\n","protected":false},"author":2,"featured_media":76997,"comment_status":"open","ping_status":"open","sticky":false,"template":"","format":"standard","meta":{"_acf_changed":false,"_monsterinsights_skip_tracking":false,"_monsterinsights_sitenote_active":false,"_monsterinsights_sitenote_note":"","_monsterinsights_sitenote_category":0,"_jetpack_memberships_contains_paid_content":false,"footnotes":"","jetpack_publicize_message":"","jetpack_publicize_feature_enabled":true,"jetpack_social_post_already_shared":true,"jetpack_social_options":{"image_generator_settings":{"template":"highway","default_image_id":0,"font":"","enabled":false},"version":2}},"categories":[1],"tags":[],"class_list":["post-76996","post","type-post","status-publish","format-standard","has-post-thumbnail","hentry","category-noticias"],"acf":[],"jetpack_publicize_connections":[],"jetpack_featured_media_url":"https:\/\/i0.wp.com\/blogdoeloiltoncajuhy.com.br\/site\/wp-content\/uploads\/2023\/10\/GOVBA_BAHIA-SEM-FOME-foto-Fernando-Vivas-GOVBA.jpeg?fit=768%2C512&ssl=1","jetpack_sharing_enabled":true,"publishpress_future_workflow_manual_trigger":{"enabledWorkflows":[]},"_links":{"self":[{"href":"https:\/\/blogdoeloiltoncajuhy.com.br\/site\/wp-json\/wp\/v2\/posts\/76996","targetHints":{"allow":["GET"]}}],"collection":[{"href":"https:\/\/blogdoeloiltoncajuhy.com.br\/site\/wp-json\/wp\/v2\/posts"}],"about":[{"href":"https:\/\/blogdoeloiltoncajuhy.com.br\/site\/wp-json\/wp\/v2\/types\/post"}],"author":[{"embeddable":true,"href":"https:\/\/blogdoeloiltoncajuhy.com.br\/site\/wp-json\/wp\/v2\/users\/2"}],"replies":[{"embeddable":true,"href":"https:\/\/blogdoeloiltoncajuhy.com.br\/site\/wp-json\/wp\/v2\/comments?post=76996"}],"version-history":[{"count":1,"href":"https:\/\/blogdoeloiltoncajuhy.com.br\/site\/wp-json\/wp\/v2\/posts\/76996\/revisions"}],"predecessor-version":[{"id":76998,"href":"https:\/\/blogdoeloiltoncajuhy.com.br\/site\/wp-json\/wp\/v2\/posts\/76996\/revisions\/76998"}],"wp:featuredmedia":[{"embeddable":true,"href":"https:\/\/blogdoeloiltoncajuhy.com.br\/site\/wp-json\/wp\/v2\/media\/76997"}],"wp:attachment":[{"href":"https:\/\/blogdoeloiltoncajuhy.com.br\/site\/wp-json\/wp\/v2\/media?parent=76996"}],"wp:term":[{"taxonomy":"category","embeddable":true,"href":"https:\/\/blogdoeloiltoncajuhy.com.br\/site\/wp-json\/wp\/v2\/categories?post=76996"},{"taxonomy":"post_tag","embeddable":true,"href":"https:\/\/blogdoeloiltoncajuhy.com.br\/site\/wp-json\/wp\/v2\/tags?post=76996"}],"curies":[{"name":"wp","href":"https:\/\/api.w.org\/{rel}","templated":true}]}}