{"id":76923,"date":"2023-10-06T07:56:34","date_gmt":"2023-10-06T10:56:34","guid":{"rendered":"https:\/\/blogdoeloiltoncajuhy.com.br\/site\/?p=76923"},"modified":"2023-10-06T07:57:15","modified_gmt":"2023-10-06T10:57:15","slug":"criancas-ganham-um-dia-exclusivo-para-atendimento-de-rg-no-sac","status":"publish","type":"post","link":"https:\/\/blogdoeloiltoncajuhy.com.br\/site\/criancas-ganham-um-dia-exclusivo-para-atendimento-de-rg-no-sac\/","title":{"rendered":"Crian\u00e7as ganham um dia exclusivo para atendimento de RG no SAC"},"content":{"rendered":"\n<p class=\"has-medium-font-size\"><strong>Em Senhor do Bonfim, o SAC funciona no primeiro andar do Central Shopping, centro da cidade.<\/strong><\/p>\n\n\n\n<p><strong>Ascom\/Saeb<\/strong><\/p>\n\n\n\n<figure class=\"wp-block-image aligncenter size-full\"><a href=\"https:\/\/i0.wp.com\/blogdoeloiltoncajuhy.com.br\/site\/wp-content\/uploads\/2023\/10\/GOVBA_SAC-PequenoCidadaoe_071023.jpg?ssl=1\"><img data-recalc-dims=\"1\" fetchpriority=\"high\" decoding=\"async\" width=\"700\" height=\"601\" src=\"https:\/\/i0.wp.com\/blogdoeloiltoncajuhy.com.br\/site\/wp-content\/uploads\/2023\/10\/GOVBA_SAC-PequenoCidadaoe_071023.jpg?resize=700%2C601&#038;ssl=1\" alt=\"\" class=\"wp-image-76924\" srcset=\"https:\/\/i0.wp.com\/blogdoeloiltoncajuhy.com.br\/site\/wp-content\/uploads\/2023\/10\/GOVBA_SAC-PequenoCidadaoe_071023.jpg?w=700&amp;ssl=1 700w, https:\/\/i0.wp.com\/blogdoeloiltoncajuhy.com.br\/site\/wp-content\/uploads\/2023\/10\/GOVBA_SAC-PequenoCidadaoe_071023.jpg?resize=300%2C258&amp;ssl=1 300w\" sizes=\"(max-width: 700px) 100vw, 700px\" \/><\/a><figcaption class=\"wp-element-caption\"><sub>Foto: Divulga\u00e7\u00e3o<\/sub><\/figcaption><\/figure>\n\n\n\n<p>Neste s\u00e1bado (7), o SAC promove o Projeto Pequeno Cidad\u00e3o em toda a rede. Nesta a\u00e7\u00e3o, os postos realizam um atendimento dedicado a crian\u00e7as e adolescentes at\u00e9 17 anos para emiss\u00e3o de carteira de identidade. Na capital e no interior, os postos e as carretas do SAC M\u00f3vel v\u00e3o estar decorados e ornamentados para promover um ambiente l\u00fadico e preparado para o p\u00fablico infantil. O atendimento ser\u00e1 de 8h \u00e0s 12h, atrav\u00e9s de agendamento pr\u00e9vio.<\/p>\n\n\n\n<p>Durante o Pequeno Cidad\u00e3o, os 15 postos da capital e Regi\u00e3o Metropolitana (RMS), somados aos 11 do interior que v\u00e3o participar, al\u00e9m dos 45 Pontos SAC e as tr\u00eas carretas do SAC M\u00f3vel, disponibilizam quase 4 mil atendimentos no total, distribu\u00eddos em 66 munic\u00edpios.<\/p>\n\n\n\n<p>O agendamento em Bonfim ser\u00e1 atrav\u00e9s do telefone (74) 3542 1798. A 1\u00aa via \u00e9 gratuita. Por\u00e9m, para a 2\u00aa e demais vias \u00e9 necess\u00e1rio pagar uma taxa de R$ 46,19.<\/p>\n\n\n\n<p>Para fazer o RG, \u00e9 preciso apresentar certid\u00e3o de nascimento original. Em todos os postos da rede \u00e9 necess\u00e1rio levar uma foto 3\u00d74 para crian\u00e7as menores de tr\u00eas anos de idade. Por\u00e9m, independente da idade das crian\u00e7as e adolescentes, \u00e9 preciso levar foto em todos os 45 Pontos SAC; e levar duas fotos, no caso das carretas do SAC M\u00f3vel.<\/p>\n\n\n\n<p>Vale ressaltar que a fotografia deve ser colorida e ter a imagem frontal da pessoa a ser identificada, sem retoque, e com a cor do fundo branca.<\/p>\n","protected":false},"excerpt":{"rendered":"<p>Em Senhor do Bonfim, o SAC funciona no primeiro andar do Central Shopping, centro da cidade. Ascom\/Saeb Neste s\u00e1bado (7), o SAC promove o Projeto Pequeno Cidad\u00e3o em toda a rede. Nesta a\u00e7\u00e3o, os postos realizam um atendimento dedicado a crian\u00e7as e adolescentes at\u00e9 17 anos para emiss\u00e3o de carteira de identidade. Na capital e [&hellip;]<\/p>\n","protected":false},"author":2,"featured_media":76924,"comment_status":"open","ping_status":"open","sticky":false,"template":"","format":"standard","meta":{"_acf_changed":false,"_monsterinsights_skip_tracking":false,"_monsterinsights_sitenote_active":false,"_monsterinsights_sitenote_note":"","_monsterinsights_sitenote_category":0,"_jetpack_memberships_contains_paid_content":false,"footnotes":"","jetpack_publicize_message":"","jetpack_publicize_feature_enabled":true,"jetpack_social_post_already_shared":true,"jetpack_social_options":{"image_generator_settings":{"template":"highway","default_image_id":0,"font":"","enabled":false},"version":2}},"categories":[5],"tags":[],"class_list":["post-76923","post","type-post","status-publish","format-standard","has-post-thumbnail","hentry","category-cotidiano"],"acf":[],"jetpack_publicize_connections":[],"jetpack_featured_media_url":"https:\/\/i0.wp.com\/blogdoeloiltoncajuhy.com.br\/site\/wp-content\/uploads\/2023\/10\/GOVBA_SAC-PequenoCidadaoe_071023.jpg?fit=700%2C601&ssl=1","jetpack_sharing_enabled":true,"publishpress_future_workflow_manual_trigger":{"enabledWorkflows":[]},"_links":{"self":[{"href":"https:\/\/blogdoeloiltoncajuhy.com.br\/site\/wp-json\/wp\/v2\/posts\/76923","targetHints":{"allow":["GET"]}}],"collection":[{"href":"https:\/\/blogdoeloiltoncajuhy.com.br\/site\/wp-json\/wp\/v2\/posts"}],"about":[{"href":"https:\/\/blogdoeloiltoncajuhy.com.br\/site\/wp-json\/wp\/v2\/types\/post"}],"author":[{"embeddable":true,"href":"https:\/\/blogdoeloiltoncajuhy.com.br\/site\/wp-json\/wp\/v2\/users\/2"}],"replies":[{"embeddable":true,"href":"https:\/\/blogdoeloiltoncajuhy.com.br\/site\/wp-json\/wp\/v2\/comments?post=76923"}],"version-history":[{"count":2,"href":"https:\/\/blogdoeloiltoncajuhy.com.br\/site\/wp-json\/wp\/v2\/posts\/76923\/revisions"}],"predecessor-version":[{"id":76926,"href":"https:\/\/blogdoeloiltoncajuhy.com.br\/site\/wp-json\/wp\/v2\/posts\/76923\/revisions\/76926"}],"wp:featuredmedia":[{"embeddable":true,"href":"https:\/\/blogdoeloiltoncajuhy.com.br\/site\/wp-json\/wp\/v2\/media\/76924"}],"wp:attachment":[{"href":"https:\/\/blogdoeloiltoncajuhy.com.br\/site\/wp-json\/wp\/v2\/media?parent=76923"}],"wp:term":[{"taxonomy":"category","embeddable":true,"href":"https:\/\/blogdoeloiltoncajuhy.com.br\/site\/wp-json\/wp\/v2\/categories?post=76923"},{"taxonomy":"post_tag","embeddable":true,"href":"https:\/\/blogdoeloiltoncajuhy.com.br\/site\/wp-json\/wp\/v2\/tags?post=76923"}],"curies":[{"name":"wp","href":"https:\/\/api.w.org\/{rel}","templated":true}]}}