{"id":76919,"date":"2023-10-05T20:00:00","date_gmt":"2023-10-05T23:00:00","guid":{"rendered":"https:\/\/blogdoeloiltoncajuhy.com.br\/site\/?p=76919"},"modified":"2023-10-05T19:43:26","modified_gmt":"2023-10-05T22:43:26","slug":"ministerio-da-justica-destina-r-109-mi-para-conter-violencia-na-bahia","status":"publish","type":"post","link":"https:\/\/blogdoeloiltoncajuhy.com.br\/site\/ministerio-da-justica-destina-r-109-mi-para-conter-violencia-na-bahia\/","title":{"rendered":"Minist\u00e9rio da Justi\u00e7a destina R$ 109 mi para conter viol\u00eancia na Bahia"},"content":{"rendered":"\n<p class=\"has-text-align-center has-medium-font-size\"><strong>Cerca de 60 pessoas morreram em confrontos com a pol\u00edcia em setembro.<\/strong><\/p>\n\n\n\n<p><strong>Ag\u00eancia Brasil<\/strong><\/p>\n\n\n\n<figure class=\"wp-block-image aligncenter size-full\"><a href=\"https:\/\/i0.wp.com\/blogdoeloiltoncajuhy.com.br\/site\/wp-content\/uploads\/2023\/10\/fachada-ministerio-e-foto-marcelo-camargo_agencia-brasil.jpg?ssl=1\"><img data-recalc-dims=\"1\" fetchpriority=\"high\" decoding=\"async\" width=\"750\" height=\"449\" src=\"https:\/\/i0.wp.com\/blogdoeloiltoncajuhy.com.br\/site\/wp-content\/uploads\/2023\/10\/fachada-ministerio-e-foto-marcelo-camargo_agencia-brasil.jpg?resize=750%2C449&#038;ssl=1\" alt=\"\" class=\"wp-image-76920\" srcset=\"https:\/\/i0.wp.com\/blogdoeloiltoncajuhy.com.br\/site\/wp-content\/uploads\/2023\/10\/fachada-ministerio-e-foto-marcelo-camargo_agencia-brasil.jpg?w=750&amp;ssl=1 750w, https:\/\/i0.wp.com\/blogdoeloiltoncajuhy.com.br\/site\/wp-content\/uploads\/2023\/10\/fachada-ministerio-e-foto-marcelo-camargo_agencia-brasil.jpg?resize=300%2C180&amp;ssl=1 300w\" sizes=\"(max-width: 750px) 100vw, 750px\" \/><\/a><figcaption class=\"wp-element-caption\"><sub>Fachada do Minist\u00e9rio da Justi\u00e7a, Bras\u00edlia-DF &#8211; Foto: Marcelo Camargo\/Ag\u00eancia Brasil<\/sub><\/figcaption><\/figure>\n\n\n\n<p>O ministro da Justi\u00e7a e Seguran\u00e7a P\u00fablica, Fl\u00e1vio Dino, anunciou nesta quinta-feira (5) pacote de R$ 109 milh\u00f5es em a\u00e7\u00f5es para o combate ao crime organizado e conter a onda de viol\u00eancia na Bahia. Do total, R$ 62 milh\u00f5es s\u00e3o repasses do Fundo Nacional de Seguran\u00e7a P\u00fablica (FNSP).<\/p>\n\n\n\n<p>Os recursos ser\u00e3o usados para instala\u00e7\u00e3o de novas unidades da Pol\u00edcia Federal e da Pol\u00edcia Rodovi\u00e1ria Federal no estado, compra de viaturas e programas de seguran\u00e7a em escolas, de combate \u00e0s drogas, atendimento de jovens e mulheres v\u00edtimas de viol\u00eancia.<\/p>\n\n\n\n<p>Somente em setembro, cerca de 60 pessoas morreram em confrontos com for\u00e7as de seguran\u00e7a no estado, a maior parte em bairros perif\u00e9ricos de Salvador. Um policial federal morreu durante uma opera\u00e7\u00e3o contra uma quadrilha.<\/p>\n\n\n\n<p>Para o ministro, a principal estrat\u00e9gia para reduzir as mortes e a viol\u00eancia na Bahia ser\u00e1 a integra\u00e7\u00e3o entre as pol\u00edcias Federal, Rodovi\u00e1ria Federal e do estado.<\/p>\n\n\n\n<p>\u201cAs a\u00e7\u00f5es das pol\u00edcias estaduais, no que se refere ao policiamento ostensivo e investigativo, com o fortalecimento da Pol\u00edcia Federal e da Pol\u00edcia Rodovi\u00e1ria Federal, devem produzir os efeitos que n\u00f3s esperamos\u201d, afirmou Dino, ao lado do governador Jer\u00f4nimo Rodrigues, em Salvador.<\/p>\n\n\n\n<p class=\"has-black-color has-text-color has-medium-font-size\"><strong>Saiba quais as a\u00e7\u00f5es anunciadas para seguran\u00e7a p\u00fablica na Bahia:<\/strong><\/p>\n\n\n\n<p class=\"has-black-color has-text-color has-large-font-size\"><strong>Pol\u00edcia Federal<\/strong><\/p>\n\n\n\n<ul class=\"wp-block-list\">\n<li>entrega da nova sede modernizada, investimento de R$ 22 milh\u00f5es;<\/li>\n\n\n\n<li>reforma da delegacia de Vit\u00f3ria da Conquista;<\/li>\n\n\n\n<li>instala\u00e7\u00e3o de unidade da PF em Feira de Santana no prazo de 45 dias;<\/li>\n\n\n\n<li>implanta\u00e7\u00e3o da For\u00e7a Integrada de Combate ao Crime Organizado (Ficco) em Ilh\u00e9us, com atua\u00e7\u00e3o da Pol\u00edcia Federal e pol\u00edcia estadual.<\/li>\n<\/ul>\n\n\n\n<p><\/p>\n\n\n\n<p class=\"has-black-color has-text-color has-large-font-size\"><strong>Pol\u00edcia Rodovi\u00e1ria Federal<\/strong><\/p>\n\n\n\n<ul class=\"wp-block-list\">\n<li>R$ 411 mil para moderniza\u00e7\u00e3o do posto policial em Ribeira do Pombal;<\/li>\n\n\n\n<li>fortalecimento do policiamento nas divisas do estado.<\/li>\n<\/ul>\n\n\n\n<p><\/p>\n\n\n\n<p class=\"has-black-color has-text-color has-large-font-size\"><strong>Outras a\u00e7\u00f5es<\/strong><\/p>\n\n\n\n<ul class=\"wp-block-list\">\n<li>adicional de R$ 20 milh\u00f5es para aluguel e compra de viaturas;<\/li>\n\n\n\n<li>R$ 6 milh\u00f5es para o Programa Escola Segura, refor\u00e7o das patrulhas escolares;<\/li>\n\n\n\n<li>doa\u00e7\u00e3o de R$ 1,3 milh\u00e3o para equipamentos das pol\u00edcias estaduais;<\/li>\n\n\n\n<li>repasse de R$ 5,2 milh\u00f5es para sistema penitenci\u00e1rio estadual e doa\u00e7\u00e3o de carros, caminh\u00f5es e detectores de metal;<\/li>\n\n\n\n<li>investimento de R$ 5 milh\u00f5es no Pronasci Juventude, preven\u00e7\u00e3o de homic\u00eddios e a inclus\u00e3o social da juventude negra e perif\u00e9rica;<\/li>\n\n\n\n<li>R$ 6,8 milh\u00f5es para a\u00e7\u00f5es antidrogas.<\/li>\n<\/ul>\n\n\n\n<p><\/p>\n\n\n\n<figure class=\"wp-block-image aligncenter size-full\"><a href=\"https:\/\/i0.wp.com\/blogdoeloiltoncajuhy.com.br\/site\/wp-content\/uploads\/2023\/10\/Ministro-Flavio-Dino-na-Bahia-%E2%80%94-Foto_Antonio-Dilson-Neto-g1.webp?ssl=1\"><img data-recalc-dims=\"1\" decoding=\"async\" width=\"800\" height=\"564\" src=\"https:\/\/i0.wp.com\/blogdoeloiltoncajuhy.com.br\/site\/wp-content\/uploads\/2023\/10\/Ministro-Flavio-Dino-na-Bahia-%E2%80%94-Foto_Antonio-Dilson-Neto-g1.webp?resize=800%2C564&#038;ssl=1\" alt=\"\" class=\"wp-image-76921\" srcset=\"https:\/\/i0.wp.com\/blogdoeloiltoncajuhy.com.br\/site\/wp-content\/uploads\/2023\/10\/Ministro-Flavio-Dino-na-Bahia-%E2%80%94-Foto_Antonio-Dilson-Neto-g1.webp?w=984&amp;ssl=1 984w, https:\/\/i0.wp.com\/blogdoeloiltoncajuhy.com.br\/site\/wp-content\/uploads\/2023\/10\/Ministro-Flavio-Dino-na-Bahia-%E2%80%94-Foto_Antonio-Dilson-Neto-g1.webp?resize=300%2C212&amp;ssl=1 300w, https:\/\/i0.wp.com\/blogdoeloiltoncajuhy.com.br\/site\/wp-content\/uploads\/2023\/10\/Ministro-Flavio-Dino-na-Bahia-%E2%80%94-Foto_Antonio-Dilson-Neto-g1.webp?resize=768%2C542&amp;ssl=1 768w\" sizes=\"(max-width: 800px) 100vw, 800px\" \/><\/a><figcaption class=\"wp-element-caption\"><sub>Na Bahia, Fl\u00e1vio Dino volta a falar sobre assassinatos de m\u00e9dicos no RJ e reafirma que houve execu\u00e7\u00e3o; um dos mortos era baiano \u2014 Foto: Antonio Dilson Neto\/g1<\/sub><\/figcaption><\/figure>\n\n\n\n<p class=\"has-black-color has-text-color has-medium-font-size\"><strong>Armamento<\/strong><\/p>\n\n\n\n<p>Dino voltou a afirmar que o aumento da viol\u00eancia no pa\u00eds est\u00e1 relacionado \u00e0 facilita\u00e7\u00e3o na compra de armas nos \u00faltimos anos.<\/p>\n\n\n\n<p>\u201cEssas armas foram para o feminic\u00eddio, foram para viol\u00eancia no tr\u00e2nsito, no bar, na fam\u00edlia. E essas armas foram desviadas para fortalecer quadrilhas, porque barateou o acesso a armas no Brasil\u201d.<\/p>\n\n\n\n<p class=\"has-black-color has-text-color has-medium-font-size\"><strong>Pol\u00edcias<\/strong><\/p>\n\n\n\n<p>O ministro criticou a criminaliza\u00e7\u00e3o das pol\u00edcias durante as a\u00e7\u00f5es de combate ao crime organizado. Segundo ele, a atua\u00e7\u00e3o de maus policiais n\u00e3o deve balizar o desempenho de toda a corpora\u00e7\u00e3o.<\/p>\n\n\n\n<p>\u201cN\u00e3o concordo com a vis\u00e3o criminalizadora das pol\u00edcias. Isso n\u00e3o \u00e9 bom para o Brasil. Os maus t\u00eam que ser investigados e punidos, mas n\u00e3o julgar a institui\u00e7\u00e3o. Julgar as pessoas para que tenhamos um policiamento cada vez melhor no Brasil. Essa \u00e9 a nossa luta\u201d.<\/p>\n\n\n\n<p>No m\u00eas passado, a Anistia Internacional divulgou nota p\u00fablica criticando o governo da Bahia pelo n\u00famero de mortes registradas no estado em confrontos com policiais. Levantamento da organiza\u00e7\u00e3o apontou 86 mortes em opera\u00e7\u00f5es policiais no per\u00edodo de dois meses, o que significa quase duas mortes por dia.<\/p>\n","protected":false},"excerpt":{"rendered":"<p>Cerca de 60 pessoas morreram em confrontos com a pol\u00edcia em setembro. Ag\u00eancia Brasil O ministro da Justi\u00e7a e Seguran\u00e7a P\u00fablica, Fl\u00e1vio Dino, anunciou nesta quinta-feira (5) pacote de R$ 109 milh\u00f5es em a\u00e7\u00f5es para o combate ao crime organizado e conter a onda de viol\u00eancia na Bahia. Do total, R$ 62 milh\u00f5es s\u00e3o repasses [&hellip;]<\/p>\n","protected":false},"author":2,"featured_media":76921,"comment_status":"open","ping_status":"open","sticky":false,"template":"","format":"standard","meta":{"_acf_changed":false,"_monsterinsights_skip_tracking":false,"_monsterinsights_sitenote_active":false,"_monsterinsights_sitenote_note":"","_monsterinsights_sitenote_category":0,"_jetpack_memberships_contains_paid_content":false,"footnotes":"","jetpack_publicize_message":"","jetpack_publicize_feature_enabled":true,"jetpack_social_post_already_shared":true,"jetpack_social_options":{"image_generator_settings":{"template":"highway","default_image_id":0,"font":"","enabled":false},"version":2}},"categories":[3],"tags":[],"class_list":["post-76919","post","type-post","status-publish","format-standard","has-post-thumbnail","hentry","category-politica"],"acf":[],"jetpack_publicize_connections":[],"jetpack_featured_media_url":"https:\/\/i0.wp.com\/blogdoeloiltoncajuhy.com.br\/site\/wp-content\/uploads\/2023\/10\/Ministro-Flavio-Dino-na-Bahia-%E2%80%94-Foto_Antonio-Dilson-Neto-g1.webp?fit=984%2C694&ssl=1","jetpack_sharing_enabled":true,"publishpress_future_workflow_manual_trigger":{"enabledWorkflows":[]},"_links":{"self":[{"href":"https:\/\/blogdoeloiltoncajuhy.com.br\/site\/wp-json\/wp\/v2\/posts\/76919","targetHints":{"allow":["GET"]}}],"collection":[{"href":"https:\/\/blogdoeloiltoncajuhy.com.br\/site\/wp-json\/wp\/v2\/posts"}],"about":[{"href":"https:\/\/blogdoeloiltoncajuhy.com.br\/site\/wp-json\/wp\/v2\/types\/post"}],"author":[{"embeddable":true,"href":"https:\/\/blogdoeloiltoncajuhy.com.br\/site\/wp-json\/wp\/v2\/users\/2"}],"replies":[{"embeddable":true,"href":"https:\/\/blogdoeloiltoncajuhy.com.br\/site\/wp-json\/wp\/v2\/comments?post=76919"}],"version-history":[{"count":1,"href":"https:\/\/blogdoeloiltoncajuhy.com.br\/site\/wp-json\/wp\/v2\/posts\/76919\/revisions"}],"predecessor-version":[{"id":76922,"href":"https:\/\/blogdoeloiltoncajuhy.com.br\/site\/wp-json\/wp\/v2\/posts\/76919\/revisions\/76922"}],"wp:featuredmedia":[{"embeddable":true,"href":"https:\/\/blogdoeloiltoncajuhy.com.br\/site\/wp-json\/wp\/v2\/media\/76921"}],"wp:attachment":[{"href":"https:\/\/blogdoeloiltoncajuhy.com.br\/site\/wp-json\/wp\/v2\/media?parent=76919"}],"wp:term":[{"taxonomy":"category","embeddable":true,"href":"https:\/\/blogdoeloiltoncajuhy.com.br\/site\/wp-json\/wp\/v2\/categories?post=76919"},{"taxonomy":"post_tag","embeddable":true,"href":"https:\/\/blogdoeloiltoncajuhy.com.br\/site\/wp-json\/wp\/v2\/tags?post=76919"}],"curies":[{"name":"wp","href":"https:\/\/api.w.org\/{rel}","templated":true}]}}