{"id":76911,"date":"2023-10-05T14:58:03","date_gmt":"2023-10-05T17:58:03","guid":{"rendered":"https:\/\/blogdoeloiltoncajuhy.com.br\/site\/?p=76911"},"modified":"2023-10-05T14:58:05","modified_gmt":"2023-10-05T17:58:05","slug":"jequie-cidade-mais-violenta-do-brasil-tem-chacina-com-seis-mortos","status":"publish","type":"post","link":"https:\/\/blogdoeloiltoncajuhy.com.br\/site\/jequie-cidade-mais-violenta-do-brasil-tem-chacina-com-seis-mortos\/","title":{"rendered":"Jequi\u00e9: cidade mais violenta do Brasil tem chacina com seis mortos"},"content":{"rendered":"\n<p class=\"has-medium-font-size\"><strong>Munic\u00edpio foi considerado o mais violento do pa\u00eds entre os que possuem mais de 100 mil habitantes, segundo dado divulgado pelo F\u00f3rum Brasileiro de Seguran\u00e7a P\u00fablica.<\/strong><\/p>\n\n\n\n<p><strong>Por g1 BA<\/strong><\/p>\n\n\n\n<figure class=\"wp-block-image aligncenter size-full\"><a href=\"https:\/\/i0.wp.com\/blogdoeloiltoncajuhy.com.br\/site\/wp-content\/uploads\/2023\/10\/BA_Chacina-em-Jequie-051023-Foto_Reproducao-Redes-Sociais.webp?ssl=1\"><img data-recalc-dims=\"1\" fetchpriority=\"high\" decoding=\"async\" width=\"800\" height=\"442\" src=\"https:\/\/i0.wp.com\/blogdoeloiltoncajuhy.com.br\/site\/wp-content\/uploads\/2023\/10\/BA_Chacina-em-Jequie-051023-Foto_Reproducao-Redes-Sociais.webp?resize=800%2C442&#038;ssl=1\" alt=\"\" class=\"wp-image-76912\" srcset=\"https:\/\/i0.wp.com\/blogdoeloiltoncajuhy.com.br\/site\/wp-content\/uploads\/2023\/10\/BA_Chacina-em-Jequie-051023-Foto_Reproducao-Redes-Sociais.webp?w=984&amp;ssl=1 984w, https:\/\/i0.wp.com\/blogdoeloiltoncajuhy.com.br\/site\/wp-content\/uploads\/2023\/10\/BA_Chacina-em-Jequie-051023-Foto_Reproducao-Redes-Sociais.webp?resize=300%2C166&amp;ssl=1 300w, https:\/\/i0.wp.com\/blogdoeloiltoncajuhy.com.br\/site\/wp-content\/uploads\/2023\/10\/BA_Chacina-em-Jequie-051023-Foto_Reproducao-Redes-Sociais.webp?resize=768%2C425&amp;ssl=1 768w\" sizes=\"(max-width: 800px) 100vw, 800px\" \/><\/a><figcaption class=\"wp-element-caption\"><sub>V\u00edtimas estavam em uma casa no sudoeste da Bahia \u2014 Foto: Reprodu\u00e7\u00e3o\/Redes Sociais<\/sub><\/figcaption><\/figure>\n\n\n\n<p>Seis pessoas da mesma fam\u00edlia foram mortas a tiros nesta quinta-feira (5). A chacina aconteceu em Jequi\u00e9, cidade mais violenta do Brasil, segundo dados divulgados em julho deste ano pelo F\u00f3rum Brasileiro de Seguran\u00e7a P\u00fablica. O ranking leva em considera\u00e7\u00e3o os munic\u00edpios que possuem mais de 100 mil habitantes.<\/p>\n\n\n\n<p>Segundo a Pol\u00edcia Civil, entre os mortos est\u00e3o uma crian\u00e7a de 5 anos, um idoso e uma gestante de nove meses. As v\u00edtimas faziam parte de uma comunidade cigana.<\/p>\n\n\n\n<p>De acordo com o levantamento do F\u00f3rum Brasileiro de Seguran\u00e7a P\u00fablica, Jequi\u00e9 tem taxa de 88,8 mortes violentas intencionais para cada 100 mil habitantes.<\/p>\n\n\n\n<p>O dado leva em conta homic\u00eddios dolosos (incluindo feminic\u00eddios, que s\u00e3o homic\u00eddios qualificados); les\u00f5es corporais que terminam com a morte da v\u00edtima; latroc\u00ednios, que \u00e9 quando a v\u00edtima \u00e9 assassinada para que o roubo seja conclu\u00eddo; mortes de policiais e assassinatos cometidos por policiais.<\/p>\n\n\n\n<p>Por coincid\u00eancia, Jequi\u00e9 \u00e9 a cidade onde morava atualmente o m\u00e9dico ortopedista Perseu Ribeiro Almeida, morto a tiros em um quiosque no Rio de Janeiro, na madrugada desta quinta-feira.<\/p>\n\n\n\n<p>Apesar do \u00edndice alto na taxa de mortes violentas, Jequi\u00e9 nem figura na lista das 10 maiores cidades baianas, com base no Censo 2022, do Instituto Brasileiro de Geografia e Estat\u00edstica (IBGE). Al\u00e9m dela, outras 11 cidades baianas est\u00e3o no ranking, fazendo a Bahia ser o local que mais aparece na lista.<\/p>\n\n\n\n<p>Ainda de acordo com o f\u00f3rum, a Bahia registrou 6.659 mortes violentas intencionais em 2022. Os dados colocam o estado como l\u00edder no ranking nacional.<\/p>\n\n\n\n<p class=\"has-black-color has-text-color has-medium-font-size\"><strong>Chacina com seis mortos<\/strong><\/p>\n\n\n\n<p>O crime desta quinta-feira aconteceu no bairro Amaralina. Informa\u00e7\u00f5es iniciais da Pol\u00edcia Civil apontam que homens armados invadiram o im\u00f3vel que as v\u00edtimas estavam, atiraram nelas e fugiram.<\/p>\n\n\n\n<p class=\"has-black-color has-text-color\"><strong>Veja abaixo as identidades das v\u00edtimas:<\/strong><\/p>\n\n\n\n<p>Natiele Andrade de Cabral, de 22 anos (gr\u00e1vida de nove meses);<br><\/p>\n\n\n\n<p>Laiane Andrade Barreto, 5 anos;<br><\/p>\n\n\n\n<p>Elismar Cabral Barreto, de 23 anos;<br><\/p>\n\n\n\n<p>Sulivan Cabral Barreto, de 35 anos;<br><\/p>\n\n\n\n<p>Maiane Cabral Gomes, de 45 anos;<br><\/p>\n\n\n\n<p>Lindinoval de Almeida Cabral, de 66 anos.<br><\/p>\n\n\n\n<figure class=\"wp-block-image aligncenter size-full\"><a href=\"https:\/\/i0.wp.com\/blogdoeloiltoncajuhy.com.br\/site\/wp-content\/uploads\/2023\/10\/BA_Chacina-em-Jequie-051023-2-Foto_Reproducao-Redes-Sociais.webp?ssl=1\"><img data-recalc-dims=\"1\" decoding=\"async\" width=\"800\" height=\"454\" src=\"https:\/\/i0.wp.com\/blogdoeloiltoncajuhy.com.br\/site\/wp-content\/uploads\/2023\/10\/BA_Chacina-em-Jequie-051023-2-Foto_Reproducao-Redes-Sociais.webp?resize=800%2C454&#038;ssl=1\" alt=\"\" class=\"wp-image-76913\" srcset=\"https:\/\/i0.wp.com\/blogdoeloiltoncajuhy.com.br\/site\/wp-content\/uploads\/2023\/10\/BA_Chacina-em-Jequie-051023-2-Foto_Reproducao-Redes-Sociais.webp?w=984&amp;ssl=1 984w, https:\/\/i0.wp.com\/blogdoeloiltoncajuhy.com.br\/site\/wp-content\/uploads\/2023\/10\/BA_Chacina-em-Jequie-051023-2-Foto_Reproducao-Redes-Sociais.webp?resize=300%2C170&amp;ssl=1 300w, https:\/\/i0.wp.com\/blogdoeloiltoncajuhy.com.br\/site\/wp-content\/uploads\/2023\/10\/BA_Chacina-em-Jequie-051023-2-Foto_Reproducao-Redes-Sociais.webp?resize=768%2C436&amp;ssl=1 768w\" sizes=\"(max-width: 800px) 100vw, 800px\" \/><\/a><figcaption class=\"wp-element-caption\"><sub>Seis pessoas foram mortas em casa na Bahia \u2014 Foto: Reprodu\u00e7\u00e3o\/Redes Sociais<\/sub><\/figcaption><\/figure>\n\n\n\n<p>Imagens de c\u00e2meras de seguran\u00e7a instaladas no entorno do im\u00f3vel foram coletadas pela 9\u00aa Coordenadoria de Pol\u00edcia do Interior (Coorpin\/Jequi\u00e9) e ser\u00e3o analisadas. A pol\u00edcia disse que vai ouvir moradores da regi\u00e3o.<\/p>\n\n\n\n<p>&#8220;As informa\u00e7\u00f5es coletadas no local apontam que por volta das 3h30, indiv\u00edduos n\u00e3o identificados invadiram o local e executaram todas as pessoas utilizando armas de fogo. Nesse momento, as equipes j\u00e1 aguardam o resultado das per\u00edcias que foram realizadas para que continuemos com as investiga\u00e7\u00f5es&#8221;, disse o delegado Roberto Leal, coordenador da 9\u00aa CIPM.<\/p>\n\n\n\n<p>O local foi isolado e o Departamento de Pol\u00edcia T\u00e9cnica (DPT) foi acionado para fazer a per\u00edcia.<\/p>\n\n\n\n<p>&#8220;N\u00e3o vamos descartar nenhuma hip\u00f3tese. Estamos, inclusive, ouvindo pessoas da fam\u00edlia para que nos informem se houve fatos anteriores ao crime que podem ajudar na resolu\u00e7\u00e3o desse fato. Pois tratava-se de uma fam\u00edlia de ciganos, pessoas da mesma fam\u00edlia, entre elas av\u00f4, nora, sogra, genro&#8221;, afirmou o delegado.<\/p>\n\n\n\n<p>&#8220;Natiele, infelizmente, estava gr\u00e1vida. Ent\u00e3o, todos esses fatos ser\u00e3o trazidos \u00e0 investiga\u00e7\u00e3o para que a gente consiga elucidar esse crime no menor espa\u00e7o de tempo poss\u00edvel&#8221;, concluiu.<\/p>\n","protected":false},"excerpt":{"rendered":"<p>Munic\u00edpio foi considerado o mais violento do pa\u00eds entre os que possuem mais de 100 mil habitantes, segundo dado divulgado pelo F\u00f3rum Brasileiro de Seguran\u00e7a P\u00fablica. Por g1 BA Seis pessoas da mesma fam\u00edlia foram mortas a tiros nesta quinta-feira (5). A chacina aconteceu em Jequi\u00e9, cidade mais violenta do Brasil, segundo dados divulgados em [&hellip;]<\/p>\n","protected":false},"author":2,"featured_media":76914,"comment_status":"open","ping_status":"open","sticky":false,"template":"","format":"standard","meta":{"_acf_changed":false,"_monsterinsights_skip_tracking":false,"_monsterinsights_sitenote_active":false,"_monsterinsights_sitenote_note":"","_monsterinsights_sitenote_category":0,"_jetpack_memberships_contains_paid_content":false,"footnotes":"","jetpack_publicize_message":"","jetpack_publicize_feature_enabled":true,"jetpack_social_post_already_shared":true,"jetpack_social_options":{"image_generator_settings":{"template":"highway","default_image_id":0,"font":"","enabled":false},"version":2}},"categories":[15],"tags":[],"class_list":["post-76911","post","type-post","status-publish","format-standard","has-post-thumbnail","hentry","category-policia"],"acf":[],"jetpack_publicize_connections":[],"jetpack_featured_media_url":"https:\/\/i0.wp.com\/blogdoeloiltoncajuhy.com.br\/site\/wp-content\/uploads\/2023\/10\/Jequie_Foto_TV-Sudoeste-E.jpg?fit=700%2C396&ssl=1","jetpack_sharing_enabled":true,"publishpress_future_workflow_manual_trigger":{"enabledWorkflows":[]},"_links":{"self":[{"href":"https:\/\/blogdoeloiltoncajuhy.com.br\/site\/wp-json\/wp\/v2\/posts\/76911","targetHints":{"allow":["GET"]}}],"collection":[{"href":"https:\/\/blogdoeloiltoncajuhy.com.br\/site\/wp-json\/wp\/v2\/posts"}],"about":[{"href":"https:\/\/blogdoeloiltoncajuhy.com.br\/site\/wp-json\/wp\/v2\/types\/post"}],"author":[{"embeddable":true,"href":"https:\/\/blogdoeloiltoncajuhy.com.br\/site\/wp-json\/wp\/v2\/users\/2"}],"replies":[{"embeddable":true,"href":"https:\/\/blogdoeloiltoncajuhy.com.br\/site\/wp-json\/wp\/v2\/comments?post=76911"}],"version-history":[{"count":1,"href":"https:\/\/blogdoeloiltoncajuhy.com.br\/site\/wp-json\/wp\/v2\/posts\/76911\/revisions"}],"predecessor-version":[{"id":76915,"href":"https:\/\/blogdoeloiltoncajuhy.com.br\/site\/wp-json\/wp\/v2\/posts\/76911\/revisions\/76915"}],"wp:featuredmedia":[{"embeddable":true,"href":"https:\/\/blogdoeloiltoncajuhy.com.br\/site\/wp-json\/wp\/v2\/media\/76914"}],"wp:attachment":[{"href":"https:\/\/blogdoeloiltoncajuhy.com.br\/site\/wp-json\/wp\/v2\/media?parent=76911"}],"wp:term":[{"taxonomy":"category","embeddable":true,"href":"https:\/\/blogdoeloiltoncajuhy.com.br\/site\/wp-json\/wp\/v2\/categories?post=76911"},{"taxonomy":"post_tag","embeddable":true,"href":"https:\/\/blogdoeloiltoncajuhy.com.br\/site\/wp-json\/wp\/v2\/tags?post=76911"}],"curies":[{"name":"wp","href":"https:\/\/api.w.org\/{rel}","templated":true}]}}