{"id":76907,"date":"2023-10-05T13:51:14","date_gmt":"2023-10-05T16:51:14","guid":{"rendered":"https:\/\/blogdoeloiltoncajuhy.com.br\/site\/?p=76907"},"modified":"2023-10-05T13:51:16","modified_gmt":"2023-10-05T16:51:16","slug":"bahia-contabiliza-mais-de-67-mil-novas-vagas-de-emprego-com-carteira-assinada-em-2023","status":"publish","type":"post","link":"https:\/\/blogdoeloiltoncajuhy.com.br\/site\/bahia-contabiliza-mais-de-67-mil-novas-vagas-de-emprego-com-carteira-assinada-em-2023\/","title":{"rendered":"Bahia contabiliza mais de 67 mil novas vagas de emprego com carteira assinada em 2023"},"content":{"rendered":"\n<p><strong>Secom\/BA<\/strong><\/p>\n\n\n\n<figure class=\"wp-block-image aligncenter size-full\"><a href=\"https:\/\/i0.wp.com\/blogdoeloiltoncajuhy.com.br\/site\/wp-content\/uploads\/2023\/06\/Carteira-trabalho-emprego-vagas_FotoTony-WinstonAgencia-Brasilia.jpg\"><img data-recalc-dims=\"1\" fetchpriority=\"high\" decoding=\"async\" width=\"768\" height=\"510\" src=\"https:\/\/i0.wp.com\/blogdoeloiltoncajuhy.com.br\/site\/wp-content\/uploads\/2023\/06\/Carteira-trabalho-emprego-vagas_FotoTony-WinstonAgencia-Brasilia.jpg?resize=768%2C510\" alt=\"\" class=\"wp-image-74526\" srcset=\"https:\/\/i0.wp.com\/blogdoeloiltoncajuhy.com.br\/site\/wp-content\/uploads\/2023\/06\/Carteira-trabalho-emprego-vagas_FotoTony-WinstonAgencia-Brasilia.jpg?w=768&amp;ssl=1 768w, https:\/\/i0.wp.com\/blogdoeloiltoncajuhy.com.br\/site\/wp-content\/uploads\/2023\/06\/Carteira-trabalho-emprego-vagas_FotoTony-WinstonAgencia-Brasilia.jpg?resize=300%2C199&amp;ssl=1 300w\" sizes=\"(max-width: 768px) 100vw, 768px\" \/><\/a><figcaption class=\"wp-element-caption\"><sub>Foto: Tony Winston\/Ag\u00eancia-Bras\u00edlia<\/sub><\/figcaption><\/figure>\n\n\n\n<p>Em agosto deste ano, a Bahia gerou 11.518 postos de trabalho com carteira assinada. Este foi o oitavo m\u00eas seguido com saldo positivo. No acumulado dos oito primeiros meses de 2023, o estado contabiliza 67.626 novas vagas.<\/p>\n\n\n\n<p>Os dados s\u00e3o do Cadastro Geral de Empregados e Desempregados, do Minist\u00e9rio do Trabalho e Emprego, e foram sistematizados pela Superintend\u00eancia de Estudos Econ\u00f4micos e Sociais da Bahia (SEI).<\/p>\n\n\n\n<p>O segmento de Servi\u00e7os foi o que mais gerou postos de trabalho formal em agosto na Bahia, com 5.027 novas vagas.<\/p>\n\n\n\n<p>Para o secret\u00e1rio estadual do Trabalho, Emprego, Renda e Esporte, Davidson Magalh\u00e3es, os resultados s\u00e3o reflexo do fortalecimento do mercado baiano, gerado a partir dos investimentos do Governo do Estado em diversas \u00e1reas, e das pol\u00edticas de distribui\u00e7\u00e3o de renda do Governo Federal.<\/p>\n","protected":false},"excerpt":{"rendered":"<p>Secom\/BA Em agosto deste ano, a Bahia gerou 11.518 postos de trabalho com carteira assinada. Este foi o oitavo m\u00eas seguido com saldo positivo. No acumulado dos oito primeiros meses de 2023, o estado contabiliza 67.626 novas vagas. Os dados s\u00e3o do Cadastro Geral de Empregados e Desempregados, do Minist\u00e9rio do Trabalho e Emprego, e [&hellip;]<\/p>\n","protected":false},"author":2,"featured_media":7403,"comment_status":"open","ping_status":"open","sticky":false,"template":"","format":"standard","meta":{"_acf_changed":false,"_monsterinsights_skip_tracking":false,"_monsterinsights_sitenote_active":false,"_monsterinsights_sitenote_note":"","_monsterinsights_sitenote_category":0,"_jetpack_memberships_contains_paid_content":false,"footnotes":"","jetpack_publicize_message":"","jetpack_publicize_feature_enabled":true,"jetpack_social_post_already_shared":true,"jetpack_social_options":{"image_generator_settings":{"template":"highway","default_image_id":0,"font":"","enabled":false},"version":2}},"categories":[32],"tags":[],"class_list":["post-76907","post","type-post","status-publish","format-standard","has-post-thumbnail","hentry","category-emprego"],"acf":[],"jetpack_publicize_connections":[],"jetpack_featured_media_url":"https:\/\/i0.wp.com\/blogdoeloiltoncajuhy.com.br\/site\/wp-content\/uploads\/2016\/02\/carteiras-de-trababalho.jpg?fit=600%2C450&ssl=1","jetpack_sharing_enabled":true,"publishpress_future_workflow_manual_trigger":{"enabledWorkflows":[]},"_links":{"self":[{"href":"https:\/\/blogdoeloiltoncajuhy.com.br\/site\/wp-json\/wp\/v2\/posts\/76907","targetHints":{"allow":["GET"]}}],"collection":[{"href":"https:\/\/blogdoeloiltoncajuhy.com.br\/site\/wp-json\/wp\/v2\/posts"}],"about":[{"href":"https:\/\/blogdoeloiltoncajuhy.com.br\/site\/wp-json\/wp\/v2\/types\/post"}],"author":[{"embeddable":true,"href":"https:\/\/blogdoeloiltoncajuhy.com.br\/site\/wp-json\/wp\/v2\/users\/2"}],"replies":[{"embeddable":true,"href":"https:\/\/blogdoeloiltoncajuhy.com.br\/site\/wp-json\/wp\/v2\/comments?post=76907"}],"version-history":[{"count":1,"href":"https:\/\/blogdoeloiltoncajuhy.com.br\/site\/wp-json\/wp\/v2\/posts\/76907\/revisions"}],"predecessor-version":[{"id":76908,"href":"https:\/\/blogdoeloiltoncajuhy.com.br\/site\/wp-json\/wp\/v2\/posts\/76907\/revisions\/76908"}],"wp:featuredmedia":[{"embeddable":true,"href":"https:\/\/blogdoeloiltoncajuhy.com.br\/site\/wp-json\/wp\/v2\/media\/7403"}],"wp:attachment":[{"href":"https:\/\/blogdoeloiltoncajuhy.com.br\/site\/wp-json\/wp\/v2\/media?parent=76907"}],"wp:term":[{"taxonomy":"category","embeddable":true,"href":"https:\/\/blogdoeloiltoncajuhy.com.br\/site\/wp-json\/wp\/v2\/categories?post=76907"},{"taxonomy":"post_tag","embeddable":true,"href":"https:\/\/blogdoeloiltoncajuhy.com.br\/site\/wp-json\/wp\/v2\/tags?post=76907"}],"curies":[{"name":"wp","href":"https:\/\/api.w.org\/{rel}","templated":true}]}}