{"id":76900,"date":"2023-10-05T06:00:00","date_gmt":"2023-10-05T09:00:00","guid":{"rendered":"https:\/\/blogdoeloiltoncajuhy.com.br\/site\/?p=76900"},"modified":"2023-10-04T20:00:31","modified_gmt":"2023-10-04T23:00:31","slug":"conheca-as-musicas-mais-tocadas-nos-shows-no-brasil-em-2023","status":"publish","type":"post","link":"https:\/\/blogdoeloiltoncajuhy.com.br\/site\/conheca-as-musicas-mais-tocadas-nos-shows-no-brasil-em-2023\/","title":{"rendered":"Conhe\u00e7a as m\u00fasicas mais tocadas nos shows no Brasil em 2023"},"content":{"rendered":"\n<p><strong>Sucesso!<\/strong><\/p>\n\n\n\n<figure class=\"wp-block-image aligncenter size-full\"><a href=\"https:\/\/i0.wp.com\/blogdoeloiltoncajuhy.com.br\/site\/wp-content\/uploads\/2023\/10\/IveteCarnavalSalvador_Divulgacao.webp?ssl=1\"><img data-recalc-dims=\"1\" fetchpriority=\"high\" decoding=\"async\" width=\"774\" height=\"516\" src=\"https:\/\/i0.wp.com\/blogdoeloiltoncajuhy.com.br\/site\/wp-content\/uploads\/2023\/10\/IveteCarnavalSalvador_Divulgacao.webp?resize=774%2C516&#038;ssl=1\" alt=\"\" class=\"wp-image-76901\" srcset=\"https:\/\/i0.wp.com\/blogdoeloiltoncajuhy.com.br\/site\/wp-content\/uploads\/2023\/10\/IveteCarnavalSalvador_Divulgacao.webp?w=774&amp;ssl=1 774w, https:\/\/i0.wp.com\/blogdoeloiltoncajuhy.com.br\/site\/wp-content\/uploads\/2023\/10\/IveteCarnavalSalvador_Divulgacao.webp?resize=300%2C200&amp;ssl=1 300w, https:\/\/i0.wp.com\/blogdoeloiltoncajuhy.com.br\/site\/wp-content\/uploads\/2023\/10\/IveteCarnavalSalvador_Divulgacao.webp?resize=768%2C512&amp;ssl=1 768w\" sizes=\"(max-width: 774px) 100vw, 774px\" \/><\/a><figcaption class=\"wp-element-caption\"><sub>Foto: Divulga\u00e7\u00e3o<\/sub><\/figcaption><\/figure>\n\n\n\n<p>Em 1975, o International Music Council, organiza\u00e7\u00e3o n\u00e3o governamental fundada com o apoio da UNESCO, estipulou que todo dia 1\u00ba de outubro seria festejado o Dia Internacional da M\u00fasica. Uma maneira de lembrar e festejar a for\u00e7a da m\u00fasica como s\u00edmbolo de propaga\u00e7\u00e3o de paz, amizade e cultura.<\/p>\n\n\n\n<p>Aproveitando a data, comemorada no \u00faltimo domingo, o Escrit\u00f3rio Central de Arrecada\u00e7\u00e3o e Distribui\u00e7\u00e3o (Ecad) elaborou um levantamento das faixas que mais tocaram no Brasil no segmento de Shows no primeiro semestre deste ano. Detalhe: aqui est\u00e3o considerados shows em diferentes formatos e eventos, por artistas consagrados e outros menos conhecidos.<\/p>\n\n\n\n<p>Uma das curiosidades ficou por conta do top 20 formado totalmente por can\u00e7\u00f5es nacionais. Outro destaque foi a lideran\u00e7a desse ranking, que ficou com \u201cEva\u201d, de Marcos Ficarelli, Giancarlo Bigazzi (Cartavetrata) e Umberto Tozzi (Umto). A m\u00fasica \u00e9 uma vers\u00e3o de uma can\u00e7\u00e3o italiana gravada originalmente pela banda pop R\u00e1dio T\u00e1xi nos anos 1980, que ganhou diferentes vers\u00f5es em anos seguintes nas vozes de nomes como Ivete Sangalo, Durval Lelys, Luiz Caldas, Solange Almeida, Saulo Fernandes e outros.<\/p>\n\n\n\n<p>\u201cZona de Perigo\u201d (lan\u00e7ada neste ano por L\u00e9o Santana) e \u201cBaby me Atende\u201d (gravada em 2021 por Matheus Fernandes e Dilsinho) ficaram na segunda e terceira posi\u00e7\u00f5es dessa lista, respectivamente.<\/p>\n\n\n\n<figure class=\"wp-block-embed is-type-video is-provider-youtube wp-block-embed-youtube wp-embed-aspect-16-9 wp-has-aspect-ratio\"><div class=\"wp-block-embed__wrapper\">\n<iframe title=\"EVA - Ivete Sangalo no Carnaval de Salvador\" width=\"800\" height=\"450\" src=\"https:\/\/www.youtube.com\/embed\/92lS5Nk-LOU?feature=oembed\" frameborder=\"0\" allow=\"accelerometer; autoplay; clipboard-write; encrypted-media; gyroscope; picture-in-picture; web-share\" allowfullscreen><\/iframe>\n<\/div><\/figure>\n\n\n\n<p>O ranking do segmento de Shows produzido pelo Ecad contou com as m\u00fasicas mais tocadas no Brasil nos 31 mil shows e eventos licenciados no primeiro semestre de 2023.<\/p>\n\n\n\n<p>Fazem parte da lista os eventos em que os organizadores e promotores entraram em contato com a institui\u00e7\u00e3o para realizar o cadastro e efetuar o pagamento dos direitos autorais, o que \u00e9 imprescind\u00edvel para que os compositores e demais artistas recebem seus rendimentos.<\/p>\n\n\n\n<p>Al\u00e9m disso, cabe aos organizadores e promotores o envio do roteiro musical para a identifica\u00e7\u00e3o das m\u00fasicas e o posterior repasse dos valores arrecadados aos compositores.<\/p>\n\n\n\n<p>A retomada de shows, eventos e festivais neste primeiro semestre foi um dos fatores de destaque dos resultados alcan\u00e7ados pelo Ecad de janeiro a junho deste ano. Esse segmento apresentou um aumento de 368,6% na distribui\u00e7\u00e3o de direitos autorais este ano em compara\u00e7\u00e3o ao mesmo per\u00edodo de 2022.<\/p>\n\n\n\n<p>Diante do \u201cboom\u201d de shows, o Ecad tra\u00e7ou um planejamento este ano para intensificar a sua campanha de conscientiza\u00e7\u00e3o sobre o pagamento de direitos autorais, convidando marcas patrocinadoras para participarem desse movimento no Brasil. Isso porque empresas que patrocinam festivais de m\u00fasica e investem em ativa\u00e7\u00e3o de marca nem sempre est\u00e3o cientes de que organizadores de eventos musicais e festivais precisam estar adimplentes com o pagamento dos direitos autorais.<\/p>\n\n\n\n<p>Neste primeiro semestre, considerando todos os segmentos de execu\u00e7\u00e3o p\u00fablica, o Ecad distribuiu um total de R$ 624 milh\u00f5es em direitos autorais a 231 mil compositores, int\u00e9rpretes, m\u00fasicos, editores e produtores fonogr\u00e1ficos, o que indicou um crescimento de 22,5% na distribui\u00e7\u00e3o total em compara\u00e7\u00e3o com o mesmo per\u00edodo do ano passado.<\/p>\n\n\n\n<p class=\"has-black-color has-text-color has-medium-font-size\"><strong>Ranking das m\u00fasicas mais tocadas no Brasil no primeiro semestre de 2023 no segmento de Shows<\/strong><\/p>\n\n\n\n<figure class=\"wp-block-table\"><table><tbody><tr><td><strong>Posi\u00e7\u00e3o<\/strong><\/td><td><strong>M\u00fasica<\/strong><\/td><td><strong>Autores<\/strong><\/td><\/tr><tr><td>1<\/td><td>Eva<\/td><td>Giancarlo Bigazzi (Cartavetrata) \/ Umberto Tozzi (Umto) \/&nbsp;Marcos&nbsp;Ficarelli<\/td><\/tr><tr><td>2<\/td><td>Zona de perigo<\/td><td>Adriel Max \/ Yves \/ Pierrot Junior \/ Lukinhas \/ Fellla Fellings \/ Rafa Chagas<\/td><\/tr><tr><td>3<\/td><td>Baby me atende<\/td><td>Igor Costa \/ Junior Angelim \/ Matheus Fernandes \/ Rodrigo Reys<\/td><\/tr><tr><td>4<\/td><td>Tem cabar\u00e9 essa noite<\/td><td>Flavinho do Kadet \/ Geoffrey R Rojas \/ Yonathan Then \/ D Lesly D Lora<\/td><\/tr><tr><td>5<\/td><td>N\u00e3o quero dinheiro<\/td><td>Tim Maia<\/td><\/tr><tr><td>6<\/td><td>Pa\u00eds tropical<\/td><td>Jorge Ben Jor<\/td><\/tr><tr><td>7<\/td><td>Tu tava na revoada<\/td><td>Mc Taliban \/ Mc Danny<\/td><\/tr><tr><td>8<\/td><td>Cheia de manias<\/td><td>Luiz Carlos<\/td><\/tr><tr><td>9<\/td><td>Amea\u00e7a<\/td><td>Guilherme Ferraz \/ Ray Ant\u00f4nio \/ Diego Ferrari \/ Leo Sagga \/ Paulo Pires \/ Everton Matos<\/td><\/tr><tr><td>10<\/td><td>Baianidade nag\u00f4<\/td><td>Evandro Rodrigues<\/td><\/tr><tr><td>11<\/td><td>Praieiro<\/td><td>Manno Goes<\/td><\/tr><tr><td>11<\/td><td>Deixa eu botar meu boneco<\/td><td>O Pol\u00eamico<\/td><\/tr><tr><td>12<\/td><td>Arer\u00ea<\/td><td>Gilson Babil\u00f4nia \/ Alaim Tavares<\/td><\/tr><tr><td>12<\/td><td>Arranh\u00e3o<\/td><td>Flavinho Do Kadet \/ Felipe Kef \/ Felipe Marins \/ Nudoze \/ Kaique Kef \/ Edson Garcia<\/td><\/tr><tr><td>13<\/td><td>Anuncia\u00e7\u00e3o<\/td><td>Alceu Valenca<\/td><\/tr><tr><td>14<\/td><td>Ai preto<\/td><td>Michael Cewan \/ L7nnon \/ Biel Do Furduncinho<\/td><\/tr><tr><td rowspan=\"2\">15<\/td><td>Evid\u00eancias<\/td><td>Jos\u00e9 Augusto \/ Paulo Sergio Valle<\/td><\/tr><tr><td>Rol\u00ea<\/td><td>Tarcisio do Acordeon \/ Dj Ivis<\/td><\/tr><tr><td>16<\/td><td>Prefixo de ver\u00e3o<\/td><td>Beto Silva<\/td><\/tr><tr><td rowspan=\"2\">17<\/td><td>Melhor eu ir<\/td><td>Thiaguinho \/ Mr Dan<\/td><\/tr><tr><td>Pipoco<\/td><td>Chris No Beat \/ Leo Souzza \/ Rodolfo Alessi \/ Ana Castela \/ Mateus Felix \/ Gui Dias<\/td><\/tr><tr><td rowspan=\"2\">18<\/td><td>Fara\u00f3 divindade do Egito<\/td><td>Luciano Gomes<\/td><\/tr><tr><td>Toma toma vapo vapo<\/td><td>Vinicius O Poeta \/ Lucas Medeiros \/ Shylton \/ Mc Danny<\/td><\/tr><tr><td>19<\/td><td>Anna Julia<\/td><td>Marcelo Camelo<\/td><\/tr><tr><td>20<\/td><td>No ouvidinho<\/td><td>Pv Compositor \/ Felipe Amorim \/ Kaleb Junior \/ Pedro Padilha \/ Caio Sanfoneiro \/ Kadu Martins<\/td><\/tr><\/tbody><\/table><figcaption class=\"wp-element-caption\"><sub>Ecad<\/sub><\/figcaption><\/figure>\n","protected":false},"excerpt":{"rendered":"<p>Sucesso! Em 1975, o International Music Council, organiza\u00e7\u00e3o n\u00e3o governamental fundada com o apoio da UNESCO, estipulou que todo dia 1\u00ba de outubro seria festejado o Dia Internacional da M\u00fasica. Uma maneira de lembrar e festejar a for\u00e7a da m\u00fasica como s\u00edmbolo de propaga\u00e7\u00e3o de paz, amizade e cultura. Aproveitando a data, comemorada no \u00faltimo [&hellip;]<\/p>\n","protected":false},"author":2,"featured_media":70258,"comment_status":"open","ping_status":"open","sticky":false,"template":"","format":"standard","meta":{"_acf_changed":false,"_monsterinsights_skip_tracking":false,"_monsterinsights_sitenote_active":false,"_monsterinsights_sitenote_note":"","_monsterinsights_sitenote_category":0,"_jetpack_memberships_contains_paid_content":false,"footnotes":"","jetpack_publicize_message":"","jetpack_publicize_feature_enabled":true,"jetpack_social_post_already_shared":true,"jetpack_social_options":{"image_generator_settings":{"template":"highway","default_image_id":0,"font":"","enabled":false},"version":2}},"categories":[8],"tags":[],"class_list":["post-76900","post","type-post","status-publish","format-standard","has-post-thumbnail","hentry","category-cultura"],"acf":[],"jetpack_publicize_connections":[],"jetpack_featured_media_url":"https:\/\/i0.wp.com\/blogdoeloiltoncajuhy.com.br\/site\/wp-content\/uploads\/2022\/11\/ivete-by-cacau-mangabeira.webp?fit=984%2C656&ssl=1","jetpack_sharing_enabled":true,"publishpress_future_workflow_manual_trigger":{"enabledWorkflows":[]},"_links":{"self":[{"href":"https:\/\/blogdoeloiltoncajuhy.com.br\/site\/wp-json\/wp\/v2\/posts\/76900","targetHints":{"allow":["GET"]}}],"collection":[{"href":"https:\/\/blogdoeloiltoncajuhy.com.br\/site\/wp-json\/wp\/v2\/posts"}],"about":[{"href":"https:\/\/blogdoeloiltoncajuhy.com.br\/site\/wp-json\/wp\/v2\/types\/post"}],"author":[{"embeddable":true,"href":"https:\/\/blogdoeloiltoncajuhy.com.br\/site\/wp-json\/wp\/v2\/users\/2"}],"replies":[{"embeddable":true,"href":"https:\/\/blogdoeloiltoncajuhy.com.br\/site\/wp-json\/wp\/v2\/comments?post=76900"}],"version-history":[{"count":2,"href":"https:\/\/blogdoeloiltoncajuhy.com.br\/site\/wp-json\/wp\/v2\/posts\/76900\/revisions"}],"predecessor-version":[{"id":76903,"href":"https:\/\/blogdoeloiltoncajuhy.com.br\/site\/wp-json\/wp\/v2\/posts\/76900\/revisions\/76903"}],"wp:featuredmedia":[{"embeddable":true,"href":"https:\/\/blogdoeloiltoncajuhy.com.br\/site\/wp-json\/wp\/v2\/media\/70258"}],"wp:attachment":[{"href":"https:\/\/blogdoeloiltoncajuhy.com.br\/site\/wp-json\/wp\/v2\/media?parent=76900"}],"wp:term":[{"taxonomy":"category","embeddable":true,"href":"https:\/\/blogdoeloiltoncajuhy.com.br\/site\/wp-json\/wp\/v2\/categories?post=76900"},{"taxonomy":"post_tag","embeddable":true,"href":"https:\/\/blogdoeloiltoncajuhy.com.br\/site\/wp-json\/wp\/v2\/tags?post=76900"}],"curies":[{"name":"wp","href":"https:\/\/api.w.org\/{rel}","templated":true}]}}