{"id":76893,"date":"2023-10-04T15:10:00","date_gmt":"2023-10-04T18:10:00","guid":{"rendered":"https:\/\/blogdoeloiltoncajuhy.com.br\/site\/?p=76893"},"modified":"2023-10-04T15:10:02","modified_gmt":"2023-10-04T18:10:02","slug":"caminhada-pela-vida-e-contra-o-aborto-sera-realizada-neste-domingo-08-em-bonfim","status":"publish","type":"post","link":"https:\/\/blogdoeloiltoncajuhy.com.br\/site\/caminhada-pela-vida-e-contra-o-aborto-sera-realizada-neste-domingo-08-em-bonfim\/","title":{"rendered":"Caminhada pela Vida e Contra o Aborto ser\u00e1 realizada neste domingo (08) em Bonfim"},"content":{"rendered":"\n<p><strong>Blog do Eloilton Cajuhy<\/strong><\/p>\n\n\n\n<figure class=\"wp-block-image aligncenter size-full\"><a href=\"https:\/\/i0.wp.com\/blogdoeloiltoncajuhy.com.br\/site\/wp-content\/uploads\/2023\/10\/Mulher-gravida_041023.jpg?ssl=1\"><img data-recalc-dims=\"1\" fetchpriority=\"high\" decoding=\"async\" width=\"613\" height=\"532\" src=\"https:\/\/i0.wp.com\/blogdoeloiltoncajuhy.com.br\/site\/wp-content\/uploads\/2023\/10\/Mulher-gravida_041023.jpg?resize=613%2C532&#038;ssl=1\" alt=\"\" class=\"wp-image-76894\" srcset=\"https:\/\/i0.wp.com\/blogdoeloiltoncajuhy.com.br\/site\/wp-content\/uploads\/2023\/10\/Mulher-gravida_041023.jpg?w=613&amp;ssl=1 613w, https:\/\/i0.wp.com\/blogdoeloiltoncajuhy.com.br\/site\/wp-content\/uploads\/2023\/10\/Mulher-gravida_041023.jpg?resize=300%2C260&amp;ssl=1 300w\" sizes=\"(max-width: 613px) 100vw, 613px\" \/><\/a><figcaption class=\"wp-element-caption\"><sub>Reprodu\u00e7\u00e3o<\/sub><\/figcaption><\/figure>\n\n\n\n<p>Nesta Semana Nacional de Defesa e Promo\u00e7\u00e3o da Vida, os cidad\u00e3os de Senhor do Bonfim se unem a diversas outras cidades brasileiras para mostrar seu apoio \u00e0 vida em todas as suas fases.<\/p>\n\n\n\n<p>Conforme divulgado pela Par\u00f3quia do Senhor do Bonfim, realizadora do evento, a atividade ser\u00e1 neste domingo, (08), a partir das 9h, reunindo cat\u00f3licos e demais pessoas com um \u00fanico objetivo: manifestar sua contrariedade \u00e0 tentativa do STF de legalizar o aborto fora das hip\u00f3teses j\u00e1 previstas na legisla\u00e7\u00e3o brasileira e proteger as crian\u00e7as que ainda habitam o ventre de suas m\u00e3es.<\/p>\n\n\n\n<figure class=\"wp-block-image aligncenter size-full\"><a href=\"https:\/\/i0.wp.com\/blogdoeloiltoncajuhy.com.br\/site\/wp-content\/uploads\/2023\/10\/Bonfim_Caminhada-pela-vida-e-081023.jpg?ssl=1\"><img data-recalc-dims=\"1\" decoding=\"async\" width=\"600\" height=\"600\" src=\"https:\/\/i0.wp.com\/blogdoeloiltoncajuhy.com.br\/site\/wp-content\/uploads\/2023\/10\/Bonfim_Caminhada-pela-vida-e-081023.jpg?resize=600%2C600&#038;ssl=1\" alt=\"\" class=\"wp-image-76895\" srcset=\"https:\/\/i0.wp.com\/blogdoeloiltoncajuhy.com.br\/site\/wp-content\/uploads\/2023\/10\/Bonfim_Caminhada-pela-vida-e-081023.jpg?w=600&amp;ssl=1 600w, https:\/\/i0.wp.com\/blogdoeloiltoncajuhy.com.br\/site\/wp-content\/uploads\/2023\/10\/Bonfim_Caminhada-pela-vida-e-081023.jpg?resize=300%2C300&amp;ssl=1 300w, https:\/\/i0.wp.com\/blogdoeloiltoncajuhy.com.br\/site\/wp-content\/uploads\/2023\/10\/Bonfim_Caminhada-pela-vida-e-081023.jpg?resize=150%2C150&amp;ssl=1 150w\" sizes=\"(max-width: 600px) 100vw, 600px\" \/><\/a><figcaption class=\"wp-element-caption\"><sub>Evento vai acontecer no domingo, 08 de outubro<\/sub><\/figcaption><\/figure>\n\n\n\n<p>O in\u00edcio da Caminhada ser\u00e1 em frente a Catedral. O encerramento ser\u00e1 no mesmo local, com a Eucaristia, ap\u00f3s percorrer as ruas da cidade. Na oportunidade, a par\u00f3quia informa que as missas das 7h, 9h e 19h do domingo estar\u00e3o suspensas por conta da 1\u00aa Caminhada pela Vida.<\/p>\n\n\n\n<p>Todos os movimentos da Igreja est\u00e3o sendo convidados para este grande momento de defesa pela vida. Os participantes s\u00e3o orientados a portarem cartazes, faixas, bal\u00f5es, ter\u00e7os e a vestirem roupas brancas. Crian\u00e7as podem participar com suas bicicletas e protegidas com filtro protetor solar UV e camisas.<\/p>\n","protected":false},"excerpt":{"rendered":"<p>Blog do Eloilton Cajuhy Nesta Semana Nacional de Defesa e Promo\u00e7\u00e3o da Vida, os cidad\u00e3os de Senhor do Bonfim se unem a diversas outras cidades brasileiras para mostrar seu apoio \u00e0 vida em todas as suas fases. Conforme divulgado pela Par\u00f3quia do Senhor do Bonfim, realizadora do evento, a atividade ser\u00e1 neste domingo, (08), a [&hellip;]<\/p>\n","protected":false},"author":2,"featured_media":23136,"comment_status":"open","ping_status":"open","sticky":false,"template":"","format":"standard","meta":{"_acf_changed":false,"_monsterinsights_skip_tracking":false,"_monsterinsights_sitenote_active":false,"_monsterinsights_sitenote_note":"","_monsterinsights_sitenote_category":0,"_jetpack_memberships_contains_paid_content":false,"footnotes":"","jetpack_publicize_message":"","jetpack_publicize_feature_enabled":true,"jetpack_social_post_already_shared":true,"jetpack_social_options":{"image_generator_settings":{"template":"highway","default_image_id":0,"font":"","enabled":false},"version":2}},"categories":[4],"tags":[],"class_list":["post-76893","post","type-post","status-publish","format-standard","has-post-thumbnail","hentry","category-local"],"acf":[],"jetpack_publicize_connections":[],"jetpack_featured_media_url":"https:\/\/i0.wp.com\/blogdoeloiltoncajuhy.com.br\/site\/wp-content\/uploads\/2018\/02\/mulher-gr%C3%A1vida945.jpg?fit=560%2C373&ssl=1","jetpack_sharing_enabled":true,"publishpress_future_workflow_manual_trigger":{"enabledWorkflows":[]},"_links":{"self":[{"href":"https:\/\/blogdoeloiltoncajuhy.com.br\/site\/wp-json\/wp\/v2\/posts\/76893","targetHints":{"allow":["GET"]}}],"collection":[{"href":"https:\/\/blogdoeloiltoncajuhy.com.br\/site\/wp-json\/wp\/v2\/posts"}],"about":[{"href":"https:\/\/blogdoeloiltoncajuhy.com.br\/site\/wp-json\/wp\/v2\/types\/post"}],"author":[{"embeddable":true,"href":"https:\/\/blogdoeloiltoncajuhy.com.br\/site\/wp-json\/wp\/v2\/users\/2"}],"replies":[{"embeddable":true,"href":"https:\/\/blogdoeloiltoncajuhy.com.br\/site\/wp-json\/wp\/v2\/comments?post=76893"}],"version-history":[{"count":1,"href":"https:\/\/blogdoeloiltoncajuhy.com.br\/site\/wp-json\/wp\/v2\/posts\/76893\/revisions"}],"predecessor-version":[{"id":76896,"href":"https:\/\/blogdoeloiltoncajuhy.com.br\/site\/wp-json\/wp\/v2\/posts\/76893\/revisions\/76896"}],"wp:featuredmedia":[{"embeddable":true,"href":"https:\/\/blogdoeloiltoncajuhy.com.br\/site\/wp-json\/wp\/v2\/media\/23136"}],"wp:attachment":[{"href":"https:\/\/blogdoeloiltoncajuhy.com.br\/site\/wp-json\/wp\/v2\/media?parent=76893"}],"wp:term":[{"taxonomy":"category","embeddable":true,"href":"https:\/\/blogdoeloiltoncajuhy.com.br\/site\/wp-json\/wp\/v2\/categories?post=76893"},{"taxonomy":"post_tag","embeddable":true,"href":"https:\/\/blogdoeloiltoncajuhy.com.br\/site\/wp-json\/wp\/v2\/tags?post=76893"}],"curies":[{"name":"wp","href":"https:\/\/api.w.org\/{rel}","templated":true}]}}