{"id":76890,"date":"2023-10-04T14:26:49","date_gmt":"2023-10-04T17:26:49","guid":{"rendered":"https:\/\/blogdoeloiltoncajuhy.com.br\/site\/?p=76890"},"modified":"2023-10-04T14:27:28","modified_gmt":"2023-10-04T17:27:28","slug":"sismusb-cobra-da-prefeitura-de-bonfim-pagamento-do-piso-da-enfermagem","status":"publish","type":"post","link":"https:\/\/blogdoeloiltoncajuhy.com.br\/site\/sismusb-cobra-da-prefeitura-de-bonfim-pagamento-do-piso-da-enfermagem\/","title":{"rendered":"Sismusb cobra da Prefeitura de Bonfim pagamento do Piso da Enfermagem"},"content":{"rendered":"\n<p><strong>Blog do Eloilton Cajuhy<\/strong><\/p>\n\n\n\n<figure class=\"wp-block-image aligncenter size-full\"><a href=\"https:\/\/i0.wp.com\/blogdoeloiltoncajuhy.com.br\/site\/wp-content\/uploads\/2023\/10\/Sismusb_Niver-NotaPisoEnfermagem-E_041023.jpg?ssl=1\"><img data-recalc-dims=\"1\" fetchpriority=\"high\" decoding=\"async\" width=\"650\" height=\"650\" src=\"https:\/\/i0.wp.com\/blogdoeloiltoncajuhy.com.br\/site\/wp-content\/uploads\/2023\/10\/Sismusb_Niver-NotaPisoEnfermagem-E_041023.jpg?resize=650%2C650&#038;ssl=1\" alt=\"\" class=\"wp-image-76891\" srcset=\"https:\/\/i0.wp.com\/blogdoeloiltoncajuhy.com.br\/site\/wp-content\/uploads\/2023\/10\/Sismusb_Niver-NotaPisoEnfermagem-E_041023.jpg?w=650&amp;ssl=1 650w, https:\/\/i0.wp.com\/blogdoeloiltoncajuhy.com.br\/site\/wp-content\/uploads\/2023\/10\/Sismusb_Niver-NotaPisoEnfermagem-E_041023.jpg?resize=300%2C300&amp;ssl=1 300w, https:\/\/i0.wp.com\/blogdoeloiltoncajuhy.com.br\/site\/wp-content\/uploads\/2023\/10\/Sismusb_Niver-NotaPisoEnfermagem-E_041023.jpg?resize=150%2C150&amp;ssl=1 150w\" sizes=\"(max-width: 650px) 100vw, 650px\" \/><\/a><figcaption class=\"wp-element-caption\"><sub>Divulga\u00e7\u00e3o \/ Sismusb<\/sub><\/figcaption><\/figure>\n\n\n\n<p>O Sindicato dos Servidores P\u00fablicos Municipais de Senhor do Bonfim (Sismusb) publicou nota nesta quarta-feira (04) cobrando da Prefeitura Municipal o pagamento do Piso Nacional de Enfermagem. De acordo com o sindicato, o Governo Federal j\u00e1 repassou para o munic\u00edpio os recursos para o pagamento da primeira e da segunda parcela, incluindo os retroativo.<\/p>\n\n\n\n<p class=\"has-black-color has-text-color has-medium-font-size\"><strong>Confira a nota do Sismusb<\/strong><\/p>\n\n\n\n<p><em>Quando finalmente a enfermagem conquista o direito ao piso salarial, o sonho mais uma vez continua adiado. Isso porque a gest\u00e3o municipal de Senhor do Bonfim encaminhou o projeto de lei necess\u00e1rio para regulamenta\u00e7\u00e3o do pagamento no \u00e2mbito municipal h\u00e1 tr\u00eas semanas repleto de erros e inconsist\u00eancias que motivaram o envio de outro projeto esta semana, retardando todo o tr\u00e2mite legal, embora a Uni\u00e3o j\u00e1 tenha transferido a primeira e a segunda parcela dos recursos, incluindo retroativos, que j\u00e1 est\u00e3o dispon\u00edveis nos cofres.<\/em><\/p>\n\n\n\n<p><em>Indo na contram\u00e3o de outros munic\u00edpios da regi\u00e3o que j\u00e1 pagaram o piso salarial da categoria, enfermeiros, t\u00e9cnicos e auxiliares de enfermagem de Senhor do Bonfim continuam na expectativa de um dia serem reconhecidos n\u00e3o somente em discursos, mas serem valorizados de fato e de direito, com o piso salarial no contracheque e um ambiente de trabalho digno, sem persegui\u00e7\u00f5es ou coa\u00e7\u00f5es. A enfermagem bonfinense merece respeito!<\/em><\/p>\n","protected":false},"excerpt":{"rendered":"<p>Blog do Eloilton Cajuhy O Sindicato dos Servidores P\u00fablicos Municipais de Senhor do Bonfim (Sismusb) publicou nota nesta quarta-feira (04) cobrando da Prefeitura Municipal o pagamento do Piso Nacional de Enfermagem. De acordo com o sindicato, o Governo Federal j\u00e1 repassou para o munic\u00edpio os recursos para o pagamento da primeira e da segunda parcela, [&hellip;]<\/p>\n","protected":false},"author":2,"featured_media":76891,"comment_status":"open","ping_status":"open","sticky":false,"template":"","format":"standard","meta":{"_acf_changed":false,"_monsterinsights_skip_tracking":false,"_monsterinsights_sitenote_active":false,"_monsterinsights_sitenote_note":"","_monsterinsights_sitenote_category":0,"_jetpack_memberships_contains_paid_content":false,"footnotes":"","jetpack_publicize_message":"","jetpack_publicize_feature_enabled":true,"jetpack_social_post_already_shared":true,"jetpack_social_options":{"image_generator_settings":{"template":"highway","default_image_id":0,"font":"","enabled":false},"version":2}},"categories":[4],"tags":[],"class_list":["post-76890","post","type-post","status-publish","format-standard","has-post-thumbnail","hentry","category-local"],"acf":[],"jetpack_publicize_connections":[],"jetpack_featured_media_url":"https:\/\/i0.wp.com\/blogdoeloiltoncajuhy.com.br\/site\/wp-content\/uploads\/2023\/10\/Sismusb_Niver-NotaPisoEnfermagem-E_041023.jpg?fit=650%2C650&ssl=1","jetpack_sharing_enabled":true,"publishpress_future_workflow_manual_trigger":{"enabledWorkflows":[]},"_links":{"self":[{"href":"https:\/\/blogdoeloiltoncajuhy.com.br\/site\/wp-json\/wp\/v2\/posts\/76890","targetHints":{"allow":["GET"]}}],"collection":[{"href":"https:\/\/blogdoeloiltoncajuhy.com.br\/site\/wp-json\/wp\/v2\/posts"}],"about":[{"href":"https:\/\/blogdoeloiltoncajuhy.com.br\/site\/wp-json\/wp\/v2\/types\/post"}],"author":[{"embeddable":true,"href":"https:\/\/blogdoeloiltoncajuhy.com.br\/site\/wp-json\/wp\/v2\/users\/2"}],"replies":[{"embeddable":true,"href":"https:\/\/blogdoeloiltoncajuhy.com.br\/site\/wp-json\/wp\/v2\/comments?post=76890"}],"version-history":[{"count":1,"href":"https:\/\/blogdoeloiltoncajuhy.com.br\/site\/wp-json\/wp\/v2\/posts\/76890\/revisions"}],"predecessor-version":[{"id":76892,"href":"https:\/\/blogdoeloiltoncajuhy.com.br\/site\/wp-json\/wp\/v2\/posts\/76890\/revisions\/76892"}],"wp:featuredmedia":[{"embeddable":true,"href":"https:\/\/blogdoeloiltoncajuhy.com.br\/site\/wp-json\/wp\/v2\/media\/76891"}],"wp:attachment":[{"href":"https:\/\/blogdoeloiltoncajuhy.com.br\/site\/wp-json\/wp\/v2\/media?parent=76890"}],"wp:term":[{"taxonomy":"category","embeddable":true,"href":"https:\/\/blogdoeloiltoncajuhy.com.br\/site\/wp-json\/wp\/v2\/categories?post=76890"},{"taxonomy":"post_tag","embeddable":true,"href":"https:\/\/blogdoeloiltoncajuhy.com.br\/site\/wp-json\/wp\/v2\/tags?post=76890"}],"curies":[{"name":"wp","href":"https:\/\/api.w.org\/{rel}","templated":true}]}}