{"id":76887,"date":"2023-10-04T09:30:57","date_gmt":"2023-10-04T12:30:57","guid":{"rendered":"https:\/\/blogdoeloiltoncajuhy.com.br\/site\/?p=76887"},"modified":"2023-10-04T09:31:00","modified_gmt":"2023-10-04T12:31:00","slug":"senado-aprova-pensao-especial-para-filhos-de-vitimas-de-feminicidio","status":"publish","type":"post","link":"https:\/\/blogdoeloiltoncajuhy.com.br\/site\/senado-aprova-pensao-especial-para-filhos-de-vitimas-de-feminicidio\/","title":{"rendered":"Senado aprova pens\u00e3o especial para filhos de v\u00edtimas de feminic\u00eddio"},"content":{"rendered":"\n<p class=\"has-text-align-center has-medium-font-size\"><strong>Texto segue para san\u00e7\u00e3o presidencial.<\/strong><\/p>\n\n\n\n<p><strong>Por Ag\u00eancia Brasil<\/strong><\/p>\n\n\n\n<figure class=\"wp-block-image aligncenter size-full\"><a href=\"https:\/\/i0.wp.com\/blogdoeloiltoncajuhy.com.br\/site\/wp-content\/uploads\/2023\/10\/Senado-Federal-Foto_Lula-Marques-Agencia-Brasil-E.jpg?ssl=1\"><img data-recalc-dims=\"1\" fetchpriority=\"high\" decoding=\"async\" width=\"700\" height=\"419\" src=\"https:\/\/i0.wp.com\/blogdoeloiltoncajuhy.com.br\/site\/wp-content\/uploads\/2023\/10\/Senado-Federal-Foto_Lula-Marques-Agencia-Brasil-E.jpg?resize=700%2C419&#038;ssl=1\" alt=\"\" class=\"wp-image-76888\" srcset=\"https:\/\/i0.wp.com\/blogdoeloiltoncajuhy.com.br\/site\/wp-content\/uploads\/2023\/10\/Senado-Federal-Foto_Lula-Marques-Agencia-Brasil-E.jpg?w=700&amp;ssl=1 700w, https:\/\/i0.wp.com\/blogdoeloiltoncajuhy.com.br\/site\/wp-content\/uploads\/2023\/10\/Senado-Federal-Foto_Lula-Marques-Agencia-Brasil-E.jpg?resize=300%2C180&amp;ssl=1 300w\" sizes=\"(max-width: 700px) 100vw, 700px\" \/><\/a><figcaption class=\"wp-element-caption\"><sub>Senado Federal &#8211; Foto: Lula Marques\/Ag\u00eancia Brasil<\/sub><\/figcaption><\/figure>\n\n\n\n<p>Os senadores aprovaram nesta ter\u00e7a-feira (3) a concess\u00e3o de pens\u00e3o especial a filhos e dependentes de v\u00edtimas de feminic\u00eddio. O benef\u00edcio ser\u00e1 pago a menores de 18 anos de idade de fam\u00edlia de baixa renda, no valor de um sal\u00e1rio m\u00ednimo, que ser\u00e1 dividido entre os filhos e dependentes. O texto segue para san\u00e7\u00e3o presidencial.<\/p>\n\n\n\n<p>Pelo Projeto de Lei 976\/2022, a fam\u00edlia do \u00f3rf\u00e3o dever\u00e1 ter renda familiar mensal per capital igual ou inferior a um quarto do sal\u00e1rio m\u00ednimo (R$ 330) para que seja feito o pagamento da pens\u00e3o especial.<\/p>\n\n\n\n<p>A pens\u00e3o pode ser paga antes da conclus\u00e3o do julgamento do crime. Caso a Justi\u00e7a n\u00e3o considere que houve feminic\u00eddio, o pagamento \u00e9 suspenso, sendo que os benefici\u00e1rios n\u00e3o ser\u00e3o obrigados a devolver os valores recebidos, desde que n\u00e3o seja comprovada m\u00e1-f\u00e9.<\/p>\n\n\n\n<p>O projeto impede que suspeito de cometer o feminic\u00eddio ou de coautoria do crime de receber ou administrar a pens\u00e3o em nome dos filhos.<\/p>\n\n\n\n<p>Outra proibi\u00e7\u00e3o \u00e9 acumular a pens\u00e3o com demais benef\u00edcios da Previd\u00eancia Social.<\/p>\n\n\n\n<p>Em 2022, o n\u00famero de feminic\u00eddios aumentou 6,1% em compara\u00e7\u00e3o ao ano anterior. Foram 1.437 mulheres mortas por serem mulheres. De acordo com o Anu\u00e1rio Brasileiro de Seguran\u00e7a P\u00fablica 2023, do F\u00f3rum Brasileiro de Seguran\u00e7a P\u00fablica, houve crescimento de todas as formas de viol\u00eancia contra a mulher.<\/p>\n\n\n\n<p><em>*Com informa\u00e7\u00f5es da Ag\u00eancia Senado<\/em><\/p>\n","protected":false},"excerpt":{"rendered":"<p>Texto segue para san\u00e7\u00e3o presidencial. Por Ag\u00eancia Brasil Os senadores aprovaram nesta ter\u00e7a-feira (3) a concess\u00e3o de pens\u00e3o especial a filhos e dependentes de v\u00edtimas de feminic\u00eddio. O benef\u00edcio ser\u00e1 pago a menores de 18 anos de idade de fam\u00edlia de baixa renda, no valor de um sal\u00e1rio m\u00ednimo, que ser\u00e1 dividido entre os filhos [&hellip;]<\/p>\n","protected":false},"author":2,"featured_media":76888,"comment_status":"open","ping_status":"open","sticky":false,"template":"","format":"standard","meta":{"_acf_changed":false,"_monsterinsights_skip_tracking":false,"_monsterinsights_sitenote_active":false,"_monsterinsights_sitenote_note":"","_monsterinsights_sitenote_category":0,"_jetpack_memberships_contains_paid_content":false,"footnotes":"","jetpack_publicize_message":"","jetpack_publicize_feature_enabled":true,"jetpack_social_post_already_shared":true,"jetpack_social_options":{"image_generator_settings":{"template":"highway","default_image_id":0,"font":"","enabled":false},"version":2}},"categories":[3],"tags":[],"class_list":["post-76887","post","type-post","status-publish","format-standard","has-post-thumbnail","hentry","category-politica"],"acf":[],"jetpack_publicize_connections":[],"jetpack_featured_media_url":"https:\/\/i0.wp.com\/blogdoeloiltoncajuhy.com.br\/site\/wp-content\/uploads\/2023\/10\/Senado-Federal-Foto_Lula-Marques-Agencia-Brasil-E.jpg?fit=700%2C419&ssl=1","jetpack_sharing_enabled":true,"publishpress_future_workflow_manual_trigger":{"enabledWorkflows":[]},"_links":{"self":[{"href":"https:\/\/blogdoeloiltoncajuhy.com.br\/site\/wp-json\/wp\/v2\/posts\/76887","targetHints":{"allow":["GET"]}}],"collection":[{"href":"https:\/\/blogdoeloiltoncajuhy.com.br\/site\/wp-json\/wp\/v2\/posts"}],"about":[{"href":"https:\/\/blogdoeloiltoncajuhy.com.br\/site\/wp-json\/wp\/v2\/types\/post"}],"author":[{"embeddable":true,"href":"https:\/\/blogdoeloiltoncajuhy.com.br\/site\/wp-json\/wp\/v2\/users\/2"}],"replies":[{"embeddable":true,"href":"https:\/\/blogdoeloiltoncajuhy.com.br\/site\/wp-json\/wp\/v2\/comments?post=76887"}],"version-history":[{"count":1,"href":"https:\/\/blogdoeloiltoncajuhy.com.br\/site\/wp-json\/wp\/v2\/posts\/76887\/revisions"}],"predecessor-version":[{"id":76889,"href":"https:\/\/blogdoeloiltoncajuhy.com.br\/site\/wp-json\/wp\/v2\/posts\/76887\/revisions\/76889"}],"wp:featuredmedia":[{"embeddable":true,"href":"https:\/\/blogdoeloiltoncajuhy.com.br\/site\/wp-json\/wp\/v2\/media\/76888"}],"wp:attachment":[{"href":"https:\/\/blogdoeloiltoncajuhy.com.br\/site\/wp-json\/wp\/v2\/media?parent=76887"}],"wp:term":[{"taxonomy":"category","embeddable":true,"href":"https:\/\/blogdoeloiltoncajuhy.com.br\/site\/wp-json\/wp\/v2\/categories?post=76887"},{"taxonomy":"post_tag","embeddable":true,"href":"https:\/\/blogdoeloiltoncajuhy.com.br\/site\/wp-json\/wp\/v2\/tags?post=76887"}],"curies":[{"name":"wp","href":"https:\/\/api.w.org\/{rel}","templated":true}]}}