{"id":76883,"date":"2023-10-04T08:53:49","date_gmt":"2023-10-04T11:53:49","guid":{"rendered":"https:\/\/blogdoeloiltoncajuhy.com.br\/site\/?p=76883"},"modified":"2023-10-04T08:53:51","modified_gmt":"2023-10-04T11:53:51","slug":"univasf-realiza-palestra-no-campus-senhor-do-bonfim-em-alusao-ao-dia-de-luta-pela-democracia-brasileira-promovido-pela-andifes","status":"publish","type":"post","link":"https:\/\/blogdoeloiltoncajuhy.com.br\/site\/univasf-realiza-palestra-no-campus-senhor-do-bonfim-em-alusao-ao-dia-de-luta-pela-democracia-brasileira-promovido-pela-andifes\/","title":{"rendered":"Univasf realiza palestra no Campus Senhor do Bonfim em alus\u00e3o ao Dia de Luta pela Democracia Brasileira promovido pela Andifes"},"content":{"rendered":"\n<p><strong>Por Univasf<\/strong><\/p>\n\n\n\n<figure class=\"wp-block-image aligncenter size-full\"><a href=\"https:\/\/i0.wp.com\/blogdoeloiltoncajuhy.com.br\/site\/wp-content\/uploads\/2023\/10\/Bonfim_Dia-de-Luta-pela-Democracia-Brasileira-Univasf-E.jpg?ssl=1\"><img data-recalc-dims=\"1\" fetchpriority=\"high\" decoding=\"async\" width=\"600\" height=\"600\" src=\"https:\/\/i0.wp.com\/blogdoeloiltoncajuhy.com.br\/site\/wp-content\/uploads\/2023\/10\/Bonfim_Dia-de-Luta-pela-Democracia-Brasileira-Univasf-E.jpg?resize=600%2C600&#038;ssl=1\" alt=\"\" class=\"wp-image-76884\" srcset=\"https:\/\/i0.wp.com\/blogdoeloiltoncajuhy.com.br\/site\/wp-content\/uploads\/2023\/10\/Bonfim_Dia-de-Luta-pela-Democracia-Brasileira-Univasf-E.jpg?w=600&amp;ssl=1 600w, https:\/\/i0.wp.com\/blogdoeloiltoncajuhy.com.br\/site\/wp-content\/uploads\/2023\/10\/Bonfim_Dia-de-Luta-pela-Democracia-Brasileira-Univasf-E.jpg?resize=300%2C300&amp;ssl=1 300w, https:\/\/i0.wp.com\/blogdoeloiltoncajuhy.com.br\/site\/wp-content\/uploads\/2023\/10\/Bonfim_Dia-de-Luta-pela-Democracia-Brasileira-Univasf-E.jpg?resize=150%2C150&amp;ssl=1 150w\" sizes=\"(max-width: 600px) 100vw, 600px\" \/><\/a><\/figure>\n\n\n\n<p>Alertar a sociedade e educar, em especial os mais jovens, sobre os valores da democracia. \u00c9 com este objetivo que a Associa\u00e7\u00e3o Nacional dos Dirigentes das Institui\u00e7\u00f5es Federais de Ensino Superior (Andifes) promover\u00e1 o \u201cDia de Luta pela Democracia Brasileira\u201d. A partir deste ano, esta a\u00e7\u00e3o ser\u00e1 realizada anualmente no dia 5 de outubro, data da promulga\u00e7\u00e3o da Constitui\u00e7\u00e3o Federal de 1988.<\/p>\n\n\n\n<p>A Universidade Federal do Vale do S\u00e3o Francisco (Univasf) aderiu \u00e0 iniciativa e realizar\u00e1 palestra sobre o tema &#8220;Ditadura, Ci\u00eancia e Democracia: dos anos de chumbo ao tempo presente&#8221;, no audit\u00f3rio do Campus Senhor do Bonfim, nesta quinta-feira (5), \u00e0s 19h. Haver\u00e1 transmiss\u00e3o ao vivo pelo canal da TV Caatinga no Youtube.<\/p>\n\n\n\n<p>O evento \u00e9 aberto ao p\u00fablico, sem necessidade de inscri\u00e7\u00e3o pr\u00e9via. A palestra ser\u00e1 ministrada pelo professor do Colegiado de Ci\u00eancias da Natureza, do Campus Senhor do Bonfim, Jos\u00e9 Eduardo Ferraz Clemente. O docente pesquisa a ditadura militar no Brasil e publicou, em 2020, o livro \u201cCi\u00eancia e Pol\u00edtica durante a Ditadura Militar: o caso da comunidade de f\u00edsicos (1964-1979)\u201d, pela Sagga Editora.<\/p>\n\n\n\n<p>Na palestra, Clemente ir\u00e1 tra\u00e7ar uma linha do tempo da instaura\u00e7\u00e3o da ditadura no pa\u00eds, em 1964, at\u00e9 os dias atuais, destacando momentos marcantes, como a implanta\u00e7\u00e3o do Ato Institucional N\u00ba 5 (AI-5) e a tentativa de golpe de estado no dia 8 de janeiro de 2023. \u201cFarei uma reflex\u00e3o sobre os tempos da ditadura, a import\u00e2ncia dos valores da democracia e o desenvolvimento da ci\u00eancia nesse per\u00edodo e nos tempos democr\u00e1ticos\u201d, afirma o docente.<\/p>\n\n\n\n<p>A realiza\u00e7\u00e3o do Dia de Luta pela Democracia Brasileira \u00e9 uma iniciativa da Andifes em parceria com a Academia Brasileira de Ci\u00eancias (ABC), a Associa\u00e7\u00e3o Brasileira de Imprensa (ABI), a Sociedade Brasileira para o Progresso da Ci\u00eancia (SBPC) e outras entidades cient\u00edficas e da sociedade civil.<\/p>\n","protected":false},"excerpt":{"rendered":"<p>Por Univasf Alertar a sociedade e educar, em especial os mais jovens, sobre os valores da democracia. \u00c9 com este objetivo que a Associa\u00e7\u00e3o Nacional dos Dirigentes das Institui\u00e7\u00f5es Federais de Ensino Superior (Andifes) promover\u00e1 o \u201cDia de Luta pela Democracia Brasileira\u201d. A partir deste ano, esta a\u00e7\u00e3o ser\u00e1 realizada anualmente no dia 5 de [&hellip;]<\/p>\n","protected":false},"author":2,"featured_media":76885,"comment_status":"open","ping_status":"open","sticky":false,"template":"","format":"standard","meta":{"_acf_changed":false,"_monsterinsights_skip_tracking":false,"_monsterinsights_sitenote_active":false,"_monsterinsights_sitenote_note":"","_monsterinsights_sitenote_category":0,"_jetpack_memberships_contains_paid_content":false,"footnotes":"","jetpack_publicize_message":"","jetpack_publicize_feature_enabled":true,"jetpack_social_post_already_shared":true,"jetpack_social_options":{"image_generator_settings":{"template":"highway","default_image_id":0,"font":"","enabled":false},"version":2}},"categories":[4],"tags":[],"class_list":["post-76883","post","type-post","status-publish","format-standard","has-post-thumbnail","hentry","category-local"],"acf":[],"jetpack_publicize_connections":[],"jetpack_featured_media_url":"https:\/\/i0.wp.com\/blogdoeloiltoncajuhy.com.br\/site\/wp-content\/uploads\/2023\/10\/Dia-de-Luta-pela-Democracia-Brasileira-OUT23.png?fit=770%2C460&ssl=1","jetpack_sharing_enabled":true,"publishpress_future_workflow_manual_trigger":{"enabledWorkflows":[]},"_links":{"self":[{"href":"https:\/\/blogdoeloiltoncajuhy.com.br\/site\/wp-json\/wp\/v2\/posts\/76883","targetHints":{"allow":["GET"]}}],"collection":[{"href":"https:\/\/blogdoeloiltoncajuhy.com.br\/site\/wp-json\/wp\/v2\/posts"}],"about":[{"href":"https:\/\/blogdoeloiltoncajuhy.com.br\/site\/wp-json\/wp\/v2\/types\/post"}],"author":[{"embeddable":true,"href":"https:\/\/blogdoeloiltoncajuhy.com.br\/site\/wp-json\/wp\/v2\/users\/2"}],"replies":[{"embeddable":true,"href":"https:\/\/blogdoeloiltoncajuhy.com.br\/site\/wp-json\/wp\/v2\/comments?post=76883"}],"version-history":[{"count":1,"href":"https:\/\/blogdoeloiltoncajuhy.com.br\/site\/wp-json\/wp\/v2\/posts\/76883\/revisions"}],"predecessor-version":[{"id":76886,"href":"https:\/\/blogdoeloiltoncajuhy.com.br\/site\/wp-json\/wp\/v2\/posts\/76883\/revisions\/76886"}],"wp:featuredmedia":[{"embeddable":true,"href":"https:\/\/blogdoeloiltoncajuhy.com.br\/site\/wp-json\/wp\/v2\/media\/76885"}],"wp:attachment":[{"href":"https:\/\/blogdoeloiltoncajuhy.com.br\/site\/wp-json\/wp\/v2\/media?parent=76883"}],"wp:term":[{"taxonomy":"category","embeddable":true,"href":"https:\/\/blogdoeloiltoncajuhy.com.br\/site\/wp-json\/wp\/v2\/categories?post=76883"},{"taxonomy":"post_tag","embeddable":true,"href":"https:\/\/blogdoeloiltoncajuhy.com.br\/site\/wp-json\/wp\/v2\/tags?post=76883"}],"curies":[{"name":"wp","href":"https:\/\/api.w.org\/{rel}","templated":true}]}}