{"id":76824,"date":"2023-10-01T21:59:35","date_gmt":"2023-10-02T00:59:35","guid":{"rendered":"https:\/\/blogdoeloiltoncajuhy.com.br\/site\/?p=76824"},"modified":"2023-10-01T21:59:38","modified_gmt":"2023-10-02T00:59:38","slug":"rompimento-de-adilberto-evangelista-com-o-grupo-do-prefeito-renato-brandao-agita-politica-de-andorinha","status":"publish","type":"post","link":"https:\/\/blogdoeloiltoncajuhy.com.br\/site\/rompimento-de-adilberto-evangelista-com-o-grupo-do-prefeito-renato-brandao-agita-politica-de-andorinha\/","title":{"rendered":"Rompimento de Adilberto Evangelista com o grupo do Prefeito Renato Brand\u00e3o agita pol\u00edtica de Andorinha"},"content":{"rendered":"\n<p><strong>Blog do Eloilton Cajuhy<\/strong><\/p>\n\n\n\n<figure class=\"wp-block-gallery aligncenter has-nested-images columns-default is-cropped wp-block-gallery-1 is-layout-flex wp-block-gallery-is-layout-flex\">\n<figure class=\"wp-block-image size-large\"><a href=\"https:\/\/i0.wp.com\/blogdoeloiltoncajuhy.com.br\/site\/wp-content\/uploads\/2023\/10\/Renato-Brandao-011023.jpeg?ssl=1\"><img data-recalc-dims=\"1\" fetchpriority=\"high\" decoding=\"async\" width=\"595\" height=\"608\" data-id=\"76825\" src=\"https:\/\/i0.wp.com\/blogdoeloiltoncajuhy.com.br\/site\/wp-content\/uploads\/2023\/10\/Renato-Brandao-011023.jpeg?resize=595%2C608&#038;ssl=1\" alt=\"\" class=\"wp-image-76825\" srcset=\"https:\/\/i0.wp.com\/blogdoeloiltoncajuhy.com.br\/site\/wp-content\/uploads\/2023\/10\/Renato-Brandao-011023.jpeg?w=595&amp;ssl=1 595w, https:\/\/i0.wp.com\/blogdoeloiltoncajuhy.com.br\/site\/wp-content\/uploads\/2023\/10\/Renato-Brandao-011023.jpeg?resize=294%2C300&amp;ssl=1 294w\" sizes=\"(max-width: 595px) 100vw, 595px\" \/><\/a><figcaption class=\"wp-element-caption\"><sub>Reprodu\u00e7\u00e3o \/ Facebook<\/sub><\/figcaption><\/figure>\n\n\n\n<figure class=\"wp-block-image size-large\"><a href=\"https:\/\/i0.wp.com\/blogdoeloiltoncajuhy.com.br\/site\/wp-content\/uploads\/2023\/10\/Adilberto-Evangelista-e-011023.jpg?ssl=1\"><img data-recalc-dims=\"1\" decoding=\"async\" width=\"600\" height=\"637\" data-id=\"76826\" src=\"https:\/\/i0.wp.com\/blogdoeloiltoncajuhy.com.br\/site\/wp-content\/uploads\/2023\/10\/Adilberto-Evangelista-e-011023.jpg?resize=600%2C637&#038;ssl=1\" alt=\"\" class=\"wp-image-76826\" srcset=\"https:\/\/i0.wp.com\/blogdoeloiltoncajuhy.com.br\/site\/wp-content\/uploads\/2023\/10\/Adilberto-Evangelista-e-011023.jpg?w=600&amp;ssl=1 600w, https:\/\/i0.wp.com\/blogdoeloiltoncajuhy.com.br\/site\/wp-content\/uploads\/2023\/10\/Adilberto-Evangelista-e-011023.jpg?resize=283%2C300&amp;ssl=1 283w\" sizes=\"(max-width: 600px) 100vw, 600px\" \/><\/a><figcaption class=\"wp-element-caption\"><sub>Reprodu\u00e7\u00e3o \/ Facebook<\/sub><\/figcaption><\/figure>\n<\/figure>\n\n\n\n<p>Embora na pol\u00edtica nada seja imposs\u00edvel, o rompimento do ent\u00e3o secret\u00e1rio de Cultura, Desporto e Turismo do munic\u00edpio de Andorinha, Adilberto Evangelista, com o grupo do Prefeito Renato Brand\u00e3o, causou grande surpresa na \u00faltima sexta-feira, dia 29 de setembro.<\/p>\n\n\n\n<p>At\u00e9 ent\u00e3o considerado um dos nomes mais fortes para ser o indicado de Renato para disputar as elei\u00e7\u00f5es municipais do pr\u00f3ximo ano, Adilberto anunciou sua sa\u00edda do governo em v\u00eddeo publicado nas redes sociais em Andorinha. N\u00e3o revelou os motivos de sua decis\u00e3o, mas deixou claro seu desejo de disputar as elei\u00e7\u00f5es de 2024 na condi\u00e7\u00e3o de pr\u00e9 candidato a prefeito daquele munic\u00edpio.<\/p>\n\n\n\n<p>Um fato causou estranheza nas pessoas que tiveram acesso ao v\u00eddeo: Em nenhum momento, Adilberto Evangelista mencionou o nome do Prefeito Renato Brand\u00e3o, que teria sido o principal articulador para a entrada dele no grupo do ent\u00e3o l\u00edder pol\u00edtico Z\u00e9 Branco, falecido em janeiro de 2022, deixando seu legado pol\u00edtico com Renato.<\/p>\n\n\n\n<p>Ao se eleger prefeito de Andorinha nas elei\u00e7\u00f5es de 2016, Renato Brand\u00e3o convidou Adilberto para ser o secret\u00e1rio de Administra\u00e7\u00e3o, cargo que ocupou at\u00e9 o final do primeiro mandato de Brand\u00e3o. Ap\u00f3s se reeleger em 2020, Renato manteve Adilberto Evangelista no seu governo, agora como secret\u00e1rio de Cultura, Desporto e Turismo.<\/p>\n\n\n\n<p>Diante de um cen\u00e1rio inesperado, a popula\u00e7\u00e3o de Andorinha se questiona o que teria motivado Adilberto Evangelista a deixar o governo e o grupo de Renato Brand\u00e3o. Quais os pr\u00f3ximos passos de Evangelista na pol\u00edtica andorinhense? Como conduzir um projeto pol\u00edtico sem grupo e sem liga\u00e7\u00e3o com a administra\u00e7\u00e3o?<\/p>\n\n\n\n<p>Do outro lado, qual o sentimento do prefeito Renato Brand\u00e3o, diante deste epis\u00f3dio? Ter\u00e1 mais facilidade para escolher o indicado para a disputa eleitoral vindoura, com a aus\u00eancia de Adilberto do grupo?<\/p>\n\n\n\n<p>S\u00f3 o tempo responder\u00e1 todas as perguntas.<\/p>\n","protected":false},"excerpt":{"rendered":"<p>Blog do Eloilton Cajuhy Embora na pol\u00edtica nada seja imposs\u00edvel, o rompimento do ent\u00e3o secret\u00e1rio de Cultura, Desporto e Turismo do munic\u00edpio de Andorinha, Adilberto Evangelista, com o grupo do Prefeito Renato Brand\u00e3o, causou grande surpresa na \u00faltima sexta-feira, dia 29 de setembro. At\u00e9 ent\u00e3o considerado um dos nomes mais fortes para ser o indicado [&hellip;]<\/p>\n","protected":false},"author":2,"featured_media":57194,"comment_status":"open","ping_status":"open","sticky":false,"template":"","format":"standard","meta":{"_acf_changed":false,"_monsterinsights_skip_tracking":false,"_monsterinsights_sitenote_active":false,"_monsterinsights_sitenote_note":"","_monsterinsights_sitenote_category":0,"_jetpack_memberships_contains_paid_content":false,"footnotes":"","jetpack_publicize_message":"","jetpack_publicize_feature_enabled":true,"jetpack_social_post_already_shared":true,"jetpack_social_options":{"image_generator_settings":{"template":"highway","default_image_id":0,"font":"","enabled":false},"version":2}},"categories":[11],"tags":[],"class_list":["post-76824","post","type-post","status-publish","format-standard","has-post-thumbnail","hentry","category-regional"],"acf":[],"jetpack_publicize_connections":[],"jetpack_featured_media_url":"https:\/\/i0.wp.com\/blogdoeloiltoncajuhy.com.br\/site\/wp-content\/uploads\/2021\/06\/ANDORINHA-FOTO-ARQUIVO.png?fit=1079%2C1074&ssl=1","jetpack_sharing_enabled":true,"publishpress_future_workflow_manual_trigger":{"enabledWorkflows":[]},"_links":{"self":[{"href":"https:\/\/blogdoeloiltoncajuhy.com.br\/site\/wp-json\/wp\/v2\/posts\/76824","targetHints":{"allow":["GET"]}}],"collection":[{"href":"https:\/\/blogdoeloiltoncajuhy.com.br\/site\/wp-json\/wp\/v2\/posts"}],"about":[{"href":"https:\/\/blogdoeloiltoncajuhy.com.br\/site\/wp-json\/wp\/v2\/types\/post"}],"author":[{"embeddable":true,"href":"https:\/\/blogdoeloiltoncajuhy.com.br\/site\/wp-json\/wp\/v2\/users\/2"}],"replies":[{"embeddable":true,"href":"https:\/\/blogdoeloiltoncajuhy.com.br\/site\/wp-json\/wp\/v2\/comments?post=76824"}],"version-history":[{"count":1,"href":"https:\/\/blogdoeloiltoncajuhy.com.br\/site\/wp-json\/wp\/v2\/posts\/76824\/revisions"}],"predecessor-version":[{"id":76827,"href":"https:\/\/blogdoeloiltoncajuhy.com.br\/site\/wp-json\/wp\/v2\/posts\/76824\/revisions\/76827"}],"wp:featuredmedia":[{"embeddable":true,"href":"https:\/\/blogdoeloiltoncajuhy.com.br\/site\/wp-json\/wp\/v2\/media\/57194"}],"wp:attachment":[{"href":"https:\/\/blogdoeloiltoncajuhy.com.br\/site\/wp-json\/wp\/v2\/media?parent=76824"}],"wp:term":[{"taxonomy":"category","embeddable":true,"href":"https:\/\/blogdoeloiltoncajuhy.com.br\/site\/wp-json\/wp\/v2\/categories?post=76824"},{"taxonomy":"post_tag","embeddable":true,"href":"https:\/\/blogdoeloiltoncajuhy.com.br\/site\/wp-json\/wp\/v2\/tags?post=76824"}],"curies":[{"name":"wp","href":"https:\/\/api.w.org\/{rel}","templated":true}]}}