{"id":75582,"date":"2023-07-25T16:44:28","date_gmt":"2023-07-25T19:44:28","guid":{"rendered":"https:\/\/blogdoeloiltoncajuhy.com.br\/site\/?p=75582"},"modified":"2023-07-25T16:44:30","modified_gmt":"2023-07-25T19:44:30","slug":"parceria-da-ssp-e-upb-busca-ampliar-a-seguranca-nos-municipios-baianos-com-o-video-policia-itinerante","status":"publish","type":"post","link":"https:\/\/blogdoeloiltoncajuhy.com.br\/site\/parceria-da-ssp-e-upb-busca-ampliar-a-seguranca-nos-municipios-baianos-com-o-video-policia-itinerante\/","title":{"rendered":"Parceria da SSP e UPB busca ampliar a seguran\u00e7a nos munic\u00edpios baianos com o V\u00eddeo-Pol\u00edcia Itinerante"},"content":{"rendered":"\n<p><strong>Ascom\/SSP<\/strong><\/p>\n\n\n\n<figure class=\"wp-block-image aligncenter size-full\"><a href=\"https:\/\/i0.wp.com\/blogdoeloiltoncajuhy.com.br\/site\/wp-content\/uploads\/2023\/07\/GOVBA_SSP_Foto-Divulgacao.webp?ssl=1\"><img data-recalc-dims=\"1\" fetchpriority=\"high\" decoding=\"async\" width=\"696\" height=\"464\" src=\"https:\/\/i0.wp.com\/blogdoeloiltoncajuhy.com.br\/site\/wp-content\/uploads\/2023\/07\/GOVBA_SSP_Foto-Divulgacao.webp?resize=696%2C464&#038;ssl=1\" alt=\"\" class=\"wp-image-75583\" srcset=\"https:\/\/i0.wp.com\/blogdoeloiltoncajuhy.com.br\/site\/wp-content\/uploads\/2023\/07\/GOVBA_SSP_Foto-Divulgacao.webp?w=696&amp;ssl=1 696w, https:\/\/i0.wp.com\/blogdoeloiltoncajuhy.com.br\/site\/wp-content\/uploads\/2023\/07\/GOVBA_SSP_Foto-Divulgacao.webp?resize=300%2C200&amp;ssl=1 300w\" sizes=\"(max-width: 696px) 100vw, 696px\" \/><\/a><figcaption class=\"wp-element-caption\"><sub>Foto: Divulga\u00e7\u00e3o<\/sub><\/figcaption><\/figure>\n\n\n\n<p>Ampliar a cobertura com c\u00e2meras nas cidades da Bahia, atrav\u00e9s do projeto V\u00eddeo-Pol\u00edcia Itinerante, foi o principal objetivo da reuni\u00e3o entre a Secretaria da Seguran\u00e7a P\u00fablica e a Uni\u00e3o dos Munic\u00edpios da Bahia (UPB). O secret\u00e1rio Marcelo Werner e o presidente da UPB, Quinho de Belo Campo, conversaram sobre a\u00e7\u00f5es integradas, na tarde desta segunda-feira (24).<\/p>\n\n\n\n<p>Uma das medidas apresentadas foi a integra\u00e7\u00e3o das c\u00e2meras de seguran\u00e7a. Os equipamentos, com apoio t\u00e9cnico da SSP, poder\u00e3o ser acessados pelo Centro de Opera\u00e7\u00f5es e Intelig\u00eancia (COI).<\/p>\n\n\n\n<p>\u201cNosso objetivo \u00e9 aumentar a vigil\u00e2ncia, ampliando a parceria com as Prefeituras e chamando tamb\u00e9m a iniciativa privada. Alcan\u00e7amos atualmente dois foragidos da Justi\u00e7a por dia com o Reconhecimento Facial e as c\u00e2meras tamb\u00e9m auxiliam nas nossas investiga\u00e7\u00f5es\u201d, declarou Werner.<\/p>\n\n\n\n<p class=\"has-black-color has-text-color has-medium-font-size\"><strong>Capacita\u00e7\u00e3o das Guardas<\/strong><\/p>\n\n\n\n<p>Outro projeto apresentado para o presidente da UPB foi o Nivelamento Interfederativo em Seguran\u00e7a P\u00fablica para Guardas Municipais. A ideia inicial \u00e9 capacitar os efetivos municipais, refor\u00e7ando a parceria com as for\u00e7as estaduais. \u201cPela primeira vez um secret\u00e1rio da Seguran\u00e7a P\u00fablica nos procura para apresentar a\u00e7\u00f5es integradas. Estamos \u00e0 disposi\u00e7\u00e3o para ajudar\u201d, disse Quinho.<\/p>\n","protected":false},"excerpt":{"rendered":"<p>Ascom\/SSP Ampliar a cobertura com c\u00e2meras nas cidades da Bahia, atrav\u00e9s do projeto V\u00eddeo-Pol\u00edcia Itinerante, foi o principal objetivo da reuni\u00e3o entre a Secretaria da Seguran\u00e7a P\u00fablica e a Uni\u00e3o dos Munic\u00edpios da Bahia (UPB). O secret\u00e1rio Marcelo Werner e o presidente da UPB, Quinho de Belo Campo, conversaram sobre a\u00e7\u00f5es integradas, na tarde desta [&hellip;]<\/p>\n","protected":false},"author":2,"featured_media":75583,"comment_status":"open","ping_status":"open","sticky":false,"template":"","format":"standard","meta":{"_acf_changed":false,"_monsterinsights_skip_tracking":false,"_monsterinsights_sitenote_active":false,"_monsterinsights_sitenote_note":"","_monsterinsights_sitenote_category":0,"_jetpack_memberships_contains_paid_content":false,"footnotes":"","jetpack_publicize_message":"","jetpack_publicize_feature_enabled":true,"jetpack_social_post_already_shared":true,"jetpack_social_options":{"image_generator_settings":{"template":"highway","default_image_id":0,"font":"","enabled":false},"version":2}},"categories":[3],"tags":[],"class_list":["post-75582","post","type-post","status-publish","format-standard","has-post-thumbnail","hentry","category-politica"],"acf":[],"jetpack_publicize_connections":[],"jetpack_featured_media_url":"https:\/\/i0.wp.com\/blogdoeloiltoncajuhy.com.br\/site\/wp-content\/uploads\/2023\/07\/GOVBA_SSP_Foto-Divulgacao.webp?fit=696%2C464&ssl=1","jetpack_sharing_enabled":true,"publishpress_future_workflow_manual_trigger":{"enabledWorkflows":[]},"_links":{"self":[{"href":"https:\/\/blogdoeloiltoncajuhy.com.br\/site\/wp-json\/wp\/v2\/posts\/75582","targetHints":{"allow":["GET"]}}],"collection":[{"href":"https:\/\/blogdoeloiltoncajuhy.com.br\/site\/wp-json\/wp\/v2\/posts"}],"about":[{"href":"https:\/\/blogdoeloiltoncajuhy.com.br\/site\/wp-json\/wp\/v2\/types\/post"}],"author":[{"embeddable":true,"href":"https:\/\/blogdoeloiltoncajuhy.com.br\/site\/wp-json\/wp\/v2\/users\/2"}],"replies":[{"embeddable":true,"href":"https:\/\/blogdoeloiltoncajuhy.com.br\/site\/wp-json\/wp\/v2\/comments?post=75582"}],"version-history":[{"count":1,"href":"https:\/\/blogdoeloiltoncajuhy.com.br\/site\/wp-json\/wp\/v2\/posts\/75582\/revisions"}],"predecessor-version":[{"id":75584,"href":"https:\/\/blogdoeloiltoncajuhy.com.br\/site\/wp-json\/wp\/v2\/posts\/75582\/revisions\/75584"}],"wp:featuredmedia":[{"embeddable":true,"href":"https:\/\/blogdoeloiltoncajuhy.com.br\/site\/wp-json\/wp\/v2\/media\/75583"}],"wp:attachment":[{"href":"https:\/\/blogdoeloiltoncajuhy.com.br\/site\/wp-json\/wp\/v2\/media?parent=75582"}],"wp:term":[{"taxonomy":"category","embeddable":true,"href":"https:\/\/blogdoeloiltoncajuhy.com.br\/site\/wp-json\/wp\/v2\/categories?post=75582"},{"taxonomy":"post_tag","embeddable":true,"href":"https:\/\/blogdoeloiltoncajuhy.com.br\/site\/wp-json\/wp\/v2\/tags?post=75582"}],"curies":[{"name":"wp","href":"https:\/\/api.w.org\/{rel}","templated":true}]}}