{"id":75571,"date":"2023-07-25T15:16:31","date_gmt":"2023-07-25T18:16:31","guid":{"rendered":"https:\/\/blogdoeloiltoncajuhy.com.br\/site\/?p=75571"},"modified":"2023-07-25T15:16:34","modified_gmt":"2023-07-25T18:16:34","slug":"veja-as-cancoes-mais-tocadas-do-sertanejo-leonardo-nos-seus-60-anos","status":"publish","type":"post","link":"https:\/\/blogdoeloiltoncajuhy.com.br\/site\/veja-as-cancoes-mais-tocadas-do-sertanejo-leonardo-nos-seus-60-anos\/","title":{"rendered":"Veja as can\u00e7\u00f5es mais tocadas do sertanejo Leonardo nos seus 60 anos"},"content":{"rendered":"\n<p class=\"has-text-align-center has-medium-font-size\"><em>Ecad faz estudo das m\u00fasicas gravadas pelo artista e \u201cPergunte ao dono do bar\u201d se destaca.<\/em><\/p>\n\n\n\n<p><strong>Imprensa Ecad<\/strong><\/p>\n\n\n\n<figure class=\"wp-block-image aligncenter size-full\"><a href=\"https:\/\/i0.wp.com\/blogdoeloiltoncajuhy.com.br\/site\/wp-content\/uploads\/2023\/07\/Leonardo-60-anos-reproducao-esta.jpeg?ssl=1\"><img data-recalc-dims=\"1\" fetchpriority=\"high\" decoding=\"async\" width=\"785\" height=\"444\" src=\"https:\/\/i0.wp.com\/blogdoeloiltoncajuhy.com.br\/site\/wp-content\/uploads\/2023\/07\/Leonardo-60-anos-reproducao-esta.jpeg?resize=785%2C444&#038;ssl=1\" alt=\"\" class=\"wp-image-75572\" srcset=\"https:\/\/i0.wp.com\/blogdoeloiltoncajuhy.com.br\/site\/wp-content\/uploads\/2023\/07\/Leonardo-60-anos-reproducao-esta.jpeg?w=785&amp;ssl=1 785w, https:\/\/i0.wp.com\/blogdoeloiltoncajuhy.com.br\/site\/wp-content\/uploads\/2023\/07\/Leonardo-60-anos-reproducao-esta.jpeg?resize=300%2C170&amp;ssl=1 300w, https:\/\/i0.wp.com\/blogdoeloiltoncajuhy.com.br\/site\/wp-content\/uploads\/2023\/07\/Leonardo-60-anos-reproducao-esta.jpeg?resize=768%2C434&amp;ssl=1 768w\" sizes=\"(max-width: 785px) 100vw, 785px\" \/><\/a><figcaption class=\"wp-element-caption\"><sub>Foto: Reprodu\u00e7\u00e3o<\/sub><\/figcaption><\/figure>\n\n\n\n<p>Na hist\u00f3ria da m\u00fasica sertaneja, o cantor Leonardo \u00e9 um dos maiores representes do g\u00eanero musical com momentos marcantes desde a dupla com o irm\u00e3o Leandro at\u00e9 hoje, em carreira solo. Nesta ter\u00e7a-feira, dia 25, o artista completa 60 anos e o Ecad (Escrit\u00f3rio Central de Arrecada\u00e7\u00e3o e Distribui\u00e7\u00e3o) aproveitou a data para produzir um estudo sobre as m\u00fasicas que ele gravou como int\u00e9rprete ao longo da carreira.<\/p>\n\n\n\n<p>A m\u00fasica mais tocada no Brasil nos \u00faltimos 10 anos, que tem Leonardo como int\u00e9rprete, foi &#8220;Pergunte ao dono do bar&#8221;, de autoria de Carlos Maia, Marquinhos Paz e Manoel Mello. Nesse ranking, &#8220;Dona do meu destino&#8221;, de Z\u00e9 Henrique, e &#8220;Como eu chorei&#8221;, de Telmo de Maia, ficaram na segunda e terceira posi\u00e7\u00f5es, respectivamente.<\/p>\n\n\n\n<p>Emival Eterno da Costa iniciou a carreira na d\u00e9cada de 80, adotou o nome art\u00edstico de Leonardo e, mesmo depois de perder o irm\u00e3o e parceiro Leandro, em 1998, v\u00edtima de c\u00e2ncer no pulm\u00e3o, seguiu na m\u00fasica. O artista tem um total de 1.183 can\u00e7\u00f5es gravadas e cadastradas na gest\u00e3o coletiva no Brasil.<\/p>\n\n\n\n<p>Leonardo tem os seus direitos autorais de execu\u00e7\u00e3o p\u00fablica garantidos pelo Ecad no Brasil por fazer parte da gest\u00e3o coletiva e manter o seu repert\u00f3rio atualizado. \u00c9 desta forma que suas can\u00e7\u00f5es podem ser identificadas e captadas quando tocam publicamente. No entanto, os valores em direitos autorais s\u00f3 podem ser recolhidos e repassados ao artista quando as pessoas e empresas que utilizam a m\u00fasica fazem o pagamento referente ao licenciamento musical por meio do Ecad, que \u00e9 garantido por lei.<\/p>\n\n\n\n<p>No Brasil, o Ecad \u00e9 a \u00fanica institui\u00e7\u00e3o respons\u00e1vel por arrecadar e distribuir direitos autorais sempre que existe utiliza\u00e7\u00e3o p\u00fablica de m\u00fasicas em qualquer canal ou espa\u00e7o: r\u00e1dio, TV, cinema, estabelecimentos comerciais, plataformas digitais, casas de festas, shows e outros locais de frequ\u00eancia coletiva. Com isso, a institui\u00e7\u00e3o garante a remunera\u00e7\u00e3o a autores, int\u00e9rpretes, m\u00fasicos, editores e produtores fonogr\u00e1ficos.<\/p>\n\n\n\n<p class=\"has-black-color has-text-color\"><strong>Ranking das m\u00fasicas gravadas por Leonardo como int\u00e9rprete mais tocadas nos \u00faltimos 10 anos no Brasil nos segmentos de R\u00e1dio, Casas de Festas e Divers\u00e3o e Sonoriza\u00e7\u00e3o Ambiental<\/strong><\/p>\n\n\n\n<figure class=\"wp-block-table\"><table><tbody><tr><td><strong>Posi\u00e7\u00e3o<\/strong><\/td><td><strong>M\u00fasica<\/strong><\/td><td><strong>Autores<\/strong><\/td><\/tr><tr><td>1<\/td><td>Pergunte ao dono do bar&nbsp; &nbsp; &nbsp;<\/td><td>Carlos Maia \/ Marquinhos Paz \/ Manoel Mello<\/td><\/tr><tr><td>2<\/td><td>Dona do meu destino&nbsp; &nbsp;<\/td><td>Z\u00e9 Henrique<\/td><\/tr><tr><td>3<\/td><td>Como eu chorei&nbsp; &nbsp; &nbsp; &nbsp; &nbsp;<\/td><td>Telmo de Maia<\/td><\/tr><tr><td>4<\/td><td>Liga l\u00e1 em casa&nbsp;&nbsp;<\/td><td>Ray<\/td><\/tr><tr><td>5<\/td><td>Um degrau na escada&nbsp; &nbsp;&nbsp;<\/td><td>Carlos Colla \/ Serginho Knust \/ Marcel\u00e3o \/ Z\u00e9 Henrique<\/td><\/tr><tr><td>6<\/td><td>Sem vergonha e sem ju\u00edzo&nbsp; &nbsp; &nbsp; &nbsp; &nbsp;&nbsp;<\/td><td>Racyne \/ Ivan Medeiros<\/td><\/tr><tr><td>7<\/td><td>Pega eu e leva pra voc\u00ea&nbsp; &nbsp; &nbsp; &nbsp;&nbsp;<\/td><td>Jairo Gois \/ Ivo Ramos<\/td><\/tr><tr><td>8<\/td><td>La\u00e7o aberto&nbsp; &nbsp; &nbsp;<\/td><td>Darci Rossi \/ Serginho Sol \/ Alexandre \/ Carlos Eduardo<\/td><\/tr><tr><td>9<\/td><td>Choro&nbsp;&nbsp;<\/td><td>Jos\u00e9 Augusto \/ Guillermo R Paz Garcia<\/td><\/tr><tr><td>10<\/td><td>Eu sou o cara (beber beber)&nbsp; &nbsp; &nbsp;&nbsp;<\/td><td>Elivandro Cuca \/ Raimundo Bahia \/ Guilherme Lopez<\/td><\/tr><tr><td>11<\/td><td>Deixaria tudo&nbsp;&nbsp;<\/td><td>Estefano (Usa) \/ Lucas Robles<\/td><\/tr><tr><td>12<\/td><td>N\u00e3o aprendi a dizer adeus&nbsp; &nbsp; &nbsp; &nbsp; &nbsp;<\/td><td>Joel Marques<\/td><\/tr><tr><td>13<\/td><td>Segredo de alma&nbsp; &nbsp; &nbsp; &nbsp; &nbsp; &nbsp; &nbsp;<\/td><td>Paula Mattos \/ Marco Aurelio \/ Lola Ortiz<\/td><\/tr><tr><td>14<\/td><td>Rumo a Goi\u00e2nia&nbsp; &nbsp;&nbsp;<\/td><td>Paiva<\/td><\/tr><tr><td>15<\/td><td>Temporal de amor&nbsp; &nbsp; &nbsp; &nbsp;&nbsp;<\/td><td>Cecilio Nena<\/td><\/tr><tr><td>16<\/td><td>Al\u00e9m do sol al\u00e9m do mar&nbsp; &nbsp; &nbsp; &nbsp; &nbsp; &nbsp; &nbsp; &nbsp; &nbsp; &nbsp;<\/td><td>Ray<\/td><\/tr><tr><td>17<\/td><td>Pense em mim&nbsp; &nbsp; &nbsp;&nbsp;<\/td><td>Mario Soares \/ Douglas Maio \/ Jos\u00e9 Ribeiro<\/td><\/tr><tr><td>18<\/td><td>Sangue de gelo&nbsp; &nbsp;<\/td><td>Vinni Miranda \/ Wal\u00e9ria Le\u00e3o \/ Rafael Quadros \/ Junior Gomes<\/td><\/tr><tr><td>19<\/td><td>Talism\u00e3&nbsp; &nbsp; &nbsp; &nbsp;&nbsp;<\/td><td>Miguel \/ Michael Sullivan (Ivanilton de Souza) \/ Paulo Massadas<\/td><\/tr><tr><td>20<\/td><td>Entre tapas e beijos&nbsp; &nbsp; &nbsp;&nbsp;<\/td><td>Antonio Bueno \/ Itamar<\/td><\/tr><\/tbody><\/table><figcaption class=\"wp-element-caption\">Fonte: Ecad<\/figcaption><\/figure>\n","protected":false},"excerpt":{"rendered":"<p>Ecad faz estudo das m\u00fasicas gravadas pelo artista e \u201cPergunte ao dono do bar\u201d se destaca. Imprensa Ecad Na hist\u00f3ria da m\u00fasica sertaneja, o cantor Leonardo \u00e9 um dos maiores representes do g\u00eanero musical com momentos marcantes desde a dupla com o irm\u00e3o Leandro at\u00e9 hoje, em carreira solo. Nesta ter\u00e7a-feira, dia 25, o artista [&hellip;]<\/p>\n","protected":false},"author":2,"featured_media":75572,"comment_status":"open","ping_status":"open","sticky":false,"template":"","format":"standard","meta":{"_acf_changed":false,"_monsterinsights_skip_tracking":false,"_monsterinsights_sitenote_active":false,"_monsterinsights_sitenote_note":"","_monsterinsights_sitenote_category":0,"_jetpack_memberships_contains_paid_content":false,"footnotes":"","jetpack_publicize_message":"","jetpack_publicize_feature_enabled":true,"jetpack_social_post_already_shared":true,"jetpack_social_options":{"image_generator_settings":{"template":"highway","default_image_id":0,"font":"","enabled":false},"version":2}},"categories":[12],"tags":[],"class_list":["post-75571","post","type-post","status-publish","format-standard","has-post-thumbnail","hentry","category-gente-que-faz-a-nossa-historia"],"acf":[],"jetpack_publicize_connections":[],"jetpack_featured_media_url":"https:\/\/i0.wp.com\/blogdoeloiltoncajuhy.com.br\/site\/wp-content\/uploads\/2023\/07\/Leonardo-60-anos-reproducao-esta.jpeg?fit=785%2C444&ssl=1","jetpack_sharing_enabled":true,"publishpress_future_workflow_manual_trigger":{"enabledWorkflows":[]},"_links":{"self":[{"href":"https:\/\/blogdoeloiltoncajuhy.com.br\/site\/wp-json\/wp\/v2\/posts\/75571","targetHints":{"allow":["GET"]}}],"collection":[{"href":"https:\/\/blogdoeloiltoncajuhy.com.br\/site\/wp-json\/wp\/v2\/posts"}],"about":[{"href":"https:\/\/blogdoeloiltoncajuhy.com.br\/site\/wp-json\/wp\/v2\/types\/post"}],"author":[{"embeddable":true,"href":"https:\/\/blogdoeloiltoncajuhy.com.br\/site\/wp-json\/wp\/v2\/users\/2"}],"replies":[{"embeddable":true,"href":"https:\/\/blogdoeloiltoncajuhy.com.br\/site\/wp-json\/wp\/v2\/comments?post=75571"}],"version-history":[{"count":1,"href":"https:\/\/blogdoeloiltoncajuhy.com.br\/site\/wp-json\/wp\/v2\/posts\/75571\/revisions"}],"predecessor-version":[{"id":75573,"href":"https:\/\/blogdoeloiltoncajuhy.com.br\/site\/wp-json\/wp\/v2\/posts\/75571\/revisions\/75573"}],"wp:featuredmedia":[{"embeddable":true,"href":"https:\/\/blogdoeloiltoncajuhy.com.br\/site\/wp-json\/wp\/v2\/media\/75572"}],"wp:attachment":[{"href":"https:\/\/blogdoeloiltoncajuhy.com.br\/site\/wp-json\/wp\/v2\/media?parent=75571"}],"wp:term":[{"taxonomy":"category","embeddable":true,"href":"https:\/\/blogdoeloiltoncajuhy.com.br\/site\/wp-json\/wp\/v2\/categories?post=75571"},{"taxonomy":"post_tag","embeddable":true,"href":"https:\/\/blogdoeloiltoncajuhy.com.br\/site\/wp-json\/wp\/v2\/tags?post=75571"}],"curies":[{"name":"wp","href":"https:\/\/api.w.org\/{rel}","templated":true}]}}