{"id":73573,"date":"2023-04-13T14:10:33","date_gmt":"2023-04-13T17:10:33","guid":{"rendered":"http:\/\/blogdoeloiltoncajuhy.com.br\/site\/?p=73573"},"modified":"2023-04-13T14:10:36","modified_gmt":"2023-04-13T17:10:36","slug":"inscricoes-abertas-para-7-589-vagas-em-cursos-de-graduacao-gratuitos-com-aulas-online","status":"publish","type":"post","link":"https:\/\/blogdoeloiltoncajuhy.com.br\/site\/inscricoes-abertas-para-7-589-vagas-em-cursos-de-graduacao-gratuitos-com-aulas-online\/","title":{"rendered":"Inscri\u00e7\u00f5es abertas para 7.589 vagas em cursos de gradua\u00e7\u00e3o gratuitos com aulas online"},"content":{"rendered":"\n<p><strong>Por Horabrasil<\/strong><\/p>\n\n\n\n<figure class=\"wp-block-image aligncenter size-full\"><a href=\"https:\/\/i0.wp.com\/blogdoeloiltoncajuhy.com.br\/site\/wp-content\/uploads\/2023\/04\/Cursos-vagas-emprego_13042023.jpg\"><img data-recalc-dims=\"1\" fetchpriority=\"high\" decoding=\"async\" width=\"640\" height=\"427\" src=\"https:\/\/i0.wp.com\/blogdoeloiltoncajuhy.com.br\/site\/wp-content\/uploads\/2023\/04\/Cursos-vagas-emprego_13042023.jpg?resize=640%2C427\" alt=\"\" class=\"wp-image-73574\" srcset=\"https:\/\/i0.wp.com\/blogdoeloiltoncajuhy.com.br\/site\/wp-content\/uploads\/2023\/04\/Cursos-vagas-emprego_13042023.jpg?w=640&amp;ssl=1 640w, https:\/\/i0.wp.com\/blogdoeloiltoncajuhy.com.br\/site\/wp-content\/uploads\/2023\/04\/Cursos-vagas-emprego_13042023.jpg?resize=300%2C200&amp;ssl=1 300w\" sizes=\"(max-width: 640px) 100vw, 640px\" \/><\/a><figcaption class=\"wp-element-caption\"><sub>Inscri\u00e7\u00f5es abertas para cursos de gradua\u00e7\u00e3o gratuitos com aulas online \u00a9Fornecido por Horabrasil<\/sub><\/figcaption><\/figure>\n\n\n\n<p>Est\u00e3o abertas as inscri\u00e7\u00f5es para interessados em concorrer a cursos de gradua\u00e7\u00e3o gratuitos com aulas online, que ser\u00e3o ofertados por institui\u00e7\u00f5es do Rio de Janeiro.<\/p>\n\n\n\n<p>As oportunidades s\u00e3o para os seguintes cursos superiores: Administra\u00e7\u00e3o, Administra\u00e7\u00e3o P\u00fablica, Ci\u00eancias Cont\u00e1beis, Engenharia de Produ\u00e7\u00e3o, Licenciatura em Ci\u00eancias Biol\u00f3gicas, Licenciatura em F\u00edsica, Licenciatura em Geografia, Licenciatura em Hist\u00f3ria, Licenciatura em Letras, Licenciatura em Matem\u00e1tica, Licenciatura em Pedagogia, Licenciatura em Qu\u00edmica, Licenciatura em Turismo, Tecnologia em Sistemas de Computa\u00e7\u00e3o, Tecnologia em Gest\u00e3o de Turismo e Tecnologia em Seguran\u00e7a P\u00fablica.<\/p>\n\n\n\n<p>As vagas ser\u00e3o disponibilizadas por meio do sistema Universidade Aberta do Brasil e pelas seguintes institui\u00e7\u00f5es de ensino: Cefet\/RJ, Uenf, Uerj, UFF, UFRJ, UFRRJ e UniRio.<\/p>\n\n\n\n<p class=\"has-black-color has-text-color has-medium-font-size\"><strong>N\u00famero de vagas em cursos de gradua\u00e7\u00e3o gratuitos com aulas online<\/strong><\/p>\n\n\n\n<p><strong><em>Est\u00e3o abertas 7.589 vagas distribu\u00eddas da seguinte maneira:<\/em><\/strong><\/p>\n\n\n\n<ul class=\"wp-block-list\">\n<li>761 vagas para o Curso de Administra\u00e7\u00e3o;<\/li>\n\n\n\n<li>215 vagas para o Curso de Administra\u00e7\u00e3o P\u00fablica;<\/li>\n\n\n\n<li>400 vagas para o Curso de Ci\u00eancias Cont\u00e1beis;<\/li>\n\n\n\n<li>400 vagas para o Curso de Engenharia de Produ\u00e7\u00e3o;<\/li>\n\n\n\n<li>906 vagas para o Curso de Licenciatura em Ci\u00eancias Biol\u00f3gicas;<\/li>\n\n\n\n<li>375 vagas para o Curso de Licenciatura em F\u00edsica;<\/li>\n\n\n\n<li>280 vagas para o Curso de Licenciatura em Geografia;<\/li>\n\n\n\n<li>200 vagas para o Curso de Licenciatura em Hist\u00f3ria;<\/li>\n\n\n\n<li>300 vagas para o Curso de Licenciatura em Letras;<\/li>\n\n\n\n<li>800 vagas para o Curso de Licenciatura em Matem\u00e1tica;<\/li>\n\n\n\n<li>1.150 vagas para o Curso de Licenciatura em Pedagogia;<\/li>\n\n\n\n<li>338 vagas para o Curso de Licenciatura em Qu\u00edmica;<\/li>\n\n\n\n<li>335 vagas para o Curso de Licenciatura em Turismo;<\/li>\n\n\n\n<li>529 vagas para o Curso Tecnologia em Sistemas de Computa\u00e7\u00e3o;<\/li>\n\n\n\n<li>250 vagas para o Curso Tecnologia em Gest\u00e3o de Turismo;<\/li>\n\n\n\n<li>350 vagas para o Curso Tecnologia em Seguran\u00e7a P\u00fablica.<\/li>\n<\/ul>\n\n\n\n<p><\/p>\n\n\n\n<p class=\"has-black-color has-text-color has-medium-font-size\"><strong>Inscri\u00e7\u00f5es<\/strong><\/p>\n\n\n\n<p>As inscri\u00e7\u00f5es ficar\u00e3o abertas at\u00e9 o dia 16 de junho de 2023 e estar\u00e3o dispon\u00edveis somente na p\u00e1gina <a href=\"http:\/\/www.cecierj.edu.br\/consorcio-cederj\/vestibular\/2023-2\/\" target=\"_blank\" rel=\"noreferrer noopener\"><mark style=\"background-color:rgba(0, 0, 0, 0)\" class=\"has-inline-color has-vivid-cyan-blue-color\">www.cecierj.edu.br\/consorcio-cederj\/vestibular\/2023-2\/<\/mark><\/a>. Para mais informa\u00e7\u00f5es acesse o <a href=\"https:\/\/www.cecierj.edu.br\/wp-content\/uploads\/2023\/04\/Edital-seleA%C2%A7Ao-2023_2.pdf\" target=\"_blank\" rel=\"noreferrer noopener\"><mark style=\"background-color:rgba(0, 0, 0, 0)\" class=\"has-inline-color has-vivid-cyan-blue-color\">edital<\/mark><\/a>.<\/p>\n","protected":false},"excerpt":{"rendered":"<p>Por Horabrasil Est\u00e3o abertas as inscri\u00e7\u00f5es para interessados em concorrer a cursos de gradua\u00e7\u00e3o gratuitos com aulas online, que ser\u00e3o ofertados por institui\u00e7\u00f5es do Rio de Janeiro. As oportunidades s\u00e3o para os seguintes cursos superiores: Administra\u00e7\u00e3o, Administra\u00e7\u00e3o P\u00fablica, Ci\u00eancias Cont\u00e1beis, Engenharia de Produ\u00e7\u00e3o, Licenciatura em Ci\u00eancias Biol\u00f3gicas, Licenciatura em F\u00edsica, Licenciatura em Geografia, Licenciatura em [&hellip;]<\/p>\n","protected":false},"author":2,"featured_media":73574,"comment_status":"open","ping_status":"open","sticky":false,"template":"","format":"standard","meta":{"_acf_changed":false,"_monsterinsights_skip_tracking":false,"_monsterinsights_sitenote_active":false,"_monsterinsights_sitenote_note":"","_monsterinsights_sitenote_category":0,"_jetpack_memberships_contains_paid_content":false,"footnotes":"","jetpack_publicize_message":"","jetpack_publicize_feature_enabled":true,"jetpack_social_post_already_shared":true,"jetpack_social_options":{"image_generator_settings":{"template":"highway","default_image_id":0,"font":"","enabled":false},"version":2}},"categories":[1],"tags":[],"class_list":["post-73573","post","type-post","status-publish","format-standard","has-post-thumbnail","hentry","category-noticias"],"acf":[],"jetpack_publicize_connections":[],"jetpack_featured_media_url":"https:\/\/i0.wp.com\/blogdoeloiltoncajuhy.com.br\/site\/wp-content\/uploads\/2023\/04\/Cursos-vagas-emprego_13042023.jpg?fit=640%2C427&ssl=1","jetpack_sharing_enabled":true,"publishpress_future_workflow_manual_trigger":{"enabledWorkflows":[]},"_links":{"self":[{"href":"https:\/\/blogdoeloiltoncajuhy.com.br\/site\/wp-json\/wp\/v2\/posts\/73573","targetHints":{"allow":["GET"]}}],"collection":[{"href":"https:\/\/blogdoeloiltoncajuhy.com.br\/site\/wp-json\/wp\/v2\/posts"}],"about":[{"href":"https:\/\/blogdoeloiltoncajuhy.com.br\/site\/wp-json\/wp\/v2\/types\/post"}],"author":[{"embeddable":true,"href":"https:\/\/blogdoeloiltoncajuhy.com.br\/site\/wp-json\/wp\/v2\/users\/2"}],"replies":[{"embeddable":true,"href":"https:\/\/blogdoeloiltoncajuhy.com.br\/site\/wp-json\/wp\/v2\/comments?post=73573"}],"version-history":[{"count":1,"href":"https:\/\/blogdoeloiltoncajuhy.com.br\/site\/wp-json\/wp\/v2\/posts\/73573\/revisions"}],"predecessor-version":[{"id":73575,"href":"https:\/\/blogdoeloiltoncajuhy.com.br\/site\/wp-json\/wp\/v2\/posts\/73573\/revisions\/73575"}],"wp:featuredmedia":[{"embeddable":true,"href":"https:\/\/blogdoeloiltoncajuhy.com.br\/site\/wp-json\/wp\/v2\/media\/73574"}],"wp:attachment":[{"href":"https:\/\/blogdoeloiltoncajuhy.com.br\/site\/wp-json\/wp\/v2\/media?parent=73573"}],"wp:term":[{"taxonomy":"category","embeddable":true,"href":"https:\/\/blogdoeloiltoncajuhy.com.br\/site\/wp-json\/wp\/v2\/categories?post=73573"},{"taxonomy":"post_tag","embeddable":true,"href":"https:\/\/blogdoeloiltoncajuhy.com.br\/site\/wp-json\/wp\/v2\/tags?post=73573"}],"curies":[{"name":"wp","href":"https:\/\/api.w.org\/{rel}","templated":true}]}}