{"id":73564,"date":"2023-04-13T06:00:00","date_gmt":"2023-04-13T09:00:00","guid":{"rendered":"http:\/\/blogdoeloiltoncajuhy.com.br\/site\/?p=73564"},"modified":"2023-04-12T20:56:53","modified_gmt":"2023-04-12T23:56:53","slug":"rcc-vai-realizar-caminhada-de-integracao-em-senhor-do-bonfim","status":"publish","type":"post","link":"https:\/\/blogdoeloiltoncajuhy.com.br\/site\/rcc-vai-realizar-caminhada-de-integracao-em-senhor-do-bonfim\/","title":{"rendered":"RCC vai realizar caminhada de integra\u00e7\u00e3o em Senhor do Bonfim"},"content":{"rendered":"\n<p><strong>Blog do Eloilton Cajuhy<\/strong><\/p>\n\n\n\n<figure class=\"wp-block-image aligncenter size-large is-resized\"><a href=\"https:\/\/i0.wp.com\/blogdoeloiltoncajuhy.com.br\/site\/wp-content\/uploads\/2023\/04\/Oracao_Pexels-Luis-Quintero-2774576.jpg\"><img data-recalc-dims=\"1\" fetchpriority=\"high\" decoding=\"async\" src=\"https:\/\/i0.wp.com\/blogdoeloiltoncajuhy.com.br\/site\/wp-content\/uploads\/2023\/04\/Oracao_Pexels-Luis-Quintero-2774576.jpg?resize=768%2C512\" alt=\"\" class=\"wp-image-73565\" width=\"768\" height=\"512\" srcset=\"https:\/\/i0.wp.com\/blogdoeloiltoncajuhy.com.br\/site\/wp-content\/uploads\/2023\/04\/Oracao_Pexels-Luis-Quintero-2774576.jpg?resize=1024%2C682&amp;ssl=1 1024w, https:\/\/i0.wp.com\/blogdoeloiltoncajuhy.com.br\/site\/wp-content\/uploads\/2023\/04\/Oracao_Pexels-Luis-Quintero-2774576.jpg?resize=300%2C200&amp;ssl=1 300w, https:\/\/i0.wp.com\/blogdoeloiltoncajuhy.com.br\/site\/wp-content\/uploads\/2023\/04\/Oracao_Pexels-Luis-Quintero-2774576.jpg?resize=768%2C512&amp;ssl=1 768w, https:\/\/i0.wp.com\/blogdoeloiltoncajuhy.com.br\/site\/wp-content\/uploads\/2023\/04\/Oracao_Pexels-Luis-Quintero-2774576.jpg?w=1280&amp;ssl=1 1280w\" sizes=\"(max-width: 768px) 100vw, 768px\" \/><\/a><figcaption class=\"wp-element-caption\"><sub>Foto: Pexels\/Luis Quintero<\/sub><\/figcaption><\/figure>\n\n\n\n<p>A Renova\u00e7\u00e3o Carism\u00e1tica Cat\u00f3lica (RCC), atrav\u00e9s do Grupo de Ora\u00e7\u00e3o Rei Davi, vai realizar no pr\u00f3ximo domingo (16), uma caminhada de integra\u00e7\u00e3o como o tema <strong><mark style=\"background-color:rgba(0, 0, 0, 0)\" class=\"has-inline-color has-black-color\">&#8220;As Miseric\u00f3rdias do Senhor se renovam sobre ti&#8221;<\/mark><\/strong>.<\/p>\n\n\n\n<p>O evento cat\u00f3lico pretende proporcionar aos fi\u00e9is participantes a oportunidade de curtir a natureza e renovar energias, enquanto todos far\u00e3o exerc\u00edcios juntos. &#8220;Al\u00e9m disso, experimentaremos as miseric\u00f3rdias do Senhor que se renovam todas as manh\u00e3s e fortaleceremos ainda mais a nossa f\u00e9&#8221;, diz o convite do grupo de ora\u00e7\u00e3o.<\/p>\n\n\n\n<p>A caminhada sair\u00e1 \u00e0s 7h30 do estacionamento da Capela do Sant\u00edssimo Redentor, no bairro Santos Dumont, e ter\u00e1 um percurso de cerca de 5 Km. A organiza\u00e7\u00e3o informa que a caminhada ser\u00e1 conduzida por um guia experiente, e pede a todos que usem roupas e cal\u00e7ados confort\u00e1veis, e levem \u00e1gua, protetor solar e um lanche leve para ser partilhado ap\u00f3s a caminhada no local de concentra\u00e7\u00e3o.<\/p>\n\n\n\n<p class=\"has-text-align-center has-black-color has-text-color\"><strong><em>&#8220;Desperta tu que dormes. Levanta-te dentre os mortos e Cristo te iluminar\u00e1&#8221;.<\/em><\/strong><\/p>\n","protected":false},"excerpt":{"rendered":"<p>Blog do Eloilton Cajuhy A Renova\u00e7\u00e3o Carism\u00e1tica Cat\u00f3lica (RCC), atrav\u00e9s do Grupo de Ora\u00e7\u00e3o Rei Davi, vai realizar no pr\u00f3ximo domingo (16), uma caminhada de integra\u00e7\u00e3o como o tema &#8220;As Miseric\u00f3rdias do Senhor se renovam sobre ti&#8221;. O evento cat\u00f3lico pretende proporcionar aos fi\u00e9is participantes a oportunidade de curtir a natureza e renovar energias, enquanto [&hellip;]<\/p>\n","protected":false},"author":2,"featured_media":73565,"comment_status":"open","ping_status":"open","sticky":false,"template":"","format":"standard","meta":{"_acf_changed":false,"_monsterinsights_skip_tracking":false,"_monsterinsights_sitenote_active":false,"_monsterinsights_sitenote_note":"","_monsterinsights_sitenote_category":0,"_jetpack_memberships_contains_paid_content":false,"footnotes":"","jetpack_publicize_message":"","jetpack_publicize_feature_enabled":true,"jetpack_social_post_already_shared":true,"jetpack_social_options":{"image_generator_settings":{"template":"highway","default_image_id":0,"font":"","enabled":false},"version":2}},"categories":[4],"tags":[],"class_list":["post-73564","post","type-post","status-publish","format-standard","has-post-thumbnail","hentry","category-local"],"acf":[],"jetpack_publicize_connections":[],"jetpack_featured_media_url":"https:\/\/i0.wp.com\/blogdoeloiltoncajuhy.com.br\/site\/wp-content\/uploads\/2023\/04\/Oracao_Pexels-Luis-Quintero-2774576.jpg?fit=1280%2C853&ssl=1","jetpack_sharing_enabled":true,"publishpress_future_workflow_manual_trigger":{"enabledWorkflows":[]},"_links":{"self":[{"href":"https:\/\/blogdoeloiltoncajuhy.com.br\/site\/wp-json\/wp\/v2\/posts\/73564","targetHints":{"allow":["GET"]}}],"collection":[{"href":"https:\/\/blogdoeloiltoncajuhy.com.br\/site\/wp-json\/wp\/v2\/posts"}],"about":[{"href":"https:\/\/blogdoeloiltoncajuhy.com.br\/site\/wp-json\/wp\/v2\/types\/post"}],"author":[{"embeddable":true,"href":"https:\/\/blogdoeloiltoncajuhy.com.br\/site\/wp-json\/wp\/v2\/users\/2"}],"replies":[{"embeddable":true,"href":"https:\/\/blogdoeloiltoncajuhy.com.br\/site\/wp-json\/wp\/v2\/comments?post=73564"}],"version-history":[{"count":2,"href":"https:\/\/blogdoeloiltoncajuhy.com.br\/site\/wp-json\/wp\/v2\/posts\/73564\/revisions"}],"predecessor-version":[{"id":73567,"href":"https:\/\/blogdoeloiltoncajuhy.com.br\/site\/wp-json\/wp\/v2\/posts\/73564\/revisions\/73567"}],"wp:featuredmedia":[{"embeddable":true,"href":"https:\/\/blogdoeloiltoncajuhy.com.br\/site\/wp-json\/wp\/v2\/media\/73565"}],"wp:attachment":[{"href":"https:\/\/blogdoeloiltoncajuhy.com.br\/site\/wp-json\/wp\/v2\/media?parent=73564"}],"wp:term":[{"taxonomy":"category","embeddable":true,"href":"https:\/\/blogdoeloiltoncajuhy.com.br\/site\/wp-json\/wp\/v2\/categories?post=73564"},{"taxonomy":"post_tag","embeddable":true,"href":"https:\/\/blogdoeloiltoncajuhy.com.br\/site\/wp-json\/wp\/v2\/tags?post=73564"}],"curies":[{"name":"wp","href":"https:\/\/api.w.org\/{rel}","templated":true}]}}