{"id":72998,"date":"2023-03-16T16:01:44","date_gmt":"2023-03-16T19:01:44","guid":{"rendered":"http:\/\/blogdoeloiltoncajuhy.com.br\/site\/?p=72998"},"modified":"2023-03-16T16:01:47","modified_gmt":"2023-03-16T19:01:47","slug":"campus-senhor-do-bonfim-do-if-baiano-oferta-vagas-para-especializacao-em-ensino-de-quimica-e-fisica-para-o-ensino-medio","status":"publish","type":"post","link":"https:\/\/blogdoeloiltoncajuhy.com.br\/site\/campus-senhor-do-bonfim-do-if-baiano-oferta-vagas-para-especializacao-em-ensino-de-quimica-e-fisica-para-o-ensino-medio\/","title":{"rendered":"Campus Senhor do Bonfim do IF Baiano oferta vagas para especializa\u00e7\u00e3o em Ensino de Qu\u00edmica e F\u00edsica para o Ensino M\u00e9dio"},"content":{"rendered":"\n<p class=\"has-medium-font-size\"><em>A especializa\u00e7\u00e3o recebe inscri\u00e7\u00f5es at\u00e9 03 de abril e \u00e9 ofertada pelo Campus Senhor do Bonfim<\/em><\/p>\n\n\n\n<figure class=\"wp-block-image aligncenter size-full\"><a href=\"https:\/\/i0.wp.com\/blogdoeloiltoncajuhy.com.br\/site\/wp-content\/uploads\/2017\/09\/if-baiano-bonfim1.jpg\"><img data-recalc-dims=\"1\" fetchpriority=\"high\" decoding=\"async\" width=\"600\" height=\"309\" src=\"https:\/\/i0.wp.com\/blogdoeloiltoncajuhy.com.br\/site\/wp-content\/uploads\/2017\/09\/if-baiano-bonfim1.jpg?resize=600%2C309\" alt=\"\" class=\"wp-image-20023\" srcset=\"https:\/\/i0.wp.com\/blogdoeloiltoncajuhy.com.br\/site\/wp-content\/uploads\/2017\/09\/if-baiano-bonfim1.jpg?w=600&amp;ssl=1 600w, https:\/\/i0.wp.com\/blogdoeloiltoncajuhy.com.br\/site\/wp-content\/uploads\/2017\/09\/if-baiano-bonfim1.jpg?resize=300%2C155&amp;ssl=1 300w, https:\/\/i0.wp.com\/blogdoeloiltoncajuhy.com.br\/site\/wp-content\/uploads\/2017\/09\/if-baiano-bonfim1.jpg?resize=250%2C129&amp;ssl=1 250w\" sizes=\"(max-width: 600px) 100vw, 600px\" \/><\/a><\/figure>\n\n\n\n<p>Especializa\u00e7\u00e3o em Ensino de Qu\u00edmica e F\u00edsica para o Ensino M\u00e9dio no IF Baiano Campus Senhor do Bonfim abre sele\u00e7\u00e3o para preenchimento de 30 vagas. As inscri\u00e7\u00f5es s\u00e3o realizadas gratuitamente, at\u00e9 o dia 03 de abril, atrav\u00e9s de <a href=\"https:\/\/opinanovo.ifbaiano.edu.br\/index.php\/363268?lang=pt-BR\" target=\"_blank\" rel=\"noreferrer noopener\">formul\u00e1rio digital<\/a>.<\/p>\n\n\n\n<p>O curso \u00e9 voltado para licenciados nas \u00e1reas de ci\u00eancias (Qu\u00edmica, F\u00edsica, Biologia, Matem\u00e1tica, Ci\u00eancias da Natureza, Ci\u00eancias Agr\u00e1rias, Ci\u00eancias da Computa\u00e7\u00e3o) e professores graduados em outras \u00e1reas de atua\u00e7\u00e3o que comprovadamente lecionam Qu\u00edmica ou F\u00edsica em institui\u00e7\u00f5es de ensino da rede p\u00fablica ou privada, atuando em espa\u00e7os formais e\/ou n\u00e3o-formais de educa\u00e7\u00e3o, desde que sejam portadores de diploma de n\u00edvel superior, reconhecido pelo Minist\u00e9rio da Educa\u00e7\u00e3o.<\/p>\n\n\n\n<p>O curso tem como objetivo promover o aprimoramento te\u00f3rico, pr\u00e1tico e metodol\u00f3gico desse p\u00fablico-alvo para o desenvolvimento e aplica\u00e7\u00e3o de estrat\u00e9gias did\u00e1ticas inovadoras, contextualizadas e em perspectiva interdisciplinar no Ensino M\u00e9dio.<\/p>\n\n\n\n<p>A carga hor\u00e1ria do curso \u00e9 de 435 horas e TCC (60 horas), distribu\u00eddas ao longo de 18 meses, em formato modular. As aulas ser\u00e3o ministradas em finais de semanas alternados, sendo realizadas nos dias de quinta-feira, sexta-feira e s\u00e1bado. O Campus Senhor do Bonfim fica localizado no Km 04 da Estrada da Igara, s\/n, Zona Rural, Senhor do Bonfim \u2013 BA. CEP.: 48970-000.<\/p>\n\n\n\n<p>Ser\u00e3o ofertadas 30 vagas, sendo 18 para o Ensino de Qu\u00edmica e 12 para o Ensino de F\u00edsica distribu\u00eddas da seguinte forma:<\/p>\n\n\n\n<p class=\"has-black-color has-text-color\"><strong>Vagas para o Ensino de Qu\u00edmica:<\/strong><\/p>\n\n\n\n<p>\u2013 13 vagas para ampla concorr\u00eancia;<\/p>\n\n\n\n<p>\u2013 04 vagas para candidatos pretos, pardos e ind\u00edgenas;<\/p>\n\n\n\n<p>\u2013 01 vaga para candidato pessoa com defici\u00eancia.<\/p>\n\n\n\n<p class=\"has-black-color has-text-color\"><strong>Vagas para o Ensino de F\u00edsica:<\/strong><\/p>\n\n\n\n<p>\u2013 08 vagas para ampla concorr\u00eancia;<\/p>\n\n\n\n<p>\u2013 03 vagas para candidatos pretos, pardos e ind\u00edgenas;<\/p>\n\n\n\n<p>\u2013 01 vaga para candidato pessoa com defici\u00eancia.<\/p>\n\n\n\n<p>A sele\u00e7\u00e3o ser\u00e1 realizada em tr\u00eas etapas: a primeira \u00e9 a An\u00e1lise da Proposta de Pesquisa (Eliminat\u00f3ria e Classificat\u00f3ria), valendo 30 pontos; a segunda \u00e9 a An\u00e1lise do Curr\u00edculo Lattes (Classificat\u00f3ria), valendo 30 pontos; e a \u00faltima \u00e9 a Entrevista (Eliminat\u00f3ria e Classificat\u00f3ria), valendo 40 pontos.<\/p>\n\n\n\n<p>Para mais informa\u00e7\u00f5es, acesse o <a href=\"https:\/\/concurso.ifbaiano.edu.br\/portal\/vagas-pos-ensino-bonfim-marco-2023\/wp-content\/uploads\/sites\/762\/2023\/03\/Edital-para-publicacao.pdf\" target=\"_blank\" rel=\"noreferrer noopener\">edital<\/a>. Acompanhe a sele\u00e7\u00e3o no site do IF Baiano, na p\u00e1gina: <a href=\"https:\/\/concurso.ifbaiano.edu.br\/portal\/vagas-pos-ensino-bonfim-marco-2023\/\" target=\"_blank\" rel=\"noreferrer noopener\">https:\/\/concurso.ifbaiano.edu.br\/portal\/vagas-pos-ensino-bonfim-marco-2023\/<\/a><\/p>\n","protected":false},"excerpt":{"rendered":"<p>A especializa\u00e7\u00e3o recebe inscri\u00e7\u00f5es at\u00e9 03 de abril e \u00e9 ofertada pelo Campus Senhor do Bonfim Especializa\u00e7\u00e3o em Ensino de Qu\u00edmica e F\u00edsica para o Ensino M\u00e9dio no IF Baiano Campus Senhor do Bonfim abre sele\u00e7\u00e3o para preenchimento de 30 vagas. As inscri\u00e7\u00f5es s\u00e3o realizadas gratuitamente, at\u00e9 o dia 03 de abril, atrav\u00e9s de formul\u00e1rio [&hellip;]<\/p>\n","protected":false},"author":2,"featured_media":62020,"comment_status":"open","ping_status":"open","sticky":false,"template":"","format":"standard","meta":{"_acf_changed":false,"_monsterinsights_skip_tracking":false,"_monsterinsights_sitenote_active":false,"_monsterinsights_sitenote_note":"","_monsterinsights_sitenote_category":0,"_jetpack_memberships_contains_paid_content":false,"footnotes":"","jetpack_publicize_message":"","jetpack_publicize_feature_enabled":true,"jetpack_social_post_already_shared":true,"jetpack_social_options":{"image_generator_settings":{"template":"highway","default_image_id":0,"font":"","enabled":false},"version":2}},"categories":[4],"tags":[],"class_list":["post-72998","post","type-post","status-publish","format-standard","has-post-thumbnail","hentry","category-local"],"acf":[],"jetpack_publicize_connections":[],"jetpack_featured_media_url":"https:\/\/i0.wp.com\/blogdoeloiltoncajuhy.com.br\/site\/wp-content\/uploads\/2022\/01\/Concursos-03012022.jpg?fit=984%2C656&ssl=1","jetpack_sharing_enabled":true,"publishpress_future_workflow_manual_trigger":{"enabledWorkflows":[]},"_links":{"self":[{"href":"https:\/\/blogdoeloiltoncajuhy.com.br\/site\/wp-json\/wp\/v2\/posts\/72998","targetHints":{"allow":["GET"]}}],"collection":[{"href":"https:\/\/blogdoeloiltoncajuhy.com.br\/site\/wp-json\/wp\/v2\/posts"}],"about":[{"href":"https:\/\/blogdoeloiltoncajuhy.com.br\/site\/wp-json\/wp\/v2\/types\/post"}],"author":[{"embeddable":true,"href":"https:\/\/blogdoeloiltoncajuhy.com.br\/site\/wp-json\/wp\/v2\/users\/2"}],"replies":[{"embeddable":true,"href":"https:\/\/blogdoeloiltoncajuhy.com.br\/site\/wp-json\/wp\/v2\/comments?post=72998"}],"version-history":[{"count":1,"href":"https:\/\/blogdoeloiltoncajuhy.com.br\/site\/wp-json\/wp\/v2\/posts\/72998\/revisions"}],"predecessor-version":[{"id":72999,"href":"https:\/\/blogdoeloiltoncajuhy.com.br\/site\/wp-json\/wp\/v2\/posts\/72998\/revisions\/72999"}],"wp:featuredmedia":[{"embeddable":true,"href":"https:\/\/blogdoeloiltoncajuhy.com.br\/site\/wp-json\/wp\/v2\/media\/62020"}],"wp:attachment":[{"href":"https:\/\/blogdoeloiltoncajuhy.com.br\/site\/wp-json\/wp\/v2\/media?parent=72998"}],"wp:term":[{"taxonomy":"category","embeddable":true,"href":"https:\/\/blogdoeloiltoncajuhy.com.br\/site\/wp-json\/wp\/v2\/categories?post=72998"},{"taxonomy":"post_tag","embeddable":true,"href":"https:\/\/blogdoeloiltoncajuhy.com.br\/site\/wp-json\/wp\/v2\/tags?post=72998"}],"curies":[{"name":"wp","href":"https:\/\/api.w.org\/{rel}","templated":true}]}}