{"id":72993,"date":"2023-03-16T08:53:22","date_gmt":"2023-03-16T11:53:22","guid":{"rendered":"http:\/\/blogdoeloiltoncajuhy.com.br\/site\/?p=72993"},"modified":"2023-03-16T08:54:25","modified_gmt":"2023-03-16T11:54:25","slug":"carismatico-e-querido-professor-jose-americo-faz-aniversario-nesta-quinta-feira-16","status":"publish","type":"post","link":"https:\/\/blogdoeloiltoncajuhy.com.br\/site\/carismatico-e-querido-professor-jose-americo-faz-aniversario-nesta-quinta-feira-16\/","title":{"rendered":"Carism\u00e1tico e querido, Professor Jos\u00e9 Am\u00e9rico faz anivers\u00e1rio nesta quinta-feira (16)"},"content":{"rendered":"\n<p><strong>Blog do Eloilton Cajuhy<\/strong><\/p>\n\n\n\n<figure class=\"wp-block-image aligncenter size-large is-resized\"><a href=\"https:\/\/i0.wp.com\/blogdoeloiltoncajuhy.com.br\/site\/wp-content\/uploads\/2023\/03\/Bonfim_Professor-Jose-Americo-01.jpg\"><img data-recalc-dims=\"1\" fetchpriority=\"high\" decoding=\"async\" src=\"https:\/\/i0.wp.com\/blogdoeloiltoncajuhy.com.br\/site\/wp-content\/uploads\/2023\/03\/Bonfim_Professor-Jose-Americo-01.jpg?resize=481%2C723\" alt=\"\" class=\"wp-image-72994\" width=\"481\" height=\"723\" srcset=\"https:\/\/i0.wp.com\/blogdoeloiltoncajuhy.com.br\/site\/wp-content\/uploads\/2023\/03\/Bonfim_Professor-Jose-Americo-01.jpg?resize=199%2C300&amp;ssl=1 199w, https:\/\/i0.wp.com\/blogdoeloiltoncajuhy.com.br\/site\/wp-content\/uploads\/2023\/03\/Bonfim_Professor-Jose-Americo-01.jpg?zoom=2&amp;resize=481%2C723 962w\" sizes=\"(max-width: 481px) 100vw, 481px\" \/><\/a><figcaption class=\"wp-element-caption\"><sub>Professor Jos\u00e9 Am\u00e9rico e o Bispo D. Hernaldo Pinto Farias &#8211; Reprodu\u00e7\u00e3o \/ Facebook<\/sub><\/figcaption><\/figure>\n\n\n\n<p>Uma cidade \u00e9 feita de pessoas simples e humildes que constroem sua hist\u00f3ria junto ao seu povo. Em Senhor do Bonfim temos diversos profissionais de diversas \u00e1reas que aqui elevaram e continuam elevando nosso nome e participando de seu desenvolvimento.<\/p>\n\n\n\n<p>Entre essas figuras que formam esta cidade, est\u00e1 o professor Jos\u00e9 Am\u00e9rico Arag\u00e3o. Ex-funcion\u00e1rio do Banco do Brasil e de fam\u00edlia tradicional de Bonfim, hoje atua como professor do Col\u00e9gio Sacramentinas e, ao longo do tempo, se tornou uma pessoa muito querida em nossa cidade.<\/p>\n\n\n\n<p>Muito religioso, participa ativamente das atividades da Igreja Cat\u00f3lica em Senhor do Bonfim.<\/p>\n\n\n\n<p><em>Ao mestre<\/em> nossos parab\u00e9ns <em>com carinho<\/em>.<\/p>\n\n\n\n<figure class=\"wp-block-image aligncenter size-full is-resized\"><a href=\"https:\/\/i0.wp.com\/blogdoeloiltoncajuhy.com.br\/site\/wp-content\/uploads\/2023\/03\/Bonfim_Professor-Jose-Americo-02.jpg\"><img data-recalc-dims=\"1\" decoding=\"async\" src=\"https:\/\/i0.wp.com\/blogdoeloiltoncajuhy.com.br\/site\/wp-content\/uploads\/2023\/03\/Bonfim_Professor-Jose-Americo-02.jpg?resize=723%2C542\" alt=\"\" class=\"wp-image-72995\" width=\"723\" height=\"542\" srcset=\"https:\/\/i0.wp.com\/blogdoeloiltoncajuhy.com.br\/site\/wp-content\/uploads\/2023\/03\/Bonfim_Professor-Jose-Americo-02.jpg?w=640&amp;ssl=1 640w, https:\/\/i0.wp.com\/blogdoeloiltoncajuhy.com.br\/site\/wp-content\/uploads\/2023\/03\/Bonfim_Professor-Jose-Americo-02.jpg?resize=300%2C225&amp;ssl=1 300w\" sizes=\"(max-width: 723px) 100vw, 723px\" \/><\/a><figcaption class=\"wp-element-caption\"><sub>Professor Jos\u00e9 Am\u00e9rico &#8211; Reprodu\u00e7\u00e3o \/ Facebook<\/sub><\/figcaption><\/figure>\n","protected":false},"excerpt":{"rendered":"<p>Blog do Eloilton Cajuhy Uma cidade \u00e9 feita de pessoas simples e humildes que constroem sua hist\u00f3ria junto ao seu povo. Em Senhor do Bonfim temos diversos profissionais de diversas \u00e1reas que aqui elevaram e continuam elevando nosso nome e participando de seu desenvolvimento. Entre essas figuras que formam esta cidade, est\u00e1 o professor Jos\u00e9 [&hellip;]<\/p>\n","protected":false},"author":2,"featured_media":72995,"comment_status":"open","ping_status":"open","sticky":false,"template":"","format":"standard","meta":{"_acf_changed":false,"_monsterinsights_skip_tracking":false,"_monsterinsights_sitenote_active":false,"_monsterinsights_sitenote_note":"","_monsterinsights_sitenote_category":0,"_jetpack_memberships_contains_paid_content":false,"footnotes":"","jetpack_publicize_message":"","jetpack_publicize_feature_enabled":true,"jetpack_social_post_already_shared":true,"jetpack_social_options":{"image_generator_settings":{"template":"highway","default_image_id":0,"font":"","enabled":false},"version":2}},"categories":[12],"tags":[],"class_list":["post-72993","post","type-post","status-publish","format-standard","has-post-thumbnail","hentry","category-gente-que-faz-a-nossa-historia"],"acf":[],"jetpack_publicize_connections":[],"jetpack_featured_media_url":"https:\/\/i0.wp.com\/blogdoeloiltoncajuhy.com.br\/site\/wp-content\/uploads\/2023\/03\/Bonfim_Professor-Jose-Americo-02.jpg?fit=640%2C480&ssl=1","jetpack_sharing_enabled":true,"publishpress_future_workflow_manual_trigger":{"enabledWorkflows":[]},"_links":{"self":[{"href":"https:\/\/blogdoeloiltoncajuhy.com.br\/site\/wp-json\/wp\/v2\/posts\/72993","targetHints":{"allow":["GET"]}}],"collection":[{"href":"https:\/\/blogdoeloiltoncajuhy.com.br\/site\/wp-json\/wp\/v2\/posts"}],"about":[{"href":"https:\/\/blogdoeloiltoncajuhy.com.br\/site\/wp-json\/wp\/v2\/types\/post"}],"author":[{"embeddable":true,"href":"https:\/\/blogdoeloiltoncajuhy.com.br\/site\/wp-json\/wp\/v2\/users\/2"}],"replies":[{"embeddable":true,"href":"https:\/\/blogdoeloiltoncajuhy.com.br\/site\/wp-json\/wp\/v2\/comments?post=72993"}],"version-history":[{"count":2,"href":"https:\/\/blogdoeloiltoncajuhy.com.br\/site\/wp-json\/wp\/v2\/posts\/72993\/revisions"}],"predecessor-version":[{"id":72997,"href":"https:\/\/blogdoeloiltoncajuhy.com.br\/site\/wp-json\/wp\/v2\/posts\/72993\/revisions\/72997"}],"wp:featuredmedia":[{"embeddable":true,"href":"https:\/\/blogdoeloiltoncajuhy.com.br\/site\/wp-json\/wp\/v2\/media\/72995"}],"wp:attachment":[{"href":"https:\/\/blogdoeloiltoncajuhy.com.br\/site\/wp-json\/wp\/v2\/media?parent=72993"}],"wp:term":[{"taxonomy":"category","embeddable":true,"href":"https:\/\/blogdoeloiltoncajuhy.com.br\/site\/wp-json\/wp\/v2\/categories?post=72993"},{"taxonomy":"post_tag","embeddable":true,"href":"https:\/\/blogdoeloiltoncajuhy.com.br\/site\/wp-json\/wp\/v2\/tags?post=72993"}],"curies":[{"name":"wp","href":"https:\/\/api.w.org\/{rel}","templated":true}]}}