{"id":72990,"date":"2023-03-16T06:00:00","date_gmt":"2023-03-16T09:00:00","guid":{"rendered":"http:\/\/blogdoeloiltoncajuhy.com.br\/site\/?p=72990"},"modified":"2023-03-15T19:45:18","modified_gmt":"2023-03-15T22:45:18","slug":"inscricoes-para-o-enem-serao-realizadas-de-5-a-16-de-junho","status":"publish","type":"post","link":"https:\/\/blogdoeloiltoncajuhy.com.br\/site\/inscricoes-para-o-enem-serao-realizadas-de-5-a-16-de-junho\/","title":{"rendered":"Inscri\u00e7\u00f5es para o Enem ser\u00e3o realizadas de 5 a 16 de junho"},"content":{"rendered":"\n<p class=\"has-text-align-center has-medium-font-size\"><em>Provas foram mantidas nos dias 5 e 12 de novembro.<\/em><\/p>\n\n\n\n<p><strong>Por Ag\u00eancia Brasil<\/strong><\/p>\n\n\n\n<figure class=\"wp-block-image aligncenter size-large\"><a href=\"https:\/\/i0.wp.com\/blogdoeloiltoncajuhy.com.br\/site\/wp-content\/uploads\/2023\/03\/Foto_Valter-Campanato_Agencia-Brasil_enem_20221120_0194.jpg\"><img data-recalc-dims=\"1\" fetchpriority=\"high\" decoding=\"async\" width=\"800\" height=\"479\" src=\"https:\/\/i0.wp.com\/blogdoeloiltoncajuhy.com.br\/site\/wp-content\/uploads\/2023\/03\/Foto_Valter-Campanato_Agencia-Brasil_enem_20221120_0194.jpg?resize=800%2C479\" alt=\"\" class=\"wp-image-72991\" srcset=\"https:\/\/i0.wp.com\/blogdoeloiltoncajuhy.com.br\/site\/wp-content\/uploads\/2023\/03\/Foto_Valter-Campanato_Agencia-Brasil_enem_20221120_0194.jpg?resize=1024%2C613&amp;ssl=1 1024w, https:\/\/i0.wp.com\/blogdoeloiltoncajuhy.com.br\/site\/wp-content\/uploads\/2023\/03\/Foto_Valter-Campanato_Agencia-Brasil_enem_20221120_0194.jpg?resize=300%2C179&amp;ssl=1 300w, https:\/\/i0.wp.com\/blogdoeloiltoncajuhy.com.br\/site\/wp-content\/uploads\/2023\/03\/Foto_Valter-Campanato_Agencia-Brasil_enem_20221120_0194.jpg?resize=768%2C459&amp;ssl=1 768w, https:\/\/i0.wp.com\/blogdoeloiltoncajuhy.com.br\/site\/wp-content\/uploads\/2023\/03\/Foto_Valter-Campanato_Agencia-Brasil_enem_20221120_0194.jpg?w=1170&amp;ssl=1 1170w\" sizes=\"(max-width: 800px) 100vw, 800px\" \/><\/a><figcaption class=\"wp-element-caption\"><sub>Foto: Valter Campanato\/Ag\u00eancia Brasil<\/sub><\/figcaption><\/figure>\n\n\n\n<p>O Minist\u00e9rio da Educa\u00e7\u00e3o (MEC) estipulou novo prazo para as inscri\u00e7\u00f5es no Exame Nacional do Ensino M\u00e9dio (Enem Regular 2023).<\/p>\n\n\n\n<p>Segundo a Portaria n\u00ba 116, publicada no Di\u00e1rio Oficial da Uni\u00e3o desta quarta-feira (15), as inscri\u00e7\u00f5es dever\u00e3o ser feitas entre os dias 5 e 16 de junho.<\/p>\n\n\n\n<p>A data das provas, tanto para a vers\u00e3o impressa quanto para a digital, foi mantida nos dias 5 e 12 de novembro deste ano. O gabarito ser\u00e1 divulgado em 24 de novembro e os resultados, em 16 de janeiro de 2024.<\/p>\n\n\n\n<p>De acordo com o Instituto Nacional de Estudos e Pesquisas Educacionais An\u00edsio Teixeira (Inep), foram mantidas as datas do Enem voltado para pessoas privadas de liberdade (PPL), bem como para a reaplica\u00e7\u00e3o do Enem Regular, conforme previsto pela Portaria 575 de dezembro de 2022.<\/p>\n\n\n\n<p>Assim sendo, as inscri\u00e7\u00f5es ser\u00e3o de 9 a 27 de outubro e a aplica\u00e7\u00e3o, nos dias 12 e 13 de dezembro. O gabarito do Enem 2023 para PPL (e para reaplica\u00e7\u00e3o do Enem Regular) ser\u00e1 divulgado no dia 27 de dezembro e os resultados, em 16 de janeiro de 2024.<\/p>\n","protected":false},"excerpt":{"rendered":"<p>Provas foram mantidas nos dias 5 e 12 de novembro. Por Ag\u00eancia Brasil O Minist\u00e9rio da Educa\u00e7\u00e3o (MEC) estipulou novo prazo para as inscri\u00e7\u00f5es no Exame Nacional do Ensino M\u00e9dio (Enem Regular 2023). Segundo a Portaria n\u00ba 116, publicada no Di\u00e1rio Oficial da Uni\u00e3o desta quarta-feira (15), as inscri\u00e7\u00f5es dever\u00e3o ser feitas entre os dias [&hellip;]<\/p>\n","protected":false},"author":2,"featured_media":72991,"comment_status":"open","ping_status":"open","sticky":false,"template":"","format":"standard","meta":{"_acf_changed":false,"_monsterinsights_skip_tracking":false,"_monsterinsights_sitenote_active":false,"_monsterinsights_sitenote_note":"","_monsterinsights_sitenote_category":0,"_jetpack_memberships_contains_paid_content":false,"footnotes":"","jetpack_publicize_message":"","jetpack_publicize_feature_enabled":true,"jetpack_social_post_already_shared":true,"jetpack_social_options":{"image_generator_settings":{"template":"highway","default_image_id":0,"font":"","enabled":false},"version":2}},"categories":[14],"tags":[],"class_list":["post-72990","post","type-post","status-publish","format-standard","has-post-thumbnail","hentry","category-educacao"],"acf":[],"jetpack_publicize_connections":[],"jetpack_featured_media_url":"https:\/\/i0.wp.com\/blogdoeloiltoncajuhy.com.br\/site\/wp-content\/uploads\/2023\/03\/Foto_Valter-Campanato_Agencia-Brasil_enem_20221120_0194.jpg?fit=1170%2C700&ssl=1","jetpack_sharing_enabled":true,"publishpress_future_workflow_manual_trigger":{"enabledWorkflows":[]},"_links":{"self":[{"href":"https:\/\/blogdoeloiltoncajuhy.com.br\/site\/wp-json\/wp\/v2\/posts\/72990","targetHints":{"allow":["GET"]}}],"collection":[{"href":"https:\/\/blogdoeloiltoncajuhy.com.br\/site\/wp-json\/wp\/v2\/posts"}],"about":[{"href":"https:\/\/blogdoeloiltoncajuhy.com.br\/site\/wp-json\/wp\/v2\/types\/post"}],"author":[{"embeddable":true,"href":"https:\/\/blogdoeloiltoncajuhy.com.br\/site\/wp-json\/wp\/v2\/users\/2"}],"replies":[{"embeddable":true,"href":"https:\/\/blogdoeloiltoncajuhy.com.br\/site\/wp-json\/wp\/v2\/comments?post=72990"}],"version-history":[{"count":1,"href":"https:\/\/blogdoeloiltoncajuhy.com.br\/site\/wp-json\/wp\/v2\/posts\/72990\/revisions"}],"predecessor-version":[{"id":72992,"href":"https:\/\/blogdoeloiltoncajuhy.com.br\/site\/wp-json\/wp\/v2\/posts\/72990\/revisions\/72992"}],"wp:featuredmedia":[{"embeddable":true,"href":"https:\/\/blogdoeloiltoncajuhy.com.br\/site\/wp-json\/wp\/v2\/media\/72991"}],"wp:attachment":[{"href":"https:\/\/blogdoeloiltoncajuhy.com.br\/site\/wp-json\/wp\/v2\/media?parent=72990"}],"wp:term":[{"taxonomy":"category","embeddable":true,"href":"https:\/\/blogdoeloiltoncajuhy.com.br\/site\/wp-json\/wp\/v2\/categories?post=72990"},{"taxonomy":"post_tag","embeddable":true,"href":"https:\/\/blogdoeloiltoncajuhy.com.br\/site\/wp-json\/wp\/v2\/tags?post=72990"}],"curies":[{"name":"wp","href":"https:\/\/api.w.org\/{rel}","templated":true}]}}