{"id":72983,"date":"2023-03-16T06:00:00","date_gmt":"2023-03-16T09:00:00","guid":{"rendered":"http:\/\/blogdoeloiltoncajuhy.com.br\/site\/?p=72983"},"modified":"2023-03-15T19:00:25","modified_gmt":"2023-03-15T22:00:25","slug":"mulheres-vitimas-de-violencia-terao-protecao-mais-ampla-dos-servicos-publicos","status":"publish","type":"post","link":"https:\/\/blogdoeloiltoncajuhy.com.br\/site\/mulheres-vitimas-de-violencia-terao-protecao-mais-ampla-dos-servicos-publicos\/","title":{"rendered":"Mulheres v\u00edtimas de viol\u00eancia ter\u00e3o prote\u00e7\u00e3o mais ampla dos servi\u00e7os p\u00fablicos"},"content":{"rendered":"\n<p class=\"has-medium-font-size\"><em>Advogada especialista em direito da mulher explica o que avan\u00e7ou e o que ainda precisa ser melhorado.<\/em><\/p>\n\n\n\n<p><strong>Priscyla Costa<\/strong><\/p>\n\n\n\n<figure class=\"wp-block-image aligncenter size-large\"><a href=\"https:\/\/i0.wp.com\/blogdoeloiltoncajuhy.com.br\/site\/wp-content\/uploads\/2023\/03\/Mulheres-vitimas-de-violencia-terao-protecao-mais-ampla-dos-servicos-publicos-Divulgacao.jpg\"><img data-recalc-dims=\"1\" fetchpriority=\"high\" decoding=\"async\" width=\"800\" height=\"534\" src=\"https:\/\/i0.wp.com\/blogdoeloiltoncajuhy.com.br\/site\/wp-content\/uploads\/2023\/03\/Mulheres-vitimas-de-violencia-terao-protecao-mais-ampla-dos-servicos-publicos-Divulgacao.jpg?resize=800%2C534\" alt=\"\" class=\"wp-image-72984\" srcset=\"https:\/\/i0.wp.com\/blogdoeloiltoncajuhy.com.br\/site\/wp-content\/uploads\/2023\/03\/Mulheres-vitimas-de-violencia-terao-protecao-mais-ampla-dos-servicos-publicos-Divulgacao.jpg?resize=1024%2C683&amp;ssl=1 1024w, https:\/\/i0.wp.com\/blogdoeloiltoncajuhy.com.br\/site\/wp-content\/uploads\/2023\/03\/Mulheres-vitimas-de-violencia-terao-protecao-mais-ampla-dos-servicos-publicos-Divulgacao.jpg?resize=300%2C200&amp;ssl=1 300w, https:\/\/i0.wp.com\/blogdoeloiltoncajuhy.com.br\/site\/wp-content\/uploads\/2023\/03\/Mulheres-vitimas-de-violencia-terao-protecao-mais-ampla-dos-servicos-publicos-Divulgacao.jpg?resize=768%2C512&amp;ssl=1 768w, https:\/\/i0.wp.com\/blogdoeloiltoncajuhy.com.br\/site\/wp-content\/uploads\/2023\/03\/Mulheres-vitimas-de-violencia-terao-protecao-mais-ampla-dos-servicos-publicos-Divulgacao.jpg?resize=1536%2C1024&amp;ssl=1 1536w, https:\/\/i0.wp.com\/blogdoeloiltoncajuhy.com.br\/site\/wp-content\/uploads\/2023\/03\/Mulheres-vitimas-de-violencia-terao-protecao-mais-ampla-dos-servicos-publicos-Divulgacao.jpg?w=1800&amp;ssl=1 1800w, https:\/\/i0.wp.com\/blogdoeloiltoncajuhy.com.br\/site\/wp-content\/uploads\/2023\/03\/Mulheres-vitimas-de-violencia-terao-protecao-mais-ampla-dos-servicos-publicos-Divulgacao.jpg?w=1600 1600w\" sizes=\"(max-width: 800px) 100vw, 800px\" \/><\/a><figcaption class=\"wp-element-caption\"><sub>Mulheres v\u00edtimas de viol\u00eancia ter\u00e3o prote\u00e7\u00e3o mais ampla dos servi\u00e7os p\u00fablicos &#8211; Divulga\u00e7\u00e3o<\/sub><\/figcaption><\/figure>\n\n\n\n<p>J\u00e1 est\u00e1 em vigor o programa <em>\u201cMulher, Viver sem Viol\u00eancia\u201d<\/em>, pol\u00edtica p\u00fablica federal que tem como objetivo ampliar e melhorar os atendimentos dos servi\u00e7os p\u00fablicos voltados para as mulheres em situa\u00e7\u00e3o de viol\u00eancia. O Decreto 11.431\/2023 integra a Pol\u00edtica Nacional de Enfrentamento \u00e0 Viol\u00eancia contra as Mulheres e ser\u00e1 coordenado pelo Minist\u00e9rio das Mulheres. A previs\u00e3o \u00e9 de que sejam destinados R$ 372 milh\u00f5es para a implementa\u00e7\u00e3o de novos centros de atendimento humanizado e especializado no atendimento \u00e0 mulher em situa\u00e7\u00e3o de viol\u00eancia dom\u00e9stica, e a doa\u00e7\u00e3o de viaturas para a Patrulha Maria da Penha.<\/p>\n\n\n\n<p>O programa, no entanto, n\u00e3o \u00e9 uma novidade. As diretrizes previstas no novo decreto est\u00e3o ativas desde 2013 e foram inicialmente desenvolvidas no governo da ex-presidente Dilma Rousseff. A advogada Marilia Golfieri Angella, especialista em direito de fam\u00edlia, g\u00eanero e inf\u00e2ncia e juventude, explica que a principal diferen\u00e7a entre os dois projetos \u00e9 que o atual amplia a atua\u00e7\u00e3o dos Minist\u00e9rios, em especial os vinculados ao trabalho e \u00e0 assist\u00eancia social. J\u00e1 as diretrizes dos \u00f3rg\u00e3os no combate \u00e0 viol\u00eancia continuam as mesmas previstas h\u00e1 10 anos.<\/p>\n\n\n\n<p>\u201cNestes 10 anos, por mais que possamos verificar um avan\u00e7o positivo no combate e no enfrentamento da viol\u00eancia contra a mulher, inclusive com a promulga\u00e7\u00e3o da Lei 13.104\/2015, que torna o feminic\u00eddio um homic\u00eddio qualificado e o coloca no rol de crimes hediondos, com penas mais altas, a inefici\u00eancia do Estado na investiga\u00e7\u00e3o e puni\u00e7\u00e3o dos agressores ainda \u00e9 uma \u00e1rdua realidade\u201d, afirma a advogada.<\/p>\n\n\n\n<p>Segundo Marilia, a dificuldade come\u00e7a pela falta de capacita\u00e7\u00e3o dos funcion\u00e1rios atuantes na linha de frente, com informa\u00e7\u00f5es falsas, falas mis\u00f3ginas e preconceituosas, que podem descredibilizar a mulher e afugent\u00e1-la na hora da den\u00fancia. \u201cMesmo que haja expressa men\u00e7\u00e3o nos decretos de 2013 e de 2023 a respeito da necessidade de capacita\u00e7\u00e3o, qualifica\u00e7\u00e3o e humaniza\u00e7\u00e3o do atendimento, essa n\u00e3o \u00e9 uma constante em todos os estabelecimentos voltados ao combate da viol\u00eancia dom\u00e9stica\u201d, explica a advogada que diariamente trabalha com mulheres que est\u00e3o nessa situa\u00e7\u00e3o.<\/p>\n\n\n\n<p>Al\u00e9m disso, de acordo com Marilia Golfieri Angella, existe a demora na tramita\u00e7\u00e3o dos inqu\u00e9ritos policiais que investigam viol\u00eancia dom\u00e9stica, que levam anos para terem andamento por parte das delegacias, ainda que especializadas. \u201cQuem sofre viol\u00eancia dom\u00e9stica, precisa de urg\u00eancia na resposta. Quem comete viol\u00eancia dom\u00e9stica, igualmente. Se n\u00e3o andarmos a passos largos na melhoria da efici\u00eancia e celeridade, continuaremos enxugando gelo nas a\u00e7\u00f5es de preven\u00e7\u00e3o e informa\u00e7\u00e3o a respeito do tema, pois mulheres continuar\u00e3o com medo de denunciar e os agressores continuar\u00e3o validados a agir da forma como agem\u201d, completa.<\/p>\n\n\n\n<p>Ocorre que na maior parte dos casos, o agressor continua vivendo sua vida normalmente, mantendo seu emprego, vivendo na mesma casa, frequentando os mesmos lugares, enquanto a mulher precisa se afastar de seu territ\u00f3rio, lutar para recuperar sua autoestima e sua sa\u00fade mental, estabilizar\u2011se economicamente junto aos filhos na nova din\u00e2mica familiar, reestabelecer-se fisicamente, entre outras tantas batalhas vivenciadas em decorr\u00eancia das assimetrias de g\u00eanero. &#8220;A sensa\u00e7\u00e3o de impunidade e injusti\u00e7a pairam sob os casos de viol\u00eancia dom\u00e9stica na pr\u00e1tica, o que afeta at\u00e9 mesmo os profissionais que atuam na causa em raz\u00e3o do sentimento de frustra\u00e7\u00e3o e impot\u00eancia\u201d alerta a especialista.<\/p>\n\n\n\n<p>\u201cA melhora da legisla\u00e7\u00e3o ajuda, mas ela precisa ser acompanhada de uma mudan\u00e7a sist\u00eamica no funcionamento dos \u00f3rg\u00e3os, em especial garantindo efici\u00eancia e celeridade nos procedimentos, que garantam o que est\u00e1 escrito, que garantam o cumprimento da lei j\u00e1 vigente\u201d, finaliza.<\/p>\n","protected":false},"excerpt":{"rendered":"<p>Advogada especialista em direito da mulher explica o que avan\u00e7ou e o que ainda precisa ser melhorado. Priscyla Costa J\u00e1 est\u00e1 em vigor o programa \u201cMulher, Viver sem Viol\u00eancia\u201d, pol\u00edtica p\u00fablica federal que tem como objetivo ampliar e melhorar os atendimentos dos servi\u00e7os p\u00fablicos voltados para as mulheres em situa\u00e7\u00e3o de viol\u00eancia. O Decreto 11.431\/2023 [&hellip;]<\/p>\n","protected":false},"author":2,"featured_media":72984,"comment_status":"open","ping_status":"open","sticky":false,"template":"","format":"standard","meta":{"_acf_changed":false,"_monsterinsights_skip_tracking":false,"_monsterinsights_sitenote_active":false,"_monsterinsights_sitenote_note":"","_monsterinsights_sitenote_category":0,"_jetpack_memberships_contains_paid_content":false,"footnotes":"","jetpack_publicize_message":"","jetpack_publicize_feature_enabled":true,"jetpack_social_post_already_shared":true,"jetpack_social_options":{"image_generator_settings":{"template":"highway","default_image_id":0,"font":"","enabled":false},"version":2}},"categories":[5],"tags":[],"class_list":["post-72983","post","type-post","status-publish","format-standard","has-post-thumbnail","hentry","category-cotidiano"],"acf":[],"jetpack_publicize_connections":[],"jetpack_featured_media_url":"https:\/\/i0.wp.com\/blogdoeloiltoncajuhy.com.br\/site\/wp-content\/uploads\/2023\/03\/Mulheres-vitimas-de-violencia-terao-protecao-mais-ampla-dos-servicos-publicos-Divulgacao.jpg?fit=1800%2C1200&ssl=1","jetpack_sharing_enabled":true,"publishpress_future_workflow_manual_trigger":{"enabledWorkflows":[]},"_links":{"self":[{"href":"https:\/\/blogdoeloiltoncajuhy.com.br\/site\/wp-json\/wp\/v2\/posts\/72983","targetHints":{"allow":["GET"]}}],"collection":[{"href":"https:\/\/blogdoeloiltoncajuhy.com.br\/site\/wp-json\/wp\/v2\/posts"}],"about":[{"href":"https:\/\/blogdoeloiltoncajuhy.com.br\/site\/wp-json\/wp\/v2\/types\/post"}],"author":[{"embeddable":true,"href":"https:\/\/blogdoeloiltoncajuhy.com.br\/site\/wp-json\/wp\/v2\/users\/2"}],"replies":[{"embeddable":true,"href":"https:\/\/blogdoeloiltoncajuhy.com.br\/site\/wp-json\/wp\/v2\/comments?post=72983"}],"version-history":[{"count":1,"href":"https:\/\/blogdoeloiltoncajuhy.com.br\/site\/wp-json\/wp\/v2\/posts\/72983\/revisions"}],"predecessor-version":[{"id":72985,"href":"https:\/\/blogdoeloiltoncajuhy.com.br\/site\/wp-json\/wp\/v2\/posts\/72983\/revisions\/72985"}],"wp:featuredmedia":[{"embeddable":true,"href":"https:\/\/blogdoeloiltoncajuhy.com.br\/site\/wp-json\/wp\/v2\/media\/72984"}],"wp:attachment":[{"href":"https:\/\/blogdoeloiltoncajuhy.com.br\/site\/wp-json\/wp\/v2\/media?parent=72983"}],"wp:term":[{"taxonomy":"category","embeddable":true,"href":"https:\/\/blogdoeloiltoncajuhy.com.br\/site\/wp-json\/wp\/v2\/categories?post=72983"},{"taxonomy":"post_tag","embeddable":true,"href":"https:\/\/blogdoeloiltoncajuhy.com.br\/site\/wp-json\/wp\/v2\/tags?post=72983"}],"curies":[{"name":"wp","href":"https:\/\/api.w.org\/{rel}","templated":true}]}}