{"id":72977,"date":"2023-03-15T15:02:15","date_gmt":"2023-03-15T18:02:15","guid":{"rendered":"http:\/\/blogdoeloiltoncajuhy.com.br\/site\/?p=72977"},"modified":"2023-03-15T15:02:18","modified_gmt":"2023-03-15T18:02:18","slug":"25-anos-sem-tim-maia","status":"publish","type":"post","link":"https:\/\/blogdoeloiltoncajuhy.com.br\/site\/25-anos-sem-tim-maia\/","title":{"rendered":"25 anos sem Tim Maia"},"content":{"rendered":"\n<p class=\"has-medium-font-size\"><em>Ecad fez levantamento com as 25 m\u00fasicas mais tocadas do artista nos \u00faltimos 10 anos no Brasil.<\/em><\/p>\n\n\n\n<p><strong>Imprensa Ecad<\/strong><\/p>\n\n\n\n<figure class=\"wp-block-image aligncenter size-full is-resized\"><a href=\"https:\/\/i0.wp.com\/blogdoeloiltoncajuhy.com.br\/site\/wp-content\/uploads\/2022\/09\/tim-maia-15471.png\"><img data-recalc-dims=\"1\" fetchpriority=\"high\" decoding=\"async\" src=\"https:\/\/i0.wp.com\/blogdoeloiltoncajuhy.com.br\/site\/wp-content\/uploads\/2022\/09\/tim-maia-15471.png?resize=768%2C576\" alt=\"\" class=\"wp-image-69034\" width=\"768\" height=\"576\" srcset=\"https:\/\/i0.wp.com\/blogdoeloiltoncajuhy.com.br\/site\/wp-content\/uploads\/2022\/09\/tim-maia-15471.png?w=1024&amp;ssl=1 1024w, https:\/\/i0.wp.com\/blogdoeloiltoncajuhy.com.br\/site\/wp-content\/uploads\/2022\/09\/tim-maia-15471.png?resize=300%2C225&amp;ssl=1 300w, https:\/\/i0.wp.com\/blogdoeloiltoncajuhy.com.br\/site\/wp-content\/uploads\/2022\/09\/tim-maia-15471.png?resize=768%2C576&amp;ssl=1 768w\" sizes=\"(max-width: 768px) 100vw, 768px\" \/><\/a><\/figure>\n\n\n\n<p>A voz inesquec\u00edvel, o jeito irreverente e as can\u00e7\u00f5es marcantes. \u00c9 assim que os f\u00e3s de Tim Maia se lembram dele. H\u00e1 25 anos, no dia 15 de mar\u00e7o de 1998, o cantor e compositor nos deixava. Para lembrar do seu legado musical, o Ecad (Escrit\u00f3rio Central de Arrecada\u00e7\u00e3o e Distribui\u00e7\u00e3o) fez um levantamento das suas 25 m\u00fasicas mais tocadas nos \u00faltimos 10 anos no Brasil.<\/p>\n\n\n\n<p>O estudo apontou que <em>&#8220;N\u00e3o quero dinheiro&#8221;<\/em> ficou na lideran\u00e7a do ranking musical, seguida por <em>&#8220;Voc\u00ea&#8221;<\/em> e <em>&#8220;Azul da cor do mar&#8221;<\/em> na segunda e terceira posi\u00e7\u00f5es. Tim Maia tem 205 obras musicais e 698 grava\u00e7\u00f5es cadastradas no banco de dados do Ecad.<\/p>\n\n\n\n<p>Os herdeiros de Tim Maia continuar\u00e3o a receber os direitos autorais pela execu\u00e7\u00e3o p\u00fablica de suas m\u00fasicas. Esse pagamento \u00e9 assegurado por 70 anos ap\u00f3s a morte do autor (ou do \u00faltimo autor, em caso de parcerias), conforme determina a lei do direito autoral (9.610\/98).<\/p>\n\n\n\n<p class=\"has-black-color has-text-color\"><strong>Ranking das m\u00fasicas de autoria de Tim Maia mais tocadas nos \u00faltimos 10 anos nos principais segmentos de execu\u00e7\u00e3o p\u00fablica<\/strong> (R\u00e1dio, Shows, Sonoriza\u00e7\u00e3o Ambiental, M\u00fasica ao vivo, Casas de Festas e Divers\u00e3o, Carnaval, Festa Junina e Shows)<\/p>\n\n\n\n<figure class=\"wp-block-table\"><table><tbody><tr><td><strong>Posi\u00e7\u00e3o<\/strong><\/td><td><strong>M\u00fasica<\/strong><\/td><td><strong>Autores<\/strong><\/td><\/tr><tr><td>1<\/td><td>N\u00e3o quero dinheiro<\/td><td>Tim Maia<\/td><\/tr><tr><td>2<\/td><td>Voc\u00ea<\/td><td>Tim Maia<\/td><\/tr><tr><td>3<\/td><td>Azul da cor do mar<\/td><td>Tim Maia<\/td><\/tr><tr><td>4<\/td><td>Do leme ao pontal<\/td><td>Tim Maia<\/td><\/tr><tr><td>5<\/td><td>Sossego<\/td><td>Tim Maia<\/td><\/tr><tr><td>6<\/td><td>Vale tudo<\/td><td>Tim Maia<\/td><\/tr><tr><td>7<\/td><td>N\u00e3o vou ficar<\/td><td>Tim Maia<\/td><\/tr><tr><td>8<\/td><td>Imuniza\u00e7\u00e3o racional<\/td><td>Tim Maia<\/td><\/tr><tr><td>9<\/td><td>R\u00e9u confesso<\/td><td>Tim Maia<\/td><\/tr><tr><td>10<\/td><td>Ela partiu<\/td><td>Tim Maia \/ Beto Cajueiro<\/td><\/tr><tr><td>11<\/td><td>Acenda o farol<\/td><td>Tim Maia<\/td><\/tr><tr><td>12<\/td><td>Chocolate<\/td><td>Tim Maia<\/td><\/tr><tr><td>13<\/td><td>Voc\u00ea e eu eu e voc\u00ea<\/td><td>Tim Maia<\/td><\/tr><tr><td>14<\/td><td>Bom senso<\/td><td>Tim Maia<\/td><\/tr><tr><td>15<\/td><td>Quine Bissau Mo\u00e7ambique e Angola<\/td><td>Tim Maia<\/td><\/tr><tr><td>16<\/td><td>Rational culture<\/td><td>Tim Maia<\/td><\/tr><tr><td>17<\/td><td>Essa tal felicidade<\/td><td>Tim Maia<\/td><\/tr><tr><td>18<\/td><td>Cristina<\/td><td>Tim Maia \/ Bill Cesar<\/td><\/tr><tr><td>19<\/td><td>Se me lembro faz doer<\/td><td>Tim Maia<\/td><\/tr><tr><td>20<\/td><td>Meu pa\u00eds<\/td><td>Tim Maia<\/td><\/tr><tr><td>21<\/td><td>Vou com g\u00e1s<\/td><td>Tim Maia<\/td><\/tr><tr><td>22<\/td><td>A fim de voltar<\/td><td>Tim Maia \/ Hyldon<\/td><\/tr><tr><td>23<\/td><td>These are the songs<\/td><td>Tim Maia<\/td><\/tr><tr><td>24<\/td><td>Padre Cicero<\/td><td>Tim Maia \/ Cassiano<\/td><\/tr><tr><td>25<\/td><td>Se me levam eu vou<\/td><td>Tim Maia<\/td><\/tr><\/tbody><\/table><\/figure>\n","protected":false},"excerpt":{"rendered":"<p>Ecad fez levantamento com as 25 m\u00fasicas mais tocadas do artista nos \u00faltimos 10 anos no Brasil. Imprensa Ecad A voz inesquec\u00edvel, o jeito irreverente e as can\u00e7\u00f5es marcantes. \u00c9 assim que os f\u00e3s de Tim Maia se lembram dele. H\u00e1 25 anos, no dia 15 de mar\u00e7o de 1998, o cantor e compositor nos [&hellip;]<\/p>\n","protected":false},"author":2,"featured_media":69034,"comment_status":"open","ping_status":"open","sticky":false,"template":"","format":"standard","meta":{"_acf_changed":false,"_monsterinsights_skip_tracking":false,"_monsterinsights_sitenote_active":false,"_monsterinsights_sitenote_note":"","_monsterinsights_sitenote_category":0,"_jetpack_memberships_contains_paid_content":false,"footnotes":"","jetpack_publicize_message":"","jetpack_publicize_feature_enabled":true,"jetpack_social_post_already_shared":true,"jetpack_social_options":{"image_generator_settings":{"template":"highway","default_image_id":0,"font":"","enabled":false},"version":2}},"categories":[8],"tags":[],"class_list":["post-72977","post","type-post","status-publish","format-standard","has-post-thumbnail","hentry","category-cultura"],"acf":[],"jetpack_publicize_connections":[],"jetpack_featured_media_url":"https:\/\/i0.wp.com\/blogdoeloiltoncajuhy.com.br\/site\/wp-content\/uploads\/2022\/09\/tim-maia-15471.png?fit=1024%2C768&ssl=1","jetpack_sharing_enabled":true,"publishpress_future_workflow_manual_trigger":{"enabledWorkflows":[]},"_links":{"self":[{"href":"https:\/\/blogdoeloiltoncajuhy.com.br\/site\/wp-json\/wp\/v2\/posts\/72977","targetHints":{"allow":["GET"]}}],"collection":[{"href":"https:\/\/blogdoeloiltoncajuhy.com.br\/site\/wp-json\/wp\/v2\/posts"}],"about":[{"href":"https:\/\/blogdoeloiltoncajuhy.com.br\/site\/wp-json\/wp\/v2\/types\/post"}],"author":[{"embeddable":true,"href":"https:\/\/blogdoeloiltoncajuhy.com.br\/site\/wp-json\/wp\/v2\/users\/2"}],"replies":[{"embeddable":true,"href":"https:\/\/blogdoeloiltoncajuhy.com.br\/site\/wp-json\/wp\/v2\/comments?post=72977"}],"version-history":[{"count":1,"href":"https:\/\/blogdoeloiltoncajuhy.com.br\/site\/wp-json\/wp\/v2\/posts\/72977\/revisions"}],"predecessor-version":[{"id":72978,"href":"https:\/\/blogdoeloiltoncajuhy.com.br\/site\/wp-json\/wp\/v2\/posts\/72977\/revisions\/72978"}],"wp:featuredmedia":[{"embeddable":true,"href":"https:\/\/blogdoeloiltoncajuhy.com.br\/site\/wp-json\/wp\/v2\/media\/69034"}],"wp:attachment":[{"href":"https:\/\/blogdoeloiltoncajuhy.com.br\/site\/wp-json\/wp\/v2\/media?parent=72977"}],"wp:term":[{"taxonomy":"category","embeddable":true,"href":"https:\/\/blogdoeloiltoncajuhy.com.br\/site\/wp-json\/wp\/v2\/categories?post=72977"},{"taxonomy":"post_tag","embeddable":true,"href":"https:\/\/blogdoeloiltoncajuhy.com.br\/site\/wp-json\/wp\/v2\/tags?post=72977"}],"curies":[{"name":"wp","href":"https:\/\/api.w.org\/{rel}","templated":true}]}}