{"id":72944,"date":"2023-03-15T06:00:00","date_gmt":"2023-03-15T09:00:00","guid":{"rendered":"http:\/\/blogdoeloiltoncajuhy.com.br\/site\/?p=72944"},"modified":"2023-03-14T16:46:10","modified_gmt":"2023-03-14T19:46:10","slug":"autor-de-belas-cancoes-oswaldo-montenegro-faz-aniversario-nesta-quarta-feira-15","status":"publish","type":"post","link":"https:\/\/blogdoeloiltoncajuhy.com.br\/site\/autor-de-belas-cancoes-oswaldo-montenegro-faz-aniversario-nesta-quarta-feira-15\/","title":{"rendered":"Autor de belas can\u00e7\u00f5es, Oswaldo Montenegro faz anivers\u00e1rio nesta quarta-feira (15)"},"content":{"rendered":"\n<p><strong>Por Wikip\u00e9dia<\/strong><\/p>\n\n\n\n<figure class=\"wp-block-image aligncenter size-full\"><a href=\"https:\/\/i0.wp.com\/blogdoeloiltoncajuhy.com.br\/site\/wp-content\/uploads\/2023\/03\/Oswaldo-Montenegro.webp\"><img data-recalc-dims=\"1\" fetchpriority=\"high\" decoding=\"async\" width=\"700\" height=\"499\" src=\"https:\/\/i0.wp.com\/blogdoeloiltoncajuhy.com.br\/site\/wp-content\/uploads\/2023\/03\/Oswaldo-Montenegro.webp?resize=700%2C499\" alt=\"\" class=\"wp-image-72945\" srcset=\"https:\/\/i0.wp.com\/blogdoeloiltoncajuhy.com.br\/site\/wp-content\/uploads\/2023\/03\/Oswaldo-Montenegro.webp?w=700&amp;ssl=1 700w, https:\/\/i0.wp.com\/blogdoeloiltoncajuhy.com.br\/site\/wp-content\/uploads\/2023\/03\/Oswaldo-Montenegro.webp?resize=300%2C214&amp;ssl=1 300w\" sizes=\"(max-width: 700px) 100vw, 700px\" \/><\/a><\/figure>\n\n\n\n<p><strong>Oswaldo Viveiros Montenegro<\/strong> nasceu no Rio de Janeiro, em 15 de mar\u00e7o de 1956. Al\u00e9m de cantor, comp\u00f5e trilhas sonoras para pe\u00e7as teatrais, bal\u00e9s, cinema e televis\u00e3o. Tem uma das parcerias mais s\u00f3lidas da MPB ao lado de Madalena Salles, que o acompanha com suas flautas.<\/p>\n\n\n\n<p>A decis\u00e3o de se tornar um m\u00fasico profissional veio com a mudan\u00e7a para Bras\u00edlia, em 1971. Na capital federal, come\u00e7ou a ter contato com festivais e grupos de teatro e de dan\u00e7a estudantis. Fez seus primeiros shows e aos 17 anos a decis\u00e3o de viver da m\u00fasica se tornou definitiva. Mudou-se novamente para o Rio, mas j\u00e1 havia adotado Bras\u00edlia como a terra de seu cora\u00e7\u00e3o e tema constante de sua obra.<\/p>\n\n\n\n<p>Morando no Rio mas com os olhos e o cora\u00e7\u00e3o postos em Bras\u00edlia, sua carreira deslanchou. Teve m\u00fasica classificada no \u00faltimo Festival da Can\u00e7\u00e3o da Rede Globo, o primeiro de repercuss\u00e3o nacional de que participou (1972), escreveu e encenou seu primeiro musical (1974-1975), lan\u00e7ou tr\u00eas discos em tr\u00eas anos (1975-8) e ficou em 3\u00b0 lugar no festival na TV Tupi com seu primeiro megassucesso, Bandolins (1979).<\/p>\n\n\n\n<p>Em 1980, venceu o Festival MPB 80 da Rede Globo de Televis\u00e3o com a can\u00e7\u00e3o Agonia, do amigo de inf\u00e2ncia Mongol.<\/p>\n\n\n\n<figure class=\"wp-block-embed is-type-video is-provider-youtube wp-block-embed-youtube wp-embed-aspect-16-9 wp-has-aspect-ratio\"><div class=\"wp-block-embed__wrapper\">\n<iframe title=\"Bandolins, de Oswaldo Montenegro\" width=\"800\" height=\"450\" src=\"https:\/\/www.youtube.com\/embed\/pWeZZhOsBPY?feature=oembed\" frameborder=\"0\" allow=\"accelerometer; autoplay; clipboard-write; encrypted-media; gyroscope; picture-in-picture; web-share\" allowfullscreen><\/iframe>\n<\/div><\/figure>\n","protected":false},"excerpt":{"rendered":"<p>Por Wikip\u00e9dia Oswaldo Viveiros Montenegro nasceu no Rio de Janeiro, em 15 de mar\u00e7o de 1956. Al\u00e9m de cantor, comp\u00f5e trilhas sonoras para pe\u00e7as teatrais, bal\u00e9s, cinema e televis\u00e3o. Tem uma das parcerias mais s\u00f3lidas da MPB ao lado de Madalena Salles, que o acompanha com suas flautas. A decis\u00e3o de se tornar um m\u00fasico [&hellip;]<\/p>\n","protected":false},"author":2,"featured_media":72945,"comment_status":"open","ping_status":"open","sticky":false,"template":"","format":"standard","meta":{"_acf_changed":false,"_monsterinsights_skip_tracking":false,"_monsterinsights_sitenote_active":false,"_monsterinsights_sitenote_note":"","_monsterinsights_sitenote_category":0,"_jetpack_memberships_contains_paid_content":false,"footnotes":"","jetpack_publicize_message":"","jetpack_publicize_feature_enabled":true,"jetpack_social_post_already_shared":true,"jetpack_social_options":{"image_generator_settings":{"template":"highway","default_image_id":0,"font":"","enabled":false},"version":2}},"categories":[12],"tags":[],"class_list":["post-72944","post","type-post","status-publish","format-standard","has-post-thumbnail","hentry","category-gente-que-faz-a-nossa-historia"],"acf":[],"jetpack_publicize_connections":[],"jetpack_featured_media_url":"https:\/\/i0.wp.com\/blogdoeloiltoncajuhy.com.br\/site\/wp-content\/uploads\/2023\/03\/Oswaldo-Montenegro.webp?fit=700%2C499&ssl=1","jetpack_sharing_enabled":true,"publishpress_future_workflow_manual_trigger":{"enabledWorkflows":[]},"_links":{"self":[{"href":"https:\/\/blogdoeloiltoncajuhy.com.br\/site\/wp-json\/wp\/v2\/posts\/72944","targetHints":{"allow":["GET"]}}],"collection":[{"href":"https:\/\/blogdoeloiltoncajuhy.com.br\/site\/wp-json\/wp\/v2\/posts"}],"about":[{"href":"https:\/\/blogdoeloiltoncajuhy.com.br\/site\/wp-json\/wp\/v2\/types\/post"}],"author":[{"embeddable":true,"href":"https:\/\/blogdoeloiltoncajuhy.com.br\/site\/wp-json\/wp\/v2\/users\/2"}],"replies":[{"embeddable":true,"href":"https:\/\/blogdoeloiltoncajuhy.com.br\/site\/wp-json\/wp\/v2\/comments?post=72944"}],"version-history":[{"count":1,"href":"https:\/\/blogdoeloiltoncajuhy.com.br\/site\/wp-json\/wp\/v2\/posts\/72944\/revisions"}],"predecessor-version":[{"id":72946,"href":"https:\/\/blogdoeloiltoncajuhy.com.br\/site\/wp-json\/wp\/v2\/posts\/72944\/revisions\/72946"}],"wp:featuredmedia":[{"embeddable":true,"href":"https:\/\/blogdoeloiltoncajuhy.com.br\/site\/wp-json\/wp\/v2\/media\/72945"}],"wp:attachment":[{"href":"https:\/\/blogdoeloiltoncajuhy.com.br\/site\/wp-json\/wp\/v2\/media?parent=72944"}],"wp:term":[{"taxonomy":"category","embeddable":true,"href":"https:\/\/blogdoeloiltoncajuhy.com.br\/site\/wp-json\/wp\/v2\/categories?post=72944"},{"taxonomy":"post_tag","embeddable":true,"href":"https:\/\/blogdoeloiltoncajuhy.com.br\/site\/wp-json\/wp\/v2\/tags?post=72944"}],"curies":[{"name":"wp","href":"https:\/\/api.w.org\/{rel}","templated":true}]}}