{"id":72940,"date":"2023-03-15T06:00:00","date_gmt":"2023-03-15T09:00:00","guid":{"rendered":"http:\/\/blogdoeloiltoncajuhy.com.br\/site\/?p=72940"},"modified":"2023-03-14T16:32:02","modified_gmt":"2023-03-14T19:32:02","slug":"15-de-marco-dia-mundial-do-consumidor","status":"publish","type":"post","link":"https:\/\/blogdoeloiltoncajuhy.com.br\/site\/15-de-marco-dia-mundial-do-consumidor\/","title":{"rendered":"15 de mar\u00e7o &#8211; Dia Mundial do Consumidor"},"content":{"rendered":"\n<p><strong>Por Oi Educa<\/strong><\/p>\n\n\n\n<figure class=\"wp-block-image aligncenter size-large is-resized\"><a href=\"https:\/\/i0.wp.com\/blogdoeloiltoncajuhy.com.br\/site\/wp-content\/uploads\/2023\/03\/Consumidor-01-Pexels-Tirachard-Kumtanom.jpg\"><img data-recalc-dims=\"1\" fetchpriority=\"high\" decoding=\"async\" src=\"https:\/\/i0.wp.com\/blogdoeloiltoncajuhy.com.br\/site\/wp-content\/uploads\/2023\/03\/Consumidor-01-Pexels-Tirachard-Kumtanom.jpg?resize=654%2C436\" alt=\"\" class=\"wp-image-72941\" width=\"654\" height=\"436\" srcset=\"https:\/\/i0.wp.com\/blogdoeloiltoncajuhy.com.br\/site\/wp-content\/uploads\/2023\/03\/Consumidor-01-Pexels-Tirachard-Kumtanom.jpg?resize=1024%2C683&amp;ssl=1 1024w, https:\/\/i0.wp.com\/blogdoeloiltoncajuhy.com.br\/site\/wp-content\/uploads\/2023\/03\/Consumidor-01-Pexels-Tirachard-Kumtanom.jpg?resize=300%2C200&amp;ssl=1 300w, https:\/\/i0.wp.com\/blogdoeloiltoncajuhy.com.br\/site\/wp-content\/uploads\/2023\/03\/Consumidor-01-Pexels-Tirachard-Kumtanom.jpg?resize=768%2C512&amp;ssl=1 768w, https:\/\/i0.wp.com\/blogdoeloiltoncajuhy.com.br\/site\/wp-content\/uploads\/2023\/03\/Consumidor-01-Pexels-Tirachard-Kumtanom.jpg?w=1280&amp;ssl=1 1280w\" sizes=\"(max-width: 654px) 100vw, 654px\" \/><\/a><figcaption class=\"wp-element-caption\"><sub>Foto: Pexels\/Tirachard Kumtanom<\/sub><\/figcaption><\/figure>\n\n\n\n<p>No dia 15 de mar\u00e7o de 1962, o presidente John Kennedy enviou ao Congresso Americano uma mensagem que reconhecia os direitos do consumidor, quanto \u00e0 seguran\u00e7a, \u00e0 informa\u00e7\u00e3o, \u00e0 livre escolha dos produtos e o direito a ser ouvido e, por isso, essa data foi escolhida como o Dia Mundial do Consumidor.<\/p>\n\n\n\n<p>Ao longo dos anos, desenvolveu-se a prote\u00e7\u00e3o jur\u00eddica ao consumidor, com a multiplica\u00e7\u00e3o de iniciativas de regulamenta\u00e7\u00e3o nos mais diversos pa\u00edses. No Brasil, o dia 10 de mar\u00e7o marca o anivers\u00e1rio da vig\u00eancia do C\u00f3digo de Defesa do Consumidor (CDC).<\/p>\n\n\n\n<p>De acordo com o c\u00f3digo brasileiro, os consumidores que se sentirem lesados podem se dirigir ao Procon (Programa de Prote\u00e7\u00e3o e Orienta\u00e7\u00e3o ao Consumidor). Este \u00f3rg\u00e3o tem o objetivo de prestar informa\u00e7\u00f5es, orientar e conscientizar o consumidor sobre seus direitos e deveres.<\/p>\n\n\n\n<figure class=\"wp-block-image aligncenter size-large is-resized\"><a href=\"https:\/\/i0.wp.com\/blogdoeloiltoncajuhy.com.br\/site\/wp-content\/uploads\/2023\/03\/Consumidor-02-Pexels-Tom-Fisk.jpg\"><img data-recalc-dims=\"1\" decoding=\"async\" src=\"https:\/\/i0.wp.com\/blogdoeloiltoncajuhy.com.br\/site\/wp-content\/uploads\/2023\/03\/Consumidor-02-Pexels-Tom-Fisk.jpg?resize=435%2C659\" alt=\"\" class=\"wp-image-72942\" width=\"435\" height=\"659\" srcset=\"https:\/\/i0.wp.com\/blogdoeloiltoncajuhy.com.br\/site\/wp-content\/uploads\/2023\/03\/Consumidor-02-Pexels-Tom-Fisk.jpg?resize=675%2C1024&amp;ssl=1 675w, https:\/\/i0.wp.com\/blogdoeloiltoncajuhy.com.br\/site\/wp-content\/uploads\/2023\/03\/Consumidor-02-Pexels-Tom-Fisk.jpg?resize=198%2C300&amp;ssl=1 198w, https:\/\/i0.wp.com\/blogdoeloiltoncajuhy.com.br\/site\/wp-content\/uploads\/2023\/03\/Consumidor-02-Pexels-Tom-Fisk.jpg?resize=768%2C1166&amp;ssl=1 768w, https:\/\/i0.wp.com\/blogdoeloiltoncajuhy.com.br\/site\/wp-content\/uploads\/2023\/03\/Consumidor-02-Pexels-Tom-Fisk.jpg?resize=1012%2C1536&amp;ssl=1 1012w, https:\/\/i0.wp.com\/blogdoeloiltoncajuhy.com.br\/site\/wp-content\/uploads\/2023\/03\/Consumidor-02-Pexels-Tom-Fisk.jpg?w=1280&amp;ssl=1 1280w\" sizes=\"(max-width: 435px) 100vw, 435px\" \/><\/a><figcaption class=\"wp-element-caption\"><sub>Foto: Pexels\/Tom Fisk<\/sub><\/figcaption><\/figure>\n","protected":false},"excerpt":{"rendered":"<p>Por Oi Educa No dia 15 de mar\u00e7o de 1962, o presidente John Kennedy enviou ao Congresso Americano uma mensagem que reconhecia os direitos do consumidor, quanto \u00e0 seguran\u00e7a, \u00e0 informa\u00e7\u00e3o, \u00e0 livre escolha dos produtos e o direito a ser ouvido e, por isso, essa data foi escolhida como o Dia Mundial do Consumidor. [&hellip;]<\/p>\n","protected":false},"author":2,"featured_media":72942,"comment_status":"open","ping_status":"open","sticky":false,"template":"","format":"standard","meta":{"_acf_changed":false,"_monsterinsights_skip_tracking":false,"_monsterinsights_sitenote_active":false,"_monsterinsights_sitenote_note":"","_monsterinsights_sitenote_category":0,"_jetpack_memberships_contains_paid_content":false,"footnotes":"","jetpack_publicize_message":"","jetpack_publicize_feature_enabled":true,"jetpack_social_post_already_shared":true,"jetpack_social_options":{"image_generator_settings":{"template":"highway","default_image_id":0,"font":"","enabled":false},"version":2}},"categories":[5],"tags":[],"class_list":["post-72940","post","type-post","status-publish","format-standard","has-post-thumbnail","hentry","category-cotidiano"],"acf":[],"jetpack_publicize_connections":[],"jetpack_featured_media_url":"https:\/\/i0.wp.com\/blogdoeloiltoncajuhy.com.br\/site\/wp-content\/uploads\/2023\/03\/Consumidor-02-Pexels-Tom-Fisk.jpg?fit=1280%2C1943&ssl=1","jetpack_sharing_enabled":true,"publishpress_future_workflow_manual_trigger":{"enabledWorkflows":[]},"_links":{"self":[{"href":"https:\/\/blogdoeloiltoncajuhy.com.br\/site\/wp-json\/wp\/v2\/posts\/72940","targetHints":{"allow":["GET"]}}],"collection":[{"href":"https:\/\/blogdoeloiltoncajuhy.com.br\/site\/wp-json\/wp\/v2\/posts"}],"about":[{"href":"https:\/\/blogdoeloiltoncajuhy.com.br\/site\/wp-json\/wp\/v2\/types\/post"}],"author":[{"embeddable":true,"href":"https:\/\/blogdoeloiltoncajuhy.com.br\/site\/wp-json\/wp\/v2\/users\/2"}],"replies":[{"embeddable":true,"href":"https:\/\/blogdoeloiltoncajuhy.com.br\/site\/wp-json\/wp\/v2\/comments?post=72940"}],"version-history":[{"count":1,"href":"https:\/\/blogdoeloiltoncajuhy.com.br\/site\/wp-json\/wp\/v2\/posts\/72940\/revisions"}],"predecessor-version":[{"id":72943,"href":"https:\/\/blogdoeloiltoncajuhy.com.br\/site\/wp-json\/wp\/v2\/posts\/72940\/revisions\/72943"}],"wp:featuredmedia":[{"embeddable":true,"href":"https:\/\/blogdoeloiltoncajuhy.com.br\/site\/wp-json\/wp\/v2\/media\/72942"}],"wp:attachment":[{"href":"https:\/\/blogdoeloiltoncajuhy.com.br\/site\/wp-json\/wp\/v2\/media?parent=72940"}],"wp:term":[{"taxonomy":"category","embeddable":true,"href":"https:\/\/blogdoeloiltoncajuhy.com.br\/site\/wp-json\/wp\/v2\/categories?post=72940"},{"taxonomy":"post_tag","embeddable":true,"href":"https:\/\/blogdoeloiltoncajuhy.com.br\/site\/wp-json\/wp\/v2\/tags?post=72940"}],"curies":[{"name":"wp","href":"https:\/\/api.w.org\/{rel}","templated":true}]}}